{"id":2551,"date":"2025-04-04T11:09:10","date_gmt":"2025-04-04T11:09:10","guid":{"rendered":"https:\/\/www.europesays.com\/fr\/2551\/"},"modified":"2025-04-04T11:09:10","modified_gmt":"2025-04-04T11:09:10","slug":"une-femme-meurt-apres-avoir-ete-percutee-par-un-poids-lourd-une-enquete-ouverte","status":"publish","type":"post","link":"https:\/\/www.europesays.com\/fr\/2551\/","title":{"rendered":"une femme meurt apr\u00e8s avoir \u00e9t\u00e9 percut\u00e9e par un poids lourd, une enqu\u00eate ouverte"},"content":{"rendered":"<p>            Par<br \/>\n        <strong><br \/>\n            <a href=\"https:\/\/actu.fr\/auteur\/sarah-coulet\" title=\"Consulter tous les articles de Sarah Coulet\" rel=\"nofollow noopener\" target=\"_blank\">Sarah Coulet<\/a><br \/>\n        <\/strong><\/p>\n<p>        Publi\u00e9 le<\/p>\n<p>            4 avr. 2025 \u00e0 9h19        <\/p>\n<p>Sc\u00e8ne dramatique qui s\u2019est d\u00e9roul\u00e9e ce jeudi 3 avril 2025 \u00e0 Paris dans le 18e arrondissement. Une femme est d\u00e9c\u00e9d\u00e9e apr\u00e8s avoir \u00e9t\u00e9 <strong>percut\u00e9e par un poids lourd<\/strong>, a appris\u00a0<a href=\"https:\/\/actu.fr\/paris\/dernieres-actus\" rel=\"nofollow noopener\" target=\"_blank\">actu Paris<\/a> de source polici\u00e8re, confirmant une information du\u00a0<a href=\"https:\/\/www.leparisien.fr\/paris-75\/paris-une-femme-decede-porte-de-clignancourt-apres-avoir-ete-percutee-par-un-poids-lourd-03-04-2025-BSTRYT6L4NBFNLKIXEMFOBLK5A.php\" rel=\"nofollow noopener\" target=\"_blank\">Parisien<\/a>.\u00a0<\/p>\n<p>Les secours impuissants<\/p>\n<p class=\" wall-content\">D\u2019apr\u00e8s les premiers \u00e9l\u00e9ments de l\u2019enqu\u00eate, les faits se sont d\u00e9roul\u00e9s en d\u00e9but de matin\u00e9e, aux alentours de 10h30, \u00e0 l\u2019angle des <strong>boulevards Ornano et Ney<\/strong>. Alors qu\u2019il red\u00e9marrait au feu vert, le chauffeur d\u2019un poids lourd a percut\u00e9 une femme, \u00e2g\u00e9e d\u2019une cinquantaine d\u2019ann\u00e9es, qui aurait travers\u00e9 en dehors des passages pi\u00e9tons.\u00a0<\/p>\n<p class=\" wall-content\">Il n\u2019a pas pu l\u2019\u00e9viter et a percut\u00e9 la victime. Malgr\u00e9 l\u2019intervention rapide des secours, la quinquag\u00e9naire est d\u00e9c\u00e9d\u00e9e.\u00a0Conform\u00e9ment \u00e0 la proc\u00e9dure, il a \u00e9t\u00e9 soumis \u00e0 des <strong>d\u00e9pistages de drogue et d\u2019alcool<\/strong> qui se sont r\u00e9v\u00e9l\u00e9s n\u00e9gatifs.<\/p>\n<p class=\" wall-content\">Une <strong>enqu\u00eate a \u00e9t\u00e9 ouverte<\/strong> et confi\u00e9e aux services de la <a href=\"https:\/\/actu.fr\/tag\/prefecture-de-police-de-paris\" rel=\"nofollow noopener\" target=\"_blank\">pr\u00e9fecture de police de Paris<\/a>.<\/p>\n<p class=\" wall-content\">Suivez toute l\u2019actualit\u00e9 de vos villes et m\u00e9dias favoris en vous inscrivant \u00e0 <a href=\"https:\/\/moncompte.actu.fr\" title=\"D\u00e9couvez Mon Actu\" rel=\"nofollow noopener\" data-trk=\"{&quot;cta&quot;:{&quot;action&quot;:&quot;https:\\\/\\\/moncompte.actu.fr&quot;,&quot;category&quot;:&quot;mon compte&quot;,&quot;from&quot;:&quot;article footer&quot;,&quot;name&quot;:&quot;Mon actu&quot;,&quot;type&quot;:&quot;cta&quot;}}\" target=\"_blank\">Mon Actu<\/a>.<\/p>\n<ul class=\"ac-article-tag wall-content\">\n<li><a href=\"https:\/\/actu.fr\/tag\/accident\" data-trk=\"{&quot;cta&quot;:{&quot;action&quot;:&quot;Accident&quot;,&quot;category&quot;:&quot;tag&quot;,&quot;from&quot;:&quot;article footer&quot;,&quot;name&quot;:&quot;Accident&quot;,&quot;type&quot;:&quot;cta&quot;}}\" rel=\"nofollow noopener\" target=\"_blank\">#Accident<\/a><\/li>\n<li><a href=\"https:\/\/actu.fr\/tag\/prefecture-de-police-de-paris\" data-trk=\"{&quot;cta&quot;:{&quot;action&quot;:&quot;Pr\\u00e9fecture de Police de Paris&quot;,&quot;category&quot;:&quot;tag&quot;,&quot;from&quot;:&quot;article footer&quot;,&quot;name&quot;:&quot;Pr\\u00e9fecture de Police de Paris&quot;,&quot;type&quot;:&quot;cta&quot;}}\" rel=\"nofollow noopener\" target=\"_blank\">#Pr\u00e9fecture de Police de Paris<\/a><\/li>\n<\/ul>\n","protected":false},"excerpt":{"rendered":"Par Sarah Coulet Publi\u00e9 le 4 avr. 2025 \u00e0 9h19 Sc\u00e8ne dramatique qui s\u2019est d\u00e9roul\u00e9e ce jeudi 3&hellip;\n","protected":false},"author":2,"featured_media":2552,"comment_status":"","ping_status":"","sticky":false,"template":"","format":"standard","meta":{"footnotes":""},"categories":[1888],"tags":[119,11,1777,674,118,1011,27,12,626,1931,25],"class_list":{"0":"post-2551","1":"post","2":"type-post","3":"status-publish","4":"format-standard","5":"has-post-thumbnail","7":"category-paris","8":"tag-accident","9":"tag-actualites","10":"tag-eu","11":"tag-europe","12":"tag-faits-divers","13":"tag-fr","14":"tag-france","15":"tag-news","16":"tag-paris","17":"tag-prefecture-de-police-de-paris","18":"tag-republique-francaise"},"share_on_mastodon":{"url":"https:\/\/pubeurope.com\/@fr\/114279387282544961","error":""},"_links":{"self":[{"href":"https:\/\/www.europesays.com\/fr\/wp-json\/wp\/v2\/posts\/2551","targetHints":{"allow":["GET"]}}],"collection":[{"href":"https:\/\/www.europesays.com\/fr\/wp-json\/wp\/v2\/posts"}],"about":[{"href":"https:\/\/www.europesays.com\/fr\/wp-json\/wp\/v2\/types\/post"}],"author":[{"embeddable":true,"href":"https:\/\/www.europesays.com\/fr\/wp-json\/wp\/v2\/users\/2"}],"replies":[{"embeddable":true,"href":"https:\/\/www.europesays.com\/fr\/wp-json\/wp\/v2\/comments?post=2551"}],"version-history":[{"count":0,"href":"https:\/\/www.europesays.com\/fr\/wp-json\/wp\/v2\/posts\/2551\/revisions"}],"wp:featuredmedia":[{"embeddable":true,"href":"https:\/\/www.europesays.com\/fr\/wp-json\/wp\/v2\/media\/2552"}],"wp:attachment":[{"href":"https:\/\/www.europesays.com\/fr\/wp-json\/wp\/v2\/media?parent=2551"}],"wp:term":[{"taxonomy":"category","embeddable":true,"href":"https:\/\/www.europesays.com\/fr\/wp-json\/wp\/v2\/categories?post=2551"},{"taxonomy":"post_tag","embeddable":true,"href":"https:\/\/www.europesays.com\/fr\/wp-json\/wp\/v2\/tags?post=2551"}],"curies":[{"name":"wp","href":"https:\/\/api.w.org\/{rel}","templated":true}]}}