{"id":255110,"date":"2025-07-18T00:08:10","date_gmt":"2025-07-18T00:08:10","guid":{"rendered":"https:\/\/www.europesays.com\/fr\/255110\/"},"modified":"2025-07-18T00:08:10","modified_gmt":"2025-07-18T00:08:10","slug":"la-ville-de-drap-debaptise-son-boulevard-stalingrad-la-russie-voit-rouge","status":"publish","type":"post","link":"https:\/\/www.europesays.com\/fr\/255110\/","title":{"rendered":"La ville de Drap d\u00e9baptise son boulevard Stalingrad\u2026 La Russie voit rouge"},"content":{"rendered":"<p>La commune de Drap, dans les <a href=\"https:\/\/www.20minutes.fr\/societe\/alpes-maritimes\/\" target=\"_blank\" class=\"color-ultramarine c-link\" rel=\"noopener\">Alpes-Maritimes<\/a>, fait face \u00e0 une temp\u00eate politique et symbolique depuis sa d\u00e9cision de rebaptiser le boulevard Stalingrad. L\u2019ambassade de <a href=\"https:\/\/www.20minutes.fr\/monde\/russie\/\" target=\"_blank\" class=\"color-ultramarine c-link\" rel=\"noopener\">Russie<\/a> en France a vivement r\u00e9agi en d\u00e9non\u00e7ant une \u00ab\u00a0d\u00e9cision honteuse\u00a0\u00bb et une \u00ab\u00a0tentative inqui\u00e9tante de r\u00e9\u00e9criture de l\u2019histoire\u00a0\u00bb, apr\u00e8s le vote du <a href=\"https:\/\/www.20minutes.fr\/dossier\/conseil_municipal\" target=\"_blank\" class=\"color-ultramarine c-link\" rel=\"noopener\">conseil municipal<\/a> du 4\u00a0juillet actant ce changement.<\/p>\n<p>Le nouveau nom, boulevard des Rives du Paillon, fait d\u00e9sormais r\u00e9f\u00e9rence au fleuve local. Mais pour <a href=\"https:\/\/www.20minutes.fr\/monde\/moscou\/\" target=\"_blank\" class=\"color-ultramarine c-link\" rel=\"noopener\">Moscou<\/a>, ce choix n\u2019est pas anodin. \u00ab\u00a0Le cynisme de l\u2019un des arguments avanc\u00e9s est particuli\u00e8rement frappant\u00a0\u00bb, fustige l\u2019ambassade dans un message publi\u00e9 sur <a href=\"https:\/\/www.20minutes.fr\/high-tech\/telegram\/\" target=\"_blank\" class=\"color-ultramarine c-link\" rel=\"noopener\">Telegram<\/a>. \u00ab\u00a0C\u2019est \u00e0 Stalingrad que les forces sovi\u00e9tiques ont inflig\u00e9 une d\u00e9faite d\u00e9cisive \u00e0 la Wehrmacht, pr\u00e9cipitant l\u2019effondrement de l\u2019Allemagne <a href=\"https:\/\/www.20minutes.fr\/dossier\/nazi\" target=\"_blank\" class=\"color-ultramarine c-link\" rel=\"noopener\">nazie<\/a> et contribuant \u00e0 la lib\u00e9ration de l\u2019<a href=\"https:\/\/www.20minutes.fr\/dossier\/europe\" target=\"_blank\" class=\"color-ultramarine c-link\" rel=\"noopener\">Europe<\/a>.\u00a0\u00bb<\/p>\n<\/p>\n<p>La majorit\u00e9 municipale assume son choix<\/p>\n<p>A l\u2019origine de la pol\u00e9mique, les propos de l\u2019adjointe au maire Alexandra Russo, qui a estim\u00e9 dans les colonnes de Nice-Matin que \u00ab\u00a0la bataille de Stalingrad n\u2019est pas une fiert\u00e9 historique\u00a0\u00bb et qu\u2019\u00ab\u00a0il ne faut plus mettre en avant ces grandes batailles du pass\u00e9 qui ne sont pas des grands moments pour la France\u00a0\u00bb. Des d\u00e9clarations jug\u00e9es \u00ab\u00a0flagrantes\u00a0\u00bb dans leur d\u00e9formation des faits par l\u2019ambassade de Russie.<\/p>\n<p><a href=\"https:\/\/www.20minutes.fr\/societe\/alpes-maritimes\/\" target=\"_blank\" class=\"c-link c-btn c-btn--primary\" rel=\"noopener\">Toute l&rsquo;actualit\u00e9 des Alpes-Maritimes<\/a><\/p>\n<p>Le maire (divers droite) Robert Nardelli a tent\u00e9 de nuancer, reconnaissant que son adjointe \u00e9tait \u00ab\u00a0all\u00e9e un peu loin dans ses propos\u00a0\u00bb, tout en assumant la d\u00e9cision de la majorit\u00e9 municipale. Au niveau local, l\u2019<a href=\"https:\/\/www.20minutes.fr\/monde\/opposition\/\" target=\"_blank\" class=\"color-ultramarine c-link\" rel=\"noopener\">opposition<\/a> n\u2019a pas tard\u00e9 \u00e0 r\u00e9agir. Le collectif Alternative <a href=\"https:\/\/www.20minutes.fr\/politique\/pcf\/\" target=\"_blank\" class=\"color-ultramarine c-link\" rel=\"noopener\">Communiste<\/a> 06 s\u2019est indign\u00e9 dans un communiqu\u00e9\u00a0: \u00ab\u00a0Doit-on comprendre que la municipalit\u00e9 de Drap regrette officiellement ce moment de l\u2019histoire et qu\u2019elle aurait pr\u00e9f\u00e9r\u00e9 une victoire nazie\u00a0?\u00a0\u00bb<\/p>\n","protected":false},"excerpt":{"rendered":"La commune de Drap, dans les Alpes-Maritimes, fait face \u00e0 une temp\u00eate politique et symbolique depuis sa d\u00e9cision&hellip;\n","protected":false},"author":2,"featured_media":255111,"comment_status":"","ping_status":"","sticky":false,"template":"","format":"standard","meta":{"footnotes":""},"categories":[1591],"tags":[47,11,2898,34005,1984,1887,5107,1916,12,883,882,3640,1885,1886,132,104,20937,22806],"class_list":{"0":"post-255110","1":"post","2":"type-post","3":"status-publish","4":"format-standard","5":"has-post-thumbnail","7":"category-russie","8":"tag-actualite","9":"tag-actualites","10":"tag-alpes-maritimes","11":"tag-communisme","12":"tag-conseil-municipal","13":"tag-federation-de-russie","14":"tag-maire","15":"tag-moscou","16":"tag-news","17":"tag-paca","18":"tag-provence-alpes-cote-dazur","19":"tag-rue","20":"tag-russia","21":"tag-russian-federation","22":"tag-russie","23":"tag-societe","24":"tag-staline","25":"tag-telegram"},"share_on_mastodon":{"url":"https:\/\/pubeurope.com\/@fr\/114871330649110413","error":""},"_links":{"self":[{"href":"https:\/\/www.europesays.com\/fr\/wp-json\/wp\/v2\/posts\/255110","targetHints":{"allow":["GET"]}}],"collection":[{"href":"https:\/\/www.europesays.com\/fr\/wp-json\/wp\/v2\/posts"}],"about":[{"href":"https:\/\/www.europesays.com\/fr\/wp-json\/wp\/v2\/types\/post"}],"author":[{"embeddable":true,"href":"https:\/\/www.europesays.com\/fr\/wp-json\/wp\/v2\/users\/2"}],"replies":[{"embeddable":true,"href":"https:\/\/www.europesays.com\/fr\/wp-json\/wp\/v2\/comments?post=255110"}],"version-history":[{"count":0,"href":"https:\/\/www.europesays.com\/fr\/wp-json\/wp\/v2\/posts\/255110\/revisions"}],"wp:featuredmedia":[{"embeddable":true,"href":"https:\/\/www.europesays.com\/fr\/wp-json\/wp\/v2\/media\/255111"}],"wp:attachment":[{"href":"https:\/\/www.europesays.com\/fr\/wp-json\/wp\/v2\/media?parent=255110"}],"wp:term":[{"taxonomy":"category","embeddable":true,"href":"https:\/\/www.europesays.com\/fr\/wp-json\/wp\/v2\/categories?post=255110"},{"taxonomy":"post_tag","embeddable":true,"href":"https:\/\/www.europesays.com\/fr\/wp-json\/wp\/v2\/tags?post=255110"}],"curies":[{"name":"wp","href":"https:\/\/api.w.org\/{rel}","templated":true}]}}