{"id":255112,"date":"2025-07-18T00:09:17","date_gmt":"2025-07-18T00:09:17","guid":{"rendered":"https:\/\/www.europesays.com\/fr\/255112\/"},"modified":"2025-07-18T00:09:17","modified_gmt":"2025-07-18T00:09:17","slug":"guerre-en-ukraine-les-etats-unis-disent-agir-rapidement-pour-fournir-les-armes-promises","status":"publish","type":"post","link":"https:\/\/www.europesays.com\/fr\/255112\/","title":{"rendered":"Guerre en Ukraine : les \u00c9tats-Unis disent agir \u00ab\u00a0rapidement\u00a0\u00bb pour fournir les armes promises"},"content":{"rendered":"<p>La Russie a affirm\u00e9 ce jeudi matin avoir intercept\u00e9 126 drones au-dessus de son territoire, faisant \u00e9tat d&rsquo;un mort et de 4 bless\u00e9s parmi les civils dans les frappes.<\/p>\n<p>Les forces antia\u00e9riennes russes ont intercept\u00e9 et d\u00e9truit 122 drones dans la nuit et 4 autres dans la matin\u00e9e, la plupart dans les r\u00e9gions du sud-ouest, frontali\u00e8res de l&rsquo;Ukraine, mais aussi 3 dans la r\u00e9gion Moscou, a pr\u00e9cis\u00e9 le minist\u00e8re de la D\u00e9fense dans un communiqu\u00e9 publi\u00e9 sur Telegram.<\/p>\n<p>Une femme a \u00e9t\u00e9 tu\u00e9e et un homme &#8211; un civil &#8211; bless\u00e9 dans la nuit de mercredi \u00e0 jeudi par une frappe de drone ukrainien dans la r\u00e9gion de Belgorod, a de son c\u00f4t\u00e9 indiqu\u00e9 sur Telegram le gouverneur de la r\u00e9gion, Viatcheslav Gladkov. 3 adolescents ont par ailleurs \u00e9t\u00e9 bless\u00e9s dans la nuit dans la r\u00e9gion de Voronej, dans le sud-ouest du pays, par des fragments de drone abattu au-dessus d&rsquo;un immeuble, a affirm\u00e9 le gouverneur de la r\u00e9gion, Alexandre Goussev, sur Telegram.\u00a0<\/p>\n","protected":false},"excerpt":{"rendered":"La Russie a affirm\u00e9 ce jeudi matin avoir intercept\u00e9 126 drones au-dessus de son territoire, faisant \u00e9tat d&rsquo;un&hellip;\n","protected":false},"author":2,"featured_media":255113,"comment_status":"","ping_status":"","sticky":false,"template":"","format":"standard","meta":{"footnotes":""},"categories":[1590],"tags":[1111,11,1921,75,1777,674,28083,1922,12,136,132,220,1917,133,1920,135,134],"class_list":{"0":"post-255112","1":"post","2":"type-post","3":"status-publish","4":"format-standard","5":"has-post-thumbnail","7":"category-ukraine","8":"tag-actu","9":"tag-actualites","10":"tag-article-video","11":"tag-donald-trump","12":"tag-eu","13":"tag-europe","14":"tag-guerre-en-ukraine-une-treve-sera-t-elle-possible","15":"tag-info","16":"tag-news","17":"tag-otan","18":"tag-russie","19":"tag-ukraine","20":"tag-ukraine-4-annee-de-guerre","21":"tag-video","22":"tag-video-international","23":"tag-vladimir-poutine","24":"tag-volodymyr-zelensky"},"share_on_mastodon":{"url":"https:\/\/pubeurope.com\/@fr\/114871334616766695","error":""},"_links":{"self":[{"href":"https:\/\/www.europesays.com\/fr\/wp-json\/wp\/v2\/posts\/255112","targetHints":{"allow":["GET"]}}],"collection":[{"href":"https:\/\/www.europesays.com\/fr\/wp-json\/wp\/v2\/posts"}],"about":[{"href":"https:\/\/www.europesays.com\/fr\/wp-json\/wp\/v2\/types\/post"}],"author":[{"embeddable":true,"href":"https:\/\/www.europesays.com\/fr\/wp-json\/wp\/v2\/users\/2"}],"replies":[{"embeddable":true,"href":"https:\/\/www.europesays.com\/fr\/wp-json\/wp\/v2\/comments?post=255112"}],"version-history":[{"count":0,"href":"https:\/\/www.europesays.com\/fr\/wp-json\/wp\/v2\/posts\/255112\/revisions"}],"wp:featuredmedia":[{"embeddable":true,"href":"https:\/\/www.europesays.com\/fr\/wp-json\/wp\/v2\/media\/255113"}],"wp:attachment":[{"href":"https:\/\/www.europesays.com\/fr\/wp-json\/wp\/v2\/media?parent=255112"}],"wp:term":[{"taxonomy":"category","embeddable":true,"href":"https:\/\/www.europesays.com\/fr\/wp-json\/wp\/v2\/categories?post=255112"},{"taxonomy":"post_tag","embeddable":true,"href":"https:\/\/www.europesays.com\/fr\/wp-json\/wp\/v2\/tags?post=255112"}],"curies":[{"name":"wp","href":"https:\/\/api.w.org\/{rel}","templated":true}]}}