{"id":255114,"date":"2025-07-18T00:10:13","date_gmt":"2025-07-18T00:10:13","guid":{"rendered":"https:\/\/www.europesays.com\/fr\/255114\/"},"modified":"2025-07-18T00:10:13","modified_gmt":"2025-07-18T00:10:13","slug":"usa-trump-diagnostique-dune-insuffisance-veineuse","status":"publish","type":"post","link":"https:\/\/www.europesays.com\/fr\/255114\/","title":{"rendered":"USA: Trump diagnostiqu\u00e9 d&rsquo;une insuffisance veineuse"},"content":{"rendered":"<p>WASHINGTON (Reuters) &#8211;     Le pr\u00e9sident am\u00e9ricain Donald Trump a \u00e9t\u00e9 diagnostiqu\u00e9 d&rsquo;une insuffisance veineuse apr\u00e8s avoir \u00e9t\u00e9 examin\u00e9 par son m\u00e9decin pour un gonflement au niveau des jambes et des ecchymoses au niveau des mains, a fait savoir jeudi la Maison blanche.<\/p>\n<p>\n              La porte-parole de la Maison blanche, Karoline Leavitt, qui a lu une lettre \u00e9crite par le m\u00e9decin de Donald Trump lors d&rsquo;un point de presse, a d\u00e9clar\u00e9 que ces deux affections \u00e9taient b\u00e9nignes. <\/p>\n<p>\n              Cette d\u00e9claration intervient alors que des rumeurs sur l&rsquo;\u00e9tat de sant\u00e9 du pr\u00e9sident am\u00e9ricain ont circul\u00e9 en ligne apr\u00e8s la diffusion de photos montrant les chevilles gonfl\u00e9es de Donald Trump ou ses mains portant des traces de maquillage.<\/p>\n<p>\n              La Maison blanche a publi\u00e9 la lettre du m\u00e9decin de Donald Trump, Sean Barbabella, dans laquelle il est indiqu\u00e9 que le locataire de la Maison blanche a \u00e9t\u00e9 soumis \u00e0 plusieurs examens en lien avec ces probl\u00e8mes.<\/p>\n<p>\n              Une \u00e9chographie des jambes de Donald Trump \u00ab\u00a0a r\u00e9v\u00e9l\u00e9 une insuffisance veineuse chronique, une affection b\u00e9nigne et courante, en particulier chez les personnes \u00e2g\u00e9es de plus de 70 ans\u00a0\u00bb, a d\u00e9clar\u00e9 Sean Barbabella, pr\u00e9cisant que rien n&rsquo;indiquait que le pr\u00e9sident am\u00e9ricain souffre d&rsquo;une thrombose veineuse profonde ou une maladie art\u00e9rielle.<\/p>\n<p>\n              Des examens compl\u00e9mentaires n&rsquo;ont r\u00e9v\u00e9l\u00e9 aucun signe d&rsquo;insuffisance cardiaque, d&rsquo;insuffisance r\u00e9nale ou de maladie syst\u00e9mique, a pr\u00e9cis\u00e9 Sean Barbabella.<\/p>\n<p>\n              Selon lui, les ecchymoses visibles sur le dos de la main droite du locataire de la Maison blanche \u00ab\u00a0concordent avec une l\u00e9g\u00e8re irritation des tissus mous due \u00e0 de fr\u00e9quentes poign\u00e9es de mains et \u00e0 la prise d&rsquo;aspirine, administr\u00e9e dans le cadre d&rsquo;un traitement standard de pr\u00e9vention (des maladies) cardiovasculaire(s)\u00a0\u00bb.<\/p>\n<p>\n              \u00ab\u00a0Le pr\u00e9sident Trump reste en excellente sant\u00e9\u00a0\u00bb, a ajout\u00e9 Sean Barbabella .<\/p>\n<p> (Avec Nancy Lapid; version fran\u00e7aise Camille Raynaud)<\/p>\n<p>\n            par Steve Holland et Christian  Martinez<\/p>\n","protected":false},"excerpt":{"rendered":"WASHINGTON (Reuters) &#8211; Le pr\u00e9sident am\u00e9ricain Donald Trump a \u00e9t\u00e9 diagnostiqu\u00e9 d&rsquo;une insuffisance veineuse apr\u00e8s avoir \u00e9t\u00e9 examin\u00e9&hellip;\n","protected":false},"author":2,"featured_media":255115,"comment_status":"","ping_status":"","sticky":false,"template":"","format":"standard","meta":{"footnotes":""},"categories":[1589],"tags":[11,340,73,1866,12,1864,1865,1863,308],"class_list":{"0":"post-255114","1":"post","2":"type-post","3":"status-publish","4":"format-standard","5":"has-post-thumbnail","7":"category-etats-unis","8":"tag-actualites","9":"tag-bourse","10":"tag-etats-unis","11":"tag-etats-unis-damerique","12":"tag-news","13":"tag-united-states","14":"tag-united-states-of-america","15":"tag-us","16":"tag-usa"},"share_on_mastodon":{"url":"https:\/\/pubeurope.com\/@fr\/114871338518797667","error":""},"_links":{"self":[{"href":"https:\/\/www.europesays.com\/fr\/wp-json\/wp\/v2\/posts\/255114","targetHints":{"allow":["GET"]}}],"collection":[{"href":"https:\/\/www.europesays.com\/fr\/wp-json\/wp\/v2\/posts"}],"about":[{"href":"https:\/\/www.europesays.com\/fr\/wp-json\/wp\/v2\/types\/post"}],"author":[{"embeddable":true,"href":"https:\/\/www.europesays.com\/fr\/wp-json\/wp\/v2\/users\/2"}],"replies":[{"embeddable":true,"href":"https:\/\/www.europesays.com\/fr\/wp-json\/wp\/v2\/comments?post=255114"}],"version-history":[{"count":0,"href":"https:\/\/www.europesays.com\/fr\/wp-json\/wp\/v2\/posts\/255114\/revisions"}],"wp:featuredmedia":[{"embeddable":true,"href":"https:\/\/www.europesays.com\/fr\/wp-json\/wp\/v2\/media\/255115"}],"wp:attachment":[{"href":"https:\/\/www.europesays.com\/fr\/wp-json\/wp\/v2\/media?parent=255114"}],"wp:term":[{"taxonomy":"category","embeddable":true,"href":"https:\/\/www.europesays.com\/fr\/wp-json\/wp\/v2\/categories?post=255114"},{"taxonomy":"post_tag","embeddable":true,"href":"https:\/\/www.europesays.com\/fr\/wp-json\/wp\/v2\/tags?post=255114"}],"curies":[{"name":"wp","href":"https:\/\/api.w.org\/{rel}","templated":true}]}}