{"id":255118,"date":"2025-07-18T00:12:13","date_gmt":"2025-07-18T00:12:13","guid":{"rendered":"https:\/\/www.europesays.com\/fr\/255118\/"},"modified":"2025-07-18T00:12:13","modified_gmt":"2025-07-18T00:12:13","slug":"arrestation-en-allemagne-dun-haut-responsable-securitaire-libyen","status":"publish","type":"post","link":"https:\/\/www.europesays.com\/fr\/255118\/","title":{"rendered":"Arrestation en Allemagne d\u2019un haut responsable s\u00e9curitaire libyen"},"content":{"rendered":"<p>Facebook<br \/>\nTwitter<br \/>\nLinkedIn<br \/>\nWhatsApp<\/p>\n<p>Les autorit\u00e9s allemandes ont arr\u00eat\u00e9 Khaled al-Hichri, assistant du chef de la police judiciaire libyenne, Ousama Anjem, dit \u00ab\u00a0Al-Bouti\u00a0\u00bb, recherch\u00e9 par la Cour p\u00e9nale internationale.<\/p>\n<p>Le journal italien La Stampa a rapport\u00e9 qu\u2019Al-Bouti faisait l\u2019objet d\u2019une enqu\u00eate devant la Cour p\u00e9nale internationale de La Haye, o\u00f9 les autorit\u00e9s allemandes envisagent actuellement la possibilit\u00e9 de son extradition.<\/p>\n<p>Al-Hichri est l\u2019un des principaux dirigeants de la \u00ab\u00a0Force d\u2019intervention rapide\u00a0\u00bb, accus\u00e9e d\u2019abus dans les prisons libyennes, selon le rapport 2021 du Groupe d\u2019experts des Nations Unies.<\/p>\n<p>Cette arrestation intervient quelques semaines apr\u00e8s que le parquet libyen ait annonc\u00e9 l\u2019ouverture de poursuites contre Oussama Anjem lui-m\u00eame, suite \u00e0 la lev\u00e9e des restrictions proc\u00e9durales qui lui avaient \u00e9t\u00e9 impos\u00e9es par le minist\u00e8re de la Justice.<\/p>\n<p>Anjem a eu son premier interrogatoire le 28 avril 2025, au cours duquel il a \u00e9t\u00e9 inform\u00e9 des accusations port\u00e9es contre lui. Le parquet a annonc\u00e9 le report de l\u2019interrogatoire pour compl\u00e9ter sa coop\u00e9ration avec la Cour internationale et rassembler les preuves requises.<\/p>\n<p>\u00a0<\/p>\n<p>\u00a0<\/p>\n<p>Facebook<br \/>\nTwitter<br \/>\nLinkedIn<br \/>\nWhatsApp<\/p>\n<p>\n                                                <b>Que se passe-t-il en Tunisie?<\/b><br \/>Nous expliquons sur notre <a href=\"https:\/\/www.youtube.com\/channel\/UCRzypVq0B_yBad5eGrwBx0Q?sub_confirmation=1\" target=\"_blank\" rel=\"nofollow noopener\">cha\u00eene YouTube<\/a> . <a href=\"https:\/\/www.youtube.com\/channel\/UCRzypVq0B_yBad5eGrwBx0Q?sub_confirmation=1\" target=\"_blank\" rel=\"nofollow noopener\">Abonnez-vous!<\/a><\/p>\n<p>\t\t\t\t\t\t\t\t\t\t\t\t\t\t\t\t\t\t\t\t\t\t\t\t\t<img decoding=\"async\" src=\"https:\/\/www.europesays.com\/fr\/wp-content\/uploads\/2025\/05\/Logo-Tn1-1-3.png\"\/><\/p>\n","protected":false},"excerpt":{"rendered":"Facebook Twitter LinkedIn WhatsApp Les autorit\u00e9s allemandes ont arr\u00eat\u00e9 Khaled al-Hichri, assistant du chef de la police judiciaire&hellip;\n","protected":false},"author":2,"featured_media":255119,"comment_status":"","ping_status":"","sticky":false,"template":"","format":"standard","meta":{"footnotes":""},"categories":[1587],"tags":[11,672,2441,1804,1805,1803,1777,674,1801,39527,39528,39529,12,1802,39530],"class_list":{"0":"post-255118","1":"post","2":"type-post","3":"status-publish","4":"format-standard","5":"has-post-thumbnail","7":"category-allemagne","8":"tag-actualites","9":"tag-allemagne","10":"tag-arrestation","11":"tag-bundesrepublik-deutschland","12":"tag-de","13":"tag-deutschland","14":"tag-eu","15":"tag-europe","16":"tag-germany","17":"tag-haut-responsable","18":"tag-khaled-al-hichri","19":"tag-libyen","20":"tag-news","21":"tag-republique-federale-dallemagne","22":"tag-securitaire"},"share_on_mastodon":{"url":"https:\/\/pubeurope.com\/@fr\/114871346424445332","error":""},"_links":{"self":[{"href":"https:\/\/www.europesays.com\/fr\/wp-json\/wp\/v2\/posts\/255118","targetHints":{"allow":["GET"]}}],"collection":[{"href":"https:\/\/www.europesays.com\/fr\/wp-json\/wp\/v2\/posts"}],"about":[{"href":"https:\/\/www.europesays.com\/fr\/wp-json\/wp\/v2\/types\/post"}],"author":[{"embeddable":true,"href":"https:\/\/www.europesays.com\/fr\/wp-json\/wp\/v2\/users\/2"}],"replies":[{"embeddable":true,"href":"https:\/\/www.europesays.com\/fr\/wp-json\/wp\/v2\/comments?post=255118"}],"version-history":[{"count":0,"href":"https:\/\/www.europesays.com\/fr\/wp-json\/wp\/v2\/posts\/255118\/revisions"}],"wp:featuredmedia":[{"embeddable":true,"href":"https:\/\/www.europesays.com\/fr\/wp-json\/wp\/v2\/media\/255119"}],"wp:attachment":[{"href":"https:\/\/www.europesays.com\/fr\/wp-json\/wp\/v2\/media?parent=255118"}],"wp:term":[{"taxonomy":"category","embeddable":true,"href":"https:\/\/www.europesays.com\/fr\/wp-json\/wp\/v2\/categories?post=255118"},{"taxonomy":"post_tag","embeddable":true,"href":"https:\/\/www.europesays.com\/fr\/wp-json\/wp\/v2\/tags?post=255118"}],"curies":[{"name":"wp","href":"https:\/\/api.w.org\/{rel}","templated":true}]}}