{"id":255122,"date":"2025-07-18T00:14:10","date_gmt":"2025-07-18T00:14:10","guid":{"rendered":"https:\/\/www.europesays.com\/fr\/255122\/"},"modified":"2025-07-18T00:14:10","modified_gmt":"2025-07-18T00:14:10","slug":"lislande-va-entamer-des-discussions-sur-un-partenariat-de-defense-avec-lue","status":"publish","type":"post","link":"https:\/\/www.europesays.com\/fr\/255122\/","title":{"rendered":"L&rsquo;Islande va entamer des discussions sur un partenariat de d\u00e9fense avec l&rsquo;UE"},"content":{"rendered":"<p>La pr\u00e9sidente de la Commission europ\u00e9enne, Ursula von der Leyen, a annonc\u00e9 jeudi que l&rsquo;UE allait entamer des discussions sur un partenariat de s\u00e9curit\u00e9 et de d\u00e9fense avec l&rsquo;Islande.<\/p>\n<p>\u00ab\u00a0Nous coop\u00e9rerons plus \u00e9troitement sur la r\u00e9ponse aux menaces hybrides, la protection civile et les communications s\u00e9curis\u00e9es\u00a0\u00bb, a d\u00e9clar\u00e9 la cheffe de l&rsquo;ex\u00e9cutif europ\u00e9en dans un post sur X apr\u00e8s une conf\u00e9rence de presse \u00e0 Keflav\u00edk avec la Premi\u00e8re ministre islandais Kristr\u00fan Frostad\u00f3ttir.<\/p>\n<p>La dirigeante islandaise a d\u00e9clar\u00e9 qu&rsquo;elle esp\u00e9rait que les n\u00e9gociations aboutiraient d&rsquo;ici la fin de l&rsquo;ann\u00e9e.<\/p>\n<p>\u00ab\u00a0Il est tr\u00e8s important pour nous de montrer que nous pouvons coop\u00e9rer en mati\u00e8re d&rsquo;infrastructures critiques, de protection civile, d&rsquo;investissements de d\u00e9fense \u00e0 double usage, ce qui inclut \u00e9galement les menaces hybrides et cybern\u00e9tiques\u00a0\u00bb, a-t-elle ajout\u00e9.<\/p>\n<p>Cet accord avec l&rsquo;UE est ind\u00e9pendant de l&rsquo;adh\u00e9sion de l&rsquo;Islande \u00e0 l&rsquo;OTAN et des accords de d\u00e9fense existants avec les \u00c9tats-Unis, souligne le radiodiffuseur public islandais R\u00daV.<\/p>\n<p>Avec cet accord, l&rsquo;Islande devient un partenaire privil\u00e9gi\u00e9, en ce qui concerne la politique de s\u00e9curit\u00e9 commune.<\/p>\n<p>\u00ab\u00a0Il y a d\u00e9j\u00e0 huit pays alli\u00e9s de l&rsquo;UE, dont la Norv\u00e8ge, le Royaume-Uni et le Canada. Avec cet accord, vous [l&rsquo;Islande ]aurez acc\u00e8s \u00e0 notre projet SAFE, qui investit environ 150 milliards d&rsquo;euros par an dans la s\u00e9curit\u00e9 et la d\u00e9fense\u00a0\u00bb, a d\u00e9clar\u00e9 von der Leyen.<\/p>\n<p>Lors de la r\u00e9union, Kristr\u00fan Frostad\u00f3ttir a \u00e9galement fait savoir qu&rsquo;une r\u00e9vision compl\u00e8te des conditions commerciales de l&rsquo;Islande avec l&rsquo;Union europ\u00e9enne, annonc\u00e9e pour d\u00e9cembre 2023, commencerait bient\u00f4t.<\/p>\n<p>Le gouvernement islandais a d\u00e9clar\u00e9 en d\u00e9cembre qu&rsquo;il souhaitait soumettre la question de l&rsquo;adh\u00e9sion \u00e0 l&rsquo;UE \u00e0 un r\u00e9f\u00e9rendum d&rsquo;ici 2027.<\/p>\n<p><b class=\"c-widget-related__title__text\">Related<\/b><\/p>\n<p>Reykjavik a \u00e9galement indiqu\u00e9 qu&rsquo;elle mettrait en place un groupe d&rsquo;experts charg\u00e9 d&rsquo;\u00e9tudier les avantages et les inconv\u00e9nients du maintien de la couronne islandaise par rapport \u00e0 l&rsquo;euro.<\/p>\n<p>Selon un sondage r\u00e9alis\u00e9 en juin dernier par la soci\u00e9t\u00e9 d&rsquo;\u00e9tudes Mask\u00edna, la population islandaise est de plus en plus favorable \u00e0 l&rsquo;adh\u00e9sion \u00e0 l&rsquo;UE.<\/p>\n<p>Ce sondage a r\u00e9v\u00e9l\u00e9 qu&rsquo;un peu plus de 54 % des personnes interrog\u00e9es \u00e9taient favorables \u00e0 l&rsquo;adh\u00e9sion, la majorit\u00e9 d&rsquo;entre elles estimant que la situation financi\u00e8re des m\u00e9nages serait meilleure si l&rsquo;Islande faisait partie de l&rsquo;Union.<\/p>\n<p>Il s&rsquo;agit l\u00e0 d&rsquo;un changement important en faveur de l&rsquo;adh\u00e9sion dans un pays qui s&rsquo;est g\u00e9n\u00e9ralement montr\u00e9 r\u00e9ticent \u00e0 l&rsquo;id\u00e9e de rejoindre l&rsquo;UE.<\/p>\n","protected":false},"excerpt":{"rendered":"La pr\u00e9sidente de la Commission europ\u00e9enne, Ursula von der Leyen, a annonc\u00e9 jeudi que l&rsquo;UE allait entamer des&hellip;\n","protected":false},"author":2,"featured_media":255123,"comment_status":"","ping_status":"","sticky":false,"template":"","format":"standard","meta":{"footnotes":""},"categories":[1586],"tags":[11,1777,674,1779,14852,1011,27,39538,1861,39537,12,25,1778,364,2544],"class_list":{"0":"post-255122","1":"post","2":"type-post","3":"status-publish","4":"format-standard","5":"has-post-thumbnail","7":"category-europe","8":"tag-actualites","9":"tag-eu","10":"tag-europe","11":"tag-european-union","12":"tag-fin-de-lannee","13":"tag-fr","14":"tag-france","15":"tag-gouvernement-islandais","16":"tag-lue","17":"tag-lislande","18":"tag-news","19":"tag-republique-francaise","20":"tag-ue","21":"tag-union-europeenne","22":"tag-ursula-von-der-leyen"},"share_on_mastodon":{"url":"https:\/\/pubeurope.com\/@fr\/114871354241431564","error":""},"_links":{"self":[{"href":"https:\/\/www.europesays.com\/fr\/wp-json\/wp\/v2\/posts\/255122","targetHints":{"allow":["GET"]}}],"collection":[{"href":"https:\/\/www.europesays.com\/fr\/wp-json\/wp\/v2\/posts"}],"about":[{"href":"https:\/\/www.europesays.com\/fr\/wp-json\/wp\/v2\/types\/post"}],"author":[{"embeddable":true,"href":"https:\/\/www.europesays.com\/fr\/wp-json\/wp\/v2\/users\/2"}],"replies":[{"embeddable":true,"href":"https:\/\/www.europesays.com\/fr\/wp-json\/wp\/v2\/comments?post=255122"}],"version-history":[{"count":0,"href":"https:\/\/www.europesays.com\/fr\/wp-json\/wp\/v2\/posts\/255122\/revisions"}],"wp:featuredmedia":[{"embeddable":true,"href":"https:\/\/www.europesays.com\/fr\/wp-json\/wp\/v2\/media\/255123"}],"wp:attachment":[{"href":"https:\/\/www.europesays.com\/fr\/wp-json\/wp\/v2\/media?parent=255122"}],"wp:term":[{"taxonomy":"category","embeddable":true,"href":"https:\/\/www.europesays.com\/fr\/wp-json\/wp\/v2\/categories?post=255122"},{"taxonomy":"post_tag","embeddable":true,"href":"https:\/\/www.europesays.com\/fr\/wp-json\/wp\/v2\/tags?post=255122"}],"curies":[{"name":"wp","href":"https:\/\/api.w.org\/{rel}","templated":true}]}}