{"id":255132,"date":"2025-07-18T00:20:11","date_gmt":"2025-07-18T00:20:11","guid":{"rendered":"https:\/\/www.europesays.com\/fr\/255132\/"},"modified":"2025-07-18T00:20:11","modified_gmt":"2025-07-18T00:20:11","slug":"cest-un-moment-dont-je-reve-depuis-que-je-suis-gosse","status":"publish","type":"post","link":"https:\/\/www.europesays.com\/fr\/255132\/","title":{"rendered":"C&rsquo;est un moment dont je r\u00eave depuis que je suis gosse"},"content":{"rendered":"<p>            Par<br \/>\n        <strong><br \/>\n            <a href=\"https:\/\/actu.fr\/auteur\/redaction-rugby\" title=\"Consulter tous les articles de R\u00e9daction Rugby\" rel=\"nofollow noopener\" target=\"_blank\">R\u00e9daction Rugby<\/a><br \/>\n        <\/strong><\/p>\n<p>        Publi\u00e9 le<\/p>\n<p>            17 juil. 2025 \u00e0 17h02        <\/p>\n<p>D\u2019une pierre, deux coups. Convoqu\u00e9 avec <a href=\"https:\/\/actu.fr\/rugby\/xv-de-france\" rel=\"nofollow noopener\" target=\"_blank\">le XV de France<\/a> pour la tourn\u00e9e en Nouvelle-Z\u00e9lande, <strong>Paul Mallez<\/strong> a r\u00e9alis\u00e9 deux premi\u00e8res. Il est \u00e0 la fois le premier Meurthe-et-Mosellan \u2013 n\u00e9 \u00e0 Nancy, il a fait toutes ses classes au au RC Pont-\u00e0-Mousson \u2013 et le premier joueur de Provence Rugby \u00e0 conna\u00eetre une s\u00e9lection avec les Bleus. Une entr\u00e9e remarqu\u00e9e gr\u00e2ce \u00e0 un essai avec France A face \u00e0 l\u2019Angleterre a permis\u00a0 au champion du monde U20 (2019) de valider son ticket pour la Nouvelle-Z\u00e9lande. Rempla\u00e7ant lors des deux premiers matchs, il a \u00e9t\u00e9 de toutes les rencontres face aux All Blacks. Avant ce troisi\u00e8me test \u00e0 Hamilton, le premi\u00e8re ligne polyvalent s\u2019est confi\u00e9 \u00e0 <a href=\"https:\/\/actu.fr\/rugby\/\" rel=\"nofollow noopener\" target=\"_blank\">Actu Rugby<\/a>.<\/p>\n<p class=\"ac-article-content__question wall-content\"><strong class=\"color-primary\">Actu : <\/strong>Apr\u00e8s une saison pleine avec Provence Rugby, vous allez jouer votre 28e match cette saison. Comment se passe cette tourn\u00e9e ?<\/p>\n<p class=\" wall-content\"><strong class=\"color-primary\">Paul MALLEZ : <\/strong>Quand on fait un voyage comme \u00e7a, on ne peut que kiffer. Pour une premi\u00e8re s\u00e9lection, jouer contre les All Blacks, c&rsquo;est un truc de fou. La saison est longue, mais on ne peut pas se sentir fatigu\u00e9 pour faire des matchs comme \u00e7a. On se doit de tout donner.\u00a0<\/p>\n<p class=\"ac-article-content__question wall-content\">Comment avez-vous appris votre premi\u00e8re convocation avec les Bleus ?<\/p>\n<p class=\" wall-content\"><strong class=\"color-primary\">P.M : <\/strong>William Servat (adjoint en charge de la m\u00eal\u00e9e, NDLR) m&rsquo;a envoy\u00e9 un message pour me dire que le staff me suivait. Le soir apr\u00e8s les barrages de Top 14, Laurent Semp\u00e9r\u00e9 (adjoint en charge de la touche, NDLR) m&rsquo;a envoy\u00e9 un message pour me dire que j&rsquo;\u00e9tais dans la liste des 28 joueurs pour affronter l&rsquo;Angleterre.\u00a0C&rsquo;est aussi simple.<\/p>\n<p>Sa perception du XV de France<\/p>\n<p class=\"ac-article-content__question wall-content\">Cela repr\u00e9sente quoi de jouer pour le XV de France ?\u00a0<\/p>\n<p class=\" wall-content\"><strong class=\"color-primary\">P.M : <\/strong>\u00ab\u00a0C&rsquo;est d&rsquo;abord une fiert\u00e9. C&rsquo;est un moment dont je r\u00eave depuis que je suis gosse. Apr\u00e8s, il faut tout faire pour \u00eatre \u00e0 la hauteur de ce maillot et \u00eatre \u00e0 la hauteur des mecs qui le portent. C&rsquo;est une fiert\u00e9, mais il faut \u00eatre au niveau. Ce n&rsquo;est pas une fin en soi d&rsquo;\u00eatre sur la feuille de match. Il y a forc\u00e9ment un peu de pression mais on est tr\u00e8s bien accompagn\u00e9.<\/p>\n<p class=\"ac-article-content__question wall-content\">Comment avez-vous v\u00e9cu ces deux premiers Haka ?\u00a0<\/p>\n<p class=\" wall-content\"><strong class=\"color-primary\">P.M : <\/strong>\u00ab\u00a0Ce sont des moments sp\u00e9ciaux \u00e0 vivre. C&rsquo;est impressionnant, mais il faut leur tenir t\u00eate. C&rsquo;est le premier affrontement avant d&rsquo;entrer sur le terrain. Moi, je trouve que \u00e7a lance bien le match. Il y a du respect car c&rsquo;est quelque chose de culturel pour eux\u00a0\u00bb.\u00a0<\/p>\n<p class=\"ac-article-content__question wall-content\">Vous allez jouer votre troisi\u00e8me match face aux All Blacks, que ressentez-vous ?\u00a0<\/p>\n<p class=\" wall-content\"><strong class=\"color-primary\">P.M : <\/strong>\u00ab\u00a0Je suis super content de faire les trois feuilles de match. Je ne m&rsquo;y attendais pas du tout. Je g\u00e8re plut\u00f4t bien ce r\u00f4le. \u00catre sur le banc puis apporter de l&rsquo;impact en seconde p\u00e9riode, c&rsquo;est mon registre. Le coaching est fait t\u00f4t. \u00c7a nous (les rempla\u00e7ants) permet de nous exprimer\u00a0\u00bb.\u00a0<\/p>\n<p>    <img   decoding=\"async\" loading=\"lazy\" src=\"https:\/\/www.europesays.com\/fr\/wp-content\/uploads\/2025\/07\/iconsport-262815-0113-960x640.jpg\" alt=\"Joueur de Pro D2 depuis 2 ans, Paul Mallez va affronter les All Blacks avec le XV de France.\" width=\"960\" height=\"640\"\/><br \/>\n    Joueur de Pro D2 depuis 2 ans, Paul Mallez r\u00e9alise une tourn\u00e9e d\u2019\u00e9t\u00e9 pleine, avec 3 feuilles de matchs contre les All Blacks. (\u00a9Icon Sport)Il a accroch\u00e9 avec Baptiste Erdocio<\/p>\n<p class=\"ac-article-content__question wall-content\">Apr\u00e8s deux ans en pr\u00eat \u00e0 Provence Rugby, vous retournez au Stade Toulousain. Profitez vous de la tourn\u00e9e pour conna\u00eetre vos futurs co\u00e9quipiers ?<\/p>\n<p class=\" wall-content\"><strong class=\"color-primary\">P.M : <\/strong>\u00ab\u00a0J\u2019ai d\u00e9j\u00e0 jou\u00e9 avec Pierre-Louis (Barassi) et Josh (Brennan). Et puis j&rsquo;ai appris \u00e0 conna\u00eetre Georges-Henri (Colombe, qui arrive du Stade Rochelais), c&rsquo;est un super mec, mais je ne reste pas qu&rsquo;avec les Toulousains. C&rsquo;est cool de rencontrer de nouveaux gars que, d&rsquo;habitude tu croises en club, mais tu ne connais pas vraiment. Avec mon coll\u00e8gue de chambre, Baptiste Erdocio, \u00e7a a beaucoup accroch\u00e9. C&rsquo;est un mec en or, qui a toujours la banane. On joue le m\u00eame poste, nous sommes concurrents sur le terrain mais en dehors, nous sommes super potes.<\/p>\n<p>Son retour \u00e0 Toulouse<\/p>\n<p class=\"ac-article-content__question wall-content\">La saison prochaine, vous serez sept piliers professionnels au Stade Toulousain. Comment g\u00e9rer cette nouvelle concurrence ?\u00a0\n<\/p>\n<p class=\" wall-content\"><strong class=\"color-primary\">P.M : <\/strong>\u00ab\u00a0Il ne faut pas que \u00e7a fasse peur. La concurrence fait progresser et te pousse \u00e0 \u00eatre meilleur. C&rsquo;est s\u00fbr que \u00e7a sera difficile. Il n&rsquo;y aura pas le droit \u00e0 l&rsquo;erreur mais on va tous travailler et progresser\u00a0\u00bb.\u00a0<\/p>\n<p class=\"ac-article-content__question wall-content\">Vous avez cette polyvalence rare pour un pilier de pouvoir jouer \u00e0 gauche et \u00e0 droite, mais le s\u00e9lectionneur Fabien Galthi\u00e9 vous pr\u00e9f\u00e8re \u00e0 gauche. Qu\u2019en dites-vous ?\u00a0<\/p>\n<p class=\" wall-content\"><strong class=\"color-primary\">P.M : <\/strong>\u00ab\u00a0On en discute beaucoup. Fabien m&rsquo;en a encore parl\u00e9 ce (jeudi) matin. J&rsquo;en discute beaucoup avec William (Servat) aussi. C&rsquo;est bien de couvrir les deux postes mais il ne faut pas \u00eatre la roue de secours. Il faut vraiment \u00eatre dominant et dominer sur les deux postes mais \u00e7a passera aussi par le club. J&rsquo;ai beaucoup jou\u00e9 \u00e0 droite l&rsquo;an pass\u00e9 avec Provence Rugby. Je pense que Toulouse me prend pour jouer \u00e0 droite. C&rsquo;est une discussion qu&rsquo;il va y avoir entre le club, l&rsquo;\u00e9quipe de France et moi. Cela faisait deux ans que j\u2018\u00e9tais en pr\u00eat \u00e0 Aix donc il faut remettre les choses au clair avec Toulouse. On ne m\u2019a jamais rien impos\u00e9. C\u2019est toujours moi qui aie choisi et c\u2019est quelque chose que j&rsquo;appr\u00e9cie. Pour moi le plus important c\u2019est d&rsquo;\u00eatre sur le terrain, peu importe que ce soit \u00e0 droite ou \u00e0 gauche\u00a0\u00bb.<\/p>\n<p class=\" wall-content\"><strong>Tom GAGNIARE, en Nouvelle-Z\u00e9lande<\/strong><\/p>\n<p class=\" wall-content\">Suivez toute l\u2019actualit\u00e9 de vos villes et m\u00e9dias favoris en vous inscrivant \u00e0 <a href=\"https:\/\/moncompte.actu.fr\" title=\"D\u00e9couvez Mon Actu\" rel=\"nofollow noopener\" data-trk=\"{&quot;cta&quot;:{&quot;action&quot;:&quot;https:\\\/\\\/moncompte.actu.fr&quot;,&quot;category&quot;:&quot;mon compte&quot;,&quot;from&quot;:&quot;article footer&quot;,&quot;name&quot;:&quot;Mon actu&quot;,&quot;type&quot;:&quot;cta&quot;}}\" target=\"_blank\">Mon Actu<\/a>.<\/p>\n","protected":false},"excerpt":{"rendered":"Par R\u00e9daction Rugby Publi\u00e9 le 17 juil. 2025 \u00e0 17h02 D\u2019une pierre, deux coups. Convoqu\u00e9 avec le XV&hellip;\n","protected":false},"author":2,"featured_media":255133,"comment_status":"","ping_status":"","sticky":false,"template":"","format":"standard","meta":{"footnotes":""},"categories":[1416],"tags":[2305,1011,27,479,1468,60,476,513],"class_list":{"0":"post-255132","1":"post","2":"type-post","3":"status-publish","4":"format-standard","5":"has-post-thumbnail","7":"category-rugby","8":"tag-all-blacks","9":"tag-fr","10":"tag-france","11":"tag-rugby","12":"tag-rugby-football","13":"tag-sports","14":"tag-stade-toulousain","15":"tag-xv-de-france"},"share_on_mastodon":{"url":"https:\/\/pubeurope.com\/@fr\/114871378059963649","error":""},"_links":{"self":[{"href":"https:\/\/www.europesays.com\/fr\/wp-json\/wp\/v2\/posts\/255132","targetHints":{"allow":["GET"]}}],"collection":[{"href":"https:\/\/www.europesays.com\/fr\/wp-json\/wp\/v2\/posts"}],"about":[{"href":"https:\/\/www.europesays.com\/fr\/wp-json\/wp\/v2\/types\/post"}],"author":[{"embeddable":true,"href":"https:\/\/www.europesays.com\/fr\/wp-json\/wp\/v2\/users\/2"}],"replies":[{"embeddable":true,"href":"https:\/\/www.europesays.com\/fr\/wp-json\/wp\/v2\/comments?post=255132"}],"version-history":[{"count":0,"href":"https:\/\/www.europesays.com\/fr\/wp-json\/wp\/v2\/posts\/255132\/revisions"}],"wp:featuredmedia":[{"embeddable":true,"href":"https:\/\/www.europesays.com\/fr\/wp-json\/wp\/v2\/media\/255133"}],"wp:attachment":[{"href":"https:\/\/www.europesays.com\/fr\/wp-json\/wp\/v2\/media?parent=255132"}],"wp:term":[{"taxonomy":"category","embeddable":true,"href":"https:\/\/www.europesays.com\/fr\/wp-json\/wp\/v2\/categories?post=255132"},{"taxonomy":"post_tag","embeddable":true,"href":"https:\/\/www.europesays.com\/fr\/wp-json\/wp\/v2\/tags?post=255132"}],"curies":[{"name":"wp","href":"https:\/\/api.w.org\/{rel}","templated":true}]}}