{"id":255156,"date":"2025-07-18T00:36:12","date_gmt":"2025-07-18T00:36:12","guid":{"rendered":"https:\/\/www.europesays.com\/fr\/255156\/"},"modified":"2025-07-18T00:36:12","modified_gmt":"2025-07-18T00:36:12","slug":"larmee-allemande-est-sur-le-point-de-remplacer-ses-hk-p8-par-des-pistolets-de-fabrication-tcheque","status":"publish","type":"post","link":"https:\/\/www.europesays.com\/fr\/255156\/","title":{"rendered":"L&rsquo;arm\u00e9e allemande est sur le point de remplacer ses HK P8 par des pistolets de fabrication tch\u00e8que"},"content":{"rendered":"<p><img fetchpriority=\"high\" decoding=\"async\" src=\"https:\/\/www.europesays.com\/fr\/wp-content\/uploads\/2025\/07\/p8-20250717.jpg\" alt=\"\" width=\"600\" height=\"337\" class=\"alignnone size-full wp-image-82997\"  \/><\/p>\n<p>En mai, l\u2019armurier Heckler &amp; Koch a fait savoir que l\u2019Office f\u00e9d\u00e9ral des \u00e9quipements, des technologies de l\u2019information et du soutien en service de la Bundeswehr [BAAINBw] venait de lui commander un premier lot de fusils d\u2019assaut G95A1, dans le cadre du programme \u00ab\u00a0System Sturmgewehr\u00a0\u00bb, lanc\u00e9 en 2017 pour remplacer les HK G36 utilis\u00e9s par les forces allemandes depuis la fin des ann\u00e9es 1990. <\/p>\n<p>\u00ab\u00a0Nous sommes ravis de cette commande et de la confiance qu\u2019elle suscite\u00a0\u00bb, a comment\u00e9 Jens Bodo Koch, le PDG de Heckler &amp; Koch. \u00ab\u00a0Le HK416 incarne une technologie de pointe, une fiabilit\u00e9 et une pr\u00e9cision maximales, et t\u00e9moigne de la capacit\u00e9 de l\u2019industrie allemande \u00e0 fournir \u00e0 nos forces arm\u00e9es les meilleurs \u00e9quipements possibles\u00a0\u00bb, a-t-il ajout\u00e9. <\/p>\n<p>Pour l\u2019instant, ce programme pr\u00e9voit l\u2019acquisition de 118 718 nouveaux fusils d\u2019assaut. Mais le volume command\u00e9 devrait \u00eatre bien plus \u00e9lev\u00e9 compte tenu de la hausse pr\u00e9vue des effectifs de la Bundeswehr. Le mod\u00e8le qui a \u00e9t\u00e9 retenu par le BAAINBw, apr\u00e8s bien des vicissitudes, est une variante du HK-416, qui remplace progressivement le FAMAS au sein des forces fran\u00e7aises. <\/p>\n<p>Pour autant, si ces derni\u00e8res ont choisi le pistolet semi-automatique Glock 17 Gen 5 FR comme arme de poing, en remplacement des anciens PAMAS G1 et PA MAC 50, la Bundeswehr s\u2019appr\u00eate \u00e0 abandonner le HK P8 de calibre 9 mm au profit du P-13, un mod\u00e8le produit par l\u2019armurier tch\u00e8que \u010cesk\u00e1 zbrojovka Uhersk\u00fd Brod [CZUB]. <\/p>\n<blockquote class=\"twitter-tweet\">\n<p lang=\"und\" dir=\"ltr\"><a href=\"https:\/\/twitter.com\/hashtag\/Czechia?src=hash&amp;ref_src=twsrc%5Etfw\" target=\"_blank\" rel=\"noopener\">#Czechia<\/a>: According to <a href=\"https:\/\/twitter.com\/hartpunkt?ref_src=twsrc%5Etfw\" target=\"_blank\" rel=\"noopener\">@hartpunkt<\/a>, the \u010cesk\u00e1 Zbrojovka a.s. won the Bundeswehr tender for up to 186,000 pistols, under the P13 program to replace the P8 pistols.<\/p>\n<p>The \u010cZUB company beat Slovenian Arex and Austrian Glock in the tender. <a href=\"https:\/\/t.co\/hcMvlSqyZ1\">pic.twitter.com\/hcMvlSqyZ1<\/a><\/p>\n<p>\u2014    (@praisethesteph) <a href=\"https:\/\/twitter.com\/praisethesteph\/status\/1942517281571103087?ref_src=twsrc%5Etfw\" target=\"_blank\" rel=\"noopener\">July 8, 2025<\/a><\/p>\n<\/blockquote>\n<p>En effet, selon le site sp\u00e9cialis\u00e9 Hartpunkt, le BAAINBw avait \u00e9mis un appel d\u2019offres pour \u00ab\u00a0un contrat-cadre de sept ans\u00a0\u00bb portant sur la livraison de nouvelles armes de poing. Cette proc\u00e9dure fut lanc\u00e9e sans \u00ab\u00a0essais comparatifs pr\u00e9alables\u00a0\u00bb et le prix \u00e9tait \u00ab\u00a0le seul crit\u00e8re\u00a0\u00bb pris en consid\u00e9ration, sous r\u00e9serve de satisfaire aux exigences exprim\u00e9es par la Bundeswehr. <\/p>\n<p>Dans ces conditions, l\u2019offre soumise par CZUB s\u2019est impos\u00e9e. Et cela aux d\u00e9pens du slov\u00e8ne Arex et de l\u2019autrichien Glock. Le march\u00e9 sera officiellement attribu\u00e9 quand il aura \u00e9t\u00e9 approuv\u00e9 par la commission des Finances du Bundestag [chambre basse du Parlement]. Le BAAINBw pr\u00e9voit la commande de 186 000 pistolets au total, dont 62 000 feront partie d\u2019un \u00ab\u00a0contrat fixe\u00a0\u00bb.<\/p>\n<p>Le type exact du pistolet retenu n\u2019a pas encore \u00e9t\u00e9 pr\u00e9cis\u00e9. L\u2019armurier tch\u00e8que propose trois mod\u00e8les qui se d\u00e9clinent en plusieurs sous-versions : le P-07, le P-09 et le P-10. <\/p>\n<p>Photo : Bundeswehr\/Roland Alpers<\/p>\n<p>\t\t\t\t\t\t\t\t\t\t\t\t\t<script async src=\"https:\/\/platform.twitter.com\/widgets.js\" charset=\"utf-8\"><\/script><\/p>\n","protected":false},"excerpt":{"rendered":"En mai, l\u2019armurier Heckler &amp; Koch a fait savoir que l\u2019Office f\u00e9d\u00e9ral des \u00e9quipements, des technologies de l\u2019information&hellip;\n","protected":false},"author":2,"featured_media":255157,"comment_status":"","ping_status":"","sticky":false,"template":"","format":"standard","meta":{"footnotes":""},"categories":[7],"tags":[672,39540,7694,39541,1011,27,19456,39542,39543,39544,36406,39545,11790,43,40,41,39,42,44],"class_list":{"0":"post-255156","1":"post","2":"type-post","3":"status-publish","4":"format-standard","5":"has-post-thumbnail","7":"category-sciences-et-technologies","8":"tag-allemagne","9":"tag-baainbw","10":"tag-bundeswehr","11":"tag-czub","12":"tag-fr","13":"tag-france","14":"tag-fusil","15":"tag-hk-p8","16":"tag-hk-416","17":"tag-p-13","18":"tag-pistolet","19":"tag-pitolet","20":"tag-republique-tcheque","21":"tag-science","22":"tag-science-and-technology","23":"tag-sciences","24":"tag-sciences-et-technologies","25":"tag-technologies","26":"tag-technology"},"share_on_mastodon":{"url":"https:\/\/pubeurope.com\/@fr\/114871440766233820","error":""},"_links":{"self":[{"href":"https:\/\/www.europesays.com\/fr\/wp-json\/wp\/v2\/posts\/255156","targetHints":{"allow":["GET"]}}],"collection":[{"href":"https:\/\/www.europesays.com\/fr\/wp-json\/wp\/v2\/posts"}],"about":[{"href":"https:\/\/www.europesays.com\/fr\/wp-json\/wp\/v2\/types\/post"}],"author":[{"embeddable":true,"href":"https:\/\/www.europesays.com\/fr\/wp-json\/wp\/v2\/users\/2"}],"replies":[{"embeddable":true,"href":"https:\/\/www.europesays.com\/fr\/wp-json\/wp\/v2\/comments?post=255156"}],"version-history":[{"count":0,"href":"https:\/\/www.europesays.com\/fr\/wp-json\/wp\/v2\/posts\/255156\/revisions"}],"wp:featuredmedia":[{"embeddable":true,"href":"https:\/\/www.europesays.com\/fr\/wp-json\/wp\/v2\/media\/255157"}],"wp:attachment":[{"href":"https:\/\/www.europesays.com\/fr\/wp-json\/wp\/v2\/media?parent=255156"}],"wp:term":[{"taxonomy":"category","embeddable":true,"href":"https:\/\/www.europesays.com\/fr\/wp-json\/wp\/v2\/categories?post=255156"},{"taxonomy":"post_tag","embeddable":true,"href":"https:\/\/www.europesays.com\/fr\/wp-json\/wp\/v2\/tags?post=255156"}],"curies":[{"name":"wp","href":"https:\/\/api.w.org\/{rel}","templated":true}]}}