{"id":255160,"date":"2025-07-18T00:38:09","date_gmt":"2025-07-18T00:38:09","guid":{"rendered":"https:\/\/www.europesays.com\/fr\/255160\/"},"modified":"2025-07-18T00:38:09","modified_gmt":"2025-07-18T00:38:09","slug":"londres-et-berlin-signent-le-traite-de-kensington-historique-toute-lactualite-en-france-et-dans-le-monde","status":"publish","type":"post","link":"https:\/\/www.europesays.com\/fr\/255160\/","title":{"rendered":"Londres et Berlin signent le trait\u00e9 de Kensington historique | Toute l\u2019actualit\u00e9 en France et dans le Monde"},"content":{"rendered":"\n<p>\u00ab Nous voulons r\u00e9duire consid\u00e9rablement l&rsquo;immigration ill\u00e9gale dans toute l&rsquo;Europe \u00bb, a d\u00e9clar\u00e9 Friedrich Merz. Le pr\u00e9sident Emmanuel Macron sera \u00e0 Berlin mercredi prochain, apr\u00e8s sa visite d&rsquo;\u00c9tat en Angleterre la semaine derni\u00e8re.<\/p>\n<p>Selon Merz, les positions des trois pays du groupe \u00ab E3 \u00bb se \u00ab rapprochent \u00e9troitement en mati\u00e8re de politique de s\u00e9curit\u00e9, de politique migratoire, mais aussi de politique \u00e9conomique \u00bb. L&rsquo;accord annonc\u00e9 jeudi entre Londres et Berlin, appel\u00e9 trait\u00e9 de Kensington, a \u00e9t\u00e9 qualifi\u00e9 d&rsquo;\u00ab historique \u00bb par Starmer, qui a re\u00e7u Merz \u00e0 Downing Street, apr\u00e8s la signature au Victoria &amp; Albert Museum.<\/p>\n<p>Facilitations pour les \u00e9changes<\/p>\n<p>Le trait\u00e9 de Kensington contient un accord pour simplifier les proc\u00e9dures aux fronti\u00e8res lors des \u00e9changes scolaires. Permettre \u00e0 \u00ab la nouvelle g\u00e9n\u00e9ration \u00bb d&rsquo;apprendre \u00e0 se conna\u00eetre est une \u00ab bonne base \u00bb pour le d\u00e9veloppement des relations, a d\u00e9clar\u00e9 Friedrich Merz lors de la signature.<\/p>\n<p>Cet accord va aussi permettre aux Britanniques d&rsquo;utiliser les portiques \u00e9lectroniques pour scanner leurs passeports plus rapidement \u00e0 leur arriv\u00e9e en Allemagne, d\u00e8s la fin ao\u00fbt.<\/p>\n<p>Coop\u00e9ration renforc\u00e9e en d\u00e9fense<\/p>\n<p>Sur fond de guerre en Ukraine, l&rsquo;accord ancre la volont\u00e9 des deux pays de \u00ab renforcer la s\u00e9curit\u00e9 euro-atlantique et assurer une dissuasion efficace contre les agresseurs potentiels \u00bb gr\u00e2ce \u00e0 leurs forces de d\u00e9fense. Les deux dirigeants envisagent de renforcer la coop\u00e9ration dans ce domaine \u00e0 l&rsquo;avenir.<\/p>\n<p>Downing Street a ajout\u00e9 que les deux dirigeants \u00e9taient d&rsquo;accord pour renforcer les exportations d&rsquo;armes, tels les v\u00e9hicules blind\u00e9s Boxer et avions Typhoon. Des commandes suppl\u00e9mentaires pourraient atteindre \u00ab des milliards de livres \u00bb.<\/p>\n<p>Missiles de longue port\u00e9e<\/p>\n<p>Mi-mai, les deux pays avaient d\u00e9j\u00e0 annonc\u00e9 vouloir travailler ensemble sur des missiles de longue port\u00e9e de 2.000 km. Cette port\u00e9e est largement sup\u00e9rieure \u00e0 celle des missiles de croisi\u00e8re franco-britanniques Storm Shadow.<\/p>\n<p>Lors de la visite d&rsquo;\u00c9tat d&rsquo;Emmanuel Macron la semaine derni\u00e8re, Paris et Londres ont act\u00e9 un rapprochement d&rsquo;ampleur en mati\u00e8re de dissuasion nucl\u00e9aire. Les deux pays ont promis de coordonner leurs moyens respectifs en cas de menace sur l&rsquo;Europe.<\/p>\n<p>R\u00e9chauffement post-Brexit<\/p>\n<p>\u00c0 l&rsquo;occasion de la venue du chancelier \u00e0 Londres, une source gouvernementale allemande a d\u00e9clar\u00e9 qu&rsquo;il \u00ab ne fallait pas sous-estimer \u00bb \u00e0 quel point les relations avec le Royaume-Uni s&rsquo;\u00e9taient am\u00e9lior\u00e9es depuis l&rsquo;exp\u00e9rience \u00ab traumatisante \u00bb du Brexit. Friedrich Merz a toutefois dit personnellement \u00ab d\u00e9plorer \u00bb le d\u00e9part du pays de l&rsquo;Union europ\u00e9enne.<\/p>\n<p>L&rsquo;accord entre Londres et Berlin doit aussi permettre davantage de coop\u00e9ration dans les secteurs strat\u00e9giques comme l&rsquo;intelligence artificielle. C\u00f4t\u00e9 transport, les deux pays veulent am\u00e9liorer leurs liaisons ferroviaires. Le mois dernier, Eurostar a annonc\u00e9 vouloir lancer un train reliant Francfort \u00e0 Londres d\u00e9but 2030, ce qui serait la premi\u00e8re connexion directe entre le Royaume-Uni et l&rsquo;Allemagne.<\/p>\n<p>(AFP) Note : Cet article a \u00e9t\u00e9 \u00e9dit\u00e9 avec l&rsquo;aide de l&rsquo;Intelligence Artificielle.<\/p>\n","protected":false},"excerpt":{"rendered":"\u00ab Nous voulons r\u00e9duire consid\u00e9rablement l&rsquo;immigration ill\u00e9gale dans toute l&rsquo;Europe \u00bb, a d\u00e9clar\u00e9 Friedrich Merz. Le pr\u00e9sident Emmanuel&hellip;\n","protected":false},"author":2,"featured_media":255161,"comment_status":"","ping_status":"","sticky":false,"template":"","format":"standard","meta":{"footnotes":""},"categories":[5],"tags":[11,1011,27,14,12,9024,28],"class_list":{"0":"post-255160","1":"post","2":"type-post","3":"status-publish","4":"format-standard","5":"has-post-thumbnail","7":"category-international","8":"tag-actualites","9":"tag-fr","10":"tag-france","11":"tag-international","12":"tag-news","13":"tag-politics","14":"tag-world"},"share_on_mastodon":{"url":"https:\/\/pubeurope.com\/@fr\/114871448600475198","error":""},"_links":{"self":[{"href":"https:\/\/www.europesays.com\/fr\/wp-json\/wp\/v2\/posts\/255160","targetHints":{"allow":["GET"]}}],"collection":[{"href":"https:\/\/www.europesays.com\/fr\/wp-json\/wp\/v2\/posts"}],"about":[{"href":"https:\/\/www.europesays.com\/fr\/wp-json\/wp\/v2\/types\/post"}],"author":[{"embeddable":true,"href":"https:\/\/www.europesays.com\/fr\/wp-json\/wp\/v2\/users\/2"}],"replies":[{"embeddable":true,"href":"https:\/\/www.europesays.com\/fr\/wp-json\/wp\/v2\/comments?post=255160"}],"version-history":[{"count":0,"href":"https:\/\/www.europesays.com\/fr\/wp-json\/wp\/v2\/posts\/255160\/revisions"}],"wp:featuredmedia":[{"embeddable":true,"href":"https:\/\/www.europesays.com\/fr\/wp-json\/wp\/v2\/media\/255161"}],"wp:attachment":[{"href":"https:\/\/www.europesays.com\/fr\/wp-json\/wp\/v2\/media?parent=255160"}],"wp:term":[{"taxonomy":"category","embeddable":true,"href":"https:\/\/www.europesays.com\/fr\/wp-json\/wp\/v2\/categories?post=255160"},{"taxonomy":"post_tag","embeddable":true,"href":"https:\/\/www.europesays.com\/fr\/wp-json\/wp\/v2\/tags?post=255160"}],"curies":[{"name":"wp","href":"https:\/\/api.w.org\/{rel}","templated":true}]}}