{"id":255162,"date":"2025-07-18T00:39:11","date_gmt":"2025-07-18T00:39:11","guid":{"rendered":"https:\/\/www.europesays.com\/fr\/255162\/"},"modified":"2025-07-18T00:39:11","modified_gmt":"2025-07-18T00:39:11","slug":"plongee-au-coeur-de-la-tres-discrete-brigade-de-recherche-des-fugitifs","status":"publish","type":"post","link":"https:\/\/www.europesays.com\/fr\/255162\/","title":{"rendered":"plong\u00e9e au c\u0153ur de la tr\u00e8s discr\u00e8te brigade de recherche des fugitifs"},"content":{"rendered":"<p><strong>EXCLUSIF &#8211; <\/strong>Narcotrafiquants retranch\u00e9s dans le golfe Persique, tueurs insaisissables et \u00ab\u00a0rois de la belle\u00a0\u00bb\u2026 Jusqu\u2019\u00e0 cinquante criminels d\u2019envergure sont captur\u00e9s chaque ann\u00e9e par ces policiers chevronn\u00e9s. Objectif\u00a0: retour en prison.<\/p>\n<p class=\"fig-paragraph\">Moins de soixante-douze\u00a0heures auront \u00e9t\u00e9 n\u00e9cessaires pour rattraper le prisonnier qui a sign\u00e9 l\u2019\u00e9vasion la plus rocambolesque de l\u2019ann\u00e9e.\u00a0<a href=\"http:\/\/www.lefigaro.fr\/lyon\/le-complice-du-detenu-evade-de-la-prison-de-lyon-dans-un-sac-a-linge-a-ete-arrete-a-marseille-20250715\" data-fig-type=\"NewsFlash\" data-gtm-custom-categorie=\"navigation\" data-gtm-custom-action=\"crossclick\" data-gtm-custom-label=\"Contextuel\" data-gtm-event=\"customEventSPE\" data-fig-domain=\"LEFIGARO\" target=\"_blank\" rel=\"noopener\">Cach\u00e9 dans un sac \u00e0 linge<\/a>\u00a0pour se \u00ab\u00a0faire la belle\u00a0\u00bb, vendredi 11\u00a0juillet, de la prison de Lyon-Corbas avec la complicit\u00e9 d\u2019un cod\u00e9tenu &#8211;\u00a0lui aussi interpell\u00e9\u00a0-, ce jeune homme, frapp\u00e9 d\u2019une notice \u00ab\u00a0rouge\u00a0\u00bb d\u00e9livr\u00e9e par Interpol, a \u00e9t\u00e9 cueilli en douceur lundi dernier alors qu\u2019il sortait d\u2019une cave \u00e0 Sathonay-Camp, au nord de Lyon. Cette traque \u00e9clair est la derni\u00e8re \u00e0 mettre \u00e0 l\u2019actif de la Brigade nationale de recherche des fugitifs (BNF), venue en appui des policiers du Rh\u00f4ne.<\/p>\n<p class=\"fig-paragraph\">Pour cette unit\u00e9 de sp\u00e9cialistes rattach\u00e9s \u00e0 l\u2019Office central de lutte contre le crime organis\u00e9 (OCLCO), la capture de ce malfaiteur aux talents de contorsionniste est la derni\u00e8re d\u2019une longue s\u00e9rie qui, en creux, dessine la fresque cr\u00e9pusculaire des \u00ab\u00a0beaux mecs\u00a0\u00bb et des \u00ab\u00a0gueules cass\u00e9es\u00a0\u00bb du banditisme. Dans cette galerie de grands fauves, ayant pour la\u2026<\/p>\n<p class=\"fig-premium-paywall__infos\">\n        Cet article est r\u00e9serv\u00e9 aux abonn\u00e9s.        Il vous reste 92% \u00e0 d\u00e9couvrir.\n    <\/p>\n<p>                <img  data- alt=\"Le Figaro\" class=\"fig-img--complete fig-img\"\/><\/p>\n<p class=\"fig-premium-paywall__title\">Vous avez envie de lire la suite ?<\/p>\n<p class=\"fig-premium-paywall__subtitle\">D\u00e9bloquez tous les articles imm\u00e9diatement.<\/p>\n<p class=\"fig-premium-paywall__connect\">\n                D\u00e9j\u00e0 abonn\u00e9\u00a0?                <a class=\"fig-premium-paywall__connect-link\" href=\"https:\/\/connect.lefigaro.fr\/login?client=horizon_web&amp;type=main&amp;redirect_uri=https%3A%2F%2Fwww.lefigaro.fr%2Factualite-france%2Fnos-cibles-vivent-comme-des-fantomes-sans-aucun-bien-a-leur-nom-plongee-au-coeur-de-la-tres-discrete-brigade-de-recherche-des-fugitifs-20250717\" data-js-gtm=\"{&quot;customCategorie&quot;: &quot;conversion&quot;, &quot;customAction&quot;: &quot;before_Landing_Connexion_paywall_auto&quot;, &quot;customLabel&quot;: &quot;bGVmaWdhcm8uZnJfXzFmMDYzMTBjLTRlZDMtNjM2ZS04YTRjLWFkN2I4N2E5M2M0OF9fQXJ0aWNsZQ==_\u00abNos cibles vivent comme des fant\u00f4mes, sans aucun bien \u00e0 leur nom\u00bb\u00a0: plong\u00e9e au c\u0153ur de la tr\u00e8s discr\u00e8te brigade de recherche des fugitifs_366&quot;, &quot;customIDSPE&quot;: &quot;bGVmaWdhcm8uZnJfXzFmMDYzMTBjLTRlZDMtNjM2ZS04YTRjLWFkN2I4N2E5M2M0OF9fQXJ0aWNsZQ==&quot;, &quot;event&quot;: &quot;customEventSPE&quot;}\" target=\"_blank\" rel=\"noopener\"><br \/>\n                    Connectez-vous<br \/>\n                <\/a>\n            <\/p>\n","protected":false},"excerpt":{"rendered":"EXCLUSIF &#8211; Narcotrafiquants retranch\u00e9s dans le golfe Persique, tueurs insaisissables et \u00ab\u00a0rois de la belle\u00a0\u00bb\u2026 Jusqu\u2019\u00e0 cinquante criminels&hellip;\n","protected":false},"author":2,"featured_media":255163,"comment_status":"","ping_status":"","sticky":false,"template":"","format":"standard","meta":{"footnotes":""},"categories":[4],"tags":[11,2951,1011,27,8721,12,11855,25],"class_list":{"0":"post-255162","1":"post","2":"type-post","3":"status-publish","4":"format-standard","5":"has-post-thumbnail","7":"category-france","8":"tag-actualites","9":"tag-criminalite","10":"tag-fr","11":"tag-france","12":"tag-narcotrafic","13":"tag-news","14":"tag-police-judiciaire","15":"tag-republique-francaise"},"share_on_mastodon":{"url":"https:\/\/pubeurope.com\/@fr\/114871452753941098","error":""},"_links":{"self":[{"href":"https:\/\/www.europesays.com\/fr\/wp-json\/wp\/v2\/posts\/255162","targetHints":{"allow":["GET"]}}],"collection":[{"href":"https:\/\/www.europesays.com\/fr\/wp-json\/wp\/v2\/posts"}],"about":[{"href":"https:\/\/www.europesays.com\/fr\/wp-json\/wp\/v2\/types\/post"}],"author":[{"embeddable":true,"href":"https:\/\/www.europesays.com\/fr\/wp-json\/wp\/v2\/users\/2"}],"replies":[{"embeddable":true,"href":"https:\/\/www.europesays.com\/fr\/wp-json\/wp\/v2\/comments?post=255162"}],"version-history":[{"count":0,"href":"https:\/\/www.europesays.com\/fr\/wp-json\/wp\/v2\/posts\/255162\/revisions"}],"wp:featuredmedia":[{"embeddable":true,"href":"https:\/\/www.europesays.com\/fr\/wp-json\/wp\/v2\/media\/255163"}],"wp:attachment":[{"href":"https:\/\/www.europesays.com\/fr\/wp-json\/wp\/v2\/media?parent=255162"}],"wp:term":[{"taxonomy":"category","embeddable":true,"href":"https:\/\/www.europesays.com\/fr\/wp-json\/wp\/v2\/categories?post=255162"},{"taxonomy":"post_tag","embeddable":true,"href":"https:\/\/www.europesays.com\/fr\/wp-json\/wp\/v2\/tags?post=255162"}],"curies":[{"name":"wp","href":"https:\/\/api.w.org\/{rel}","templated":true}]}}