{"id":255168,"date":"2025-07-18T00:42:11","date_gmt":"2025-07-18T00:42:11","guid":{"rendered":"https:\/\/www.europesays.com\/fr\/255168\/"},"modified":"2025-07-18T00:42:11","modified_gmt":"2025-07-18T00:42:11","slug":"steel-accueille-une-star-christophe-licata-enflamme-saint-etienne","status":"publish","type":"post","link":"https:\/\/www.europesays.com\/fr\/255168\/","title":{"rendered":"STEEL ACCUEILLE UNE STAR : CHRISTOPHE LICATA ENFLAMME SAINT-\u00c9TIENNE !"},"content":{"rendered":"<p>                <a href=\"https:\/\/cadenceradio.fr\" target=\"_blank\" aria-label=\"Banni\u00e8re Cadence 2025\" rel=\"noopener\"><img loading=\"lazy\" decoding=\"async\" src=\"https:\/\/www.europesays.com\/fr\/wp-content\/uploads\/2025\/07\/Banniere-Cadence-2025-scaled.jpg\" alt=\"\"   width=\"2560\" height=\"738\"\/><\/a><\/p>\n<p>Christophe Licata investira l\u2019espace devant Starbucks pour un apr\u00e8s-midi d\u00e9di\u00e9 \u00e0 sa passion. L\u2019\u00e9v\u00e9nement se structure autour de deux s\u00e9quences distinctes permettant au public de d\u00e9couvrir diff\u00e9rentes facettes de l\u2019artiste. <strong>Samedi 19 juillet, de 14h30 \u00e0 15h15<\/strong>, les visiteurs pourront participer \u00e0 une initiation dansante anim\u00e9e par le professionnel, l\u2019occasion d\u2019apprendre quelques pas sous les conseils d\u2019un expert reconnu.<\/p>\n<p>La seconde partie, programm\u00e9e de <strong>15h15 \u00e0 16h15<\/strong>, sera consacr\u00e9e aux rencontres personnalis\u00e9es. Les fans pourront obtenir des autographes et immortaliser ce moment privil\u00e9gi\u00e9 aux c\u00f4t\u00e9s de leur idole gr\u00e2ce \u00e0 des s\u00e9ances photos d\u00e9di\u00e9es. Plus d\u2019infos <a href=\"https:\/\/steel-saint-etienne.fr\/fr\/actualites\/animations-steel\/animationchristophelicata\" target=\"_blank\" rel=\"noreferrer noopener\">ICI<\/a>.<\/p>\n","protected":false},"excerpt":{"rendered":"Christophe Licata investira l\u2019espace devant Starbucks pour un apr\u00e8s-midi d\u00e9di\u00e9 \u00e0 sa passion. L\u2019\u00e9v\u00e9nement se structure autour de&hellip;\n","protected":false},"author":2,"featured_media":255169,"comment_status":"","ping_status":"","sticky":false,"template":"","format":"standard","meta":{"footnotes":""},"categories":[9653],"tags":[1111,11,2430,14655,1777,674,1011,27,3367,12,25,4001,8666],"class_list":{"0":"post-255168","1":"post","2":"type-post","3":"status-publish","4":"format-standard","5":"has-post-thumbnail","7":"category-saint-etienne","8":"tag-actu","9":"tag-actualites","10":"tag-auvergne-rhone-alpes","11":"tag-christophe-licata","12":"tag-eu","13":"tag-europe","14":"tag-fr","15":"tag-france","16":"tag-loire","17":"tag-news","18":"tag-republique-francaise","19":"tag-saint-etienne","20":"tag-steel"},"share_on_mastodon":{"url":"https:\/\/pubeurope.com\/@fr\/114871464565002564","error":""},"_links":{"self":[{"href":"https:\/\/www.europesays.com\/fr\/wp-json\/wp\/v2\/posts\/255168","targetHints":{"allow":["GET"]}}],"collection":[{"href":"https:\/\/www.europesays.com\/fr\/wp-json\/wp\/v2\/posts"}],"about":[{"href":"https:\/\/www.europesays.com\/fr\/wp-json\/wp\/v2\/types\/post"}],"author":[{"embeddable":true,"href":"https:\/\/www.europesays.com\/fr\/wp-json\/wp\/v2\/users\/2"}],"replies":[{"embeddable":true,"href":"https:\/\/www.europesays.com\/fr\/wp-json\/wp\/v2\/comments?post=255168"}],"version-history":[{"count":0,"href":"https:\/\/www.europesays.com\/fr\/wp-json\/wp\/v2\/posts\/255168\/revisions"}],"wp:featuredmedia":[{"embeddable":true,"href":"https:\/\/www.europesays.com\/fr\/wp-json\/wp\/v2\/media\/255169"}],"wp:attachment":[{"href":"https:\/\/www.europesays.com\/fr\/wp-json\/wp\/v2\/media?parent=255168"}],"wp:term":[{"taxonomy":"category","embeddable":true,"href":"https:\/\/www.europesays.com\/fr\/wp-json\/wp\/v2\/categories?post=255168"},{"taxonomy":"post_tag","embeddable":true,"href":"https:\/\/www.europesays.com\/fr\/wp-json\/wp\/v2\/tags?post=255168"}],"curies":[{"name":"wp","href":"https:\/\/api.w.org\/{rel}","templated":true}]}}