{"id":255196,"date":"2025-07-18T01:01:10","date_gmt":"2025-07-18T01:01:10","guid":{"rendered":"https:\/\/www.europesays.com\/fr\/255196\/"},"modified":"2025-07-18T01:01:10","modified_gmt":"2025-07-18T01:01:10","slug":"deux-sauveteurs-agresses-par-un-homme-nu-sur-la-plage","status":"publish","type":"post","link":"https:\/\/www.europesays.com\/fr\/255196\/","title":{"rendered":"Deux sauveteurs agress\u00e9s par un homme nu sur la plage"},"content":{"rendered":"<p>Deux ma\u00eetres-nageurs sauveteurs ont \u00e9t\u00e9 agress\u00e9s sur la plage des Ponchettes, \u00e0 <a href=\"https:\/\/www.20minutes.fr\/nice\/\" class=\"color-ultramarine c-link\" target=\"_blank\" rel=\"noopener\">Nice<\/a>, le mercredi 16\u00a0juillet. L\u2019agresseur \u00e9tait enti\u00e8rement nu, rapport <a href=\"https:\/\/www.nicematin.com\/faits-divers\/deux-pompiers-nageurs-sauveteurs-agresses-par-un-individu-qui-s-exhibait-nu-sur-la-plage-a-nice-994467\" rel=\"nofollow noopener\" target=\"_blank\" class=\"color-ultramarine c-link\">Nice Matin<\/a>.<\/p>\n<p>A presque 11 heures du matin, les pompiers ont rep\u00e9r\u00e9 un individu qui s\u2019exhibait nu sur la plage de galets. Le chef de poste lui a donc demand\u00e9 de se rhabiller. Une remarque que le protagoniste n\u2019a visiblement pas appr\u00e9ci\u00e9e.<\/p>\n<p>Une agression \u00ab\u00a0inacceptable\u00a0\u00bb<\/p>\n<p>Selon le SDIS 06, alors que le chef retournait au poste, l\u2019homme l\u2019aurait pouss\u00e9 dans le dos avant d\u2019essayer de lui porter des coups. Un jeune \u00e9quipier, pompier volontaire, est alors venu \u00e0 la rescousse.<\/p>\n<p>C\u2019est une patrouille de la <a href=\"https:\/\/www.20minutes.fr\/dossier\/police_municipale\" class=\"color-ultramarine c-link\" target=\"_blank\" rel=\"noopener\">police municipale<\/a>, qui se trouvait sur le plan d\u2019eau, qui a interpell\u00e9 le suspect avant de le confier \u00e0 la police nationale pour son audition. De l\u2019altercation avec les sauveteurs, il est ressorti avec une blessure sans gravit\u00e9 apr\u00e8s un coup de poing re\u00e7u \u00e0 l\u2019arcade sourcili\u00e8re.<\/p>\n<p>Le SDIS 06 a d\u00e9j\u00e0 fait part de son intention de porter plainte. De son c\u00f4t\u00e9, le <a href=\"https:\/\/x.com\/cestrosi\/status\/1945415458888265989?ref_src=twsrc%5Etfw%7Ctwcamp%5Etweetembed%7Ctwterm%5E1945415458888265989%7Ctwgr%5E79e6cc90b875c188716fc8be2c2df7a71246c846%7Ctwcon%5Es1_&amp;ref_url=https%3A%2F%2Fwww.nicematin.com%2Ffaits-divers%2Fdeux-pompiers-nageurs-sauveteurs-agresses-par-un-individu-qui-s-exhibait-nu-sur-la-plage-a-nice-994467\" target=\"_blank\" class=\"color-ultramarine c-link\">maire de la ville<\/a>, <a href=\"https:\/\/www.20minutes.fr\/dossier\/christian_estrosi\" class=\"color-ultramarine c-link\" target=\"_blank\" rel=\"noopener\">Christian Estrosi<\/a> a adress\u00e9 son soutien aux sauveteurs qualifiant l\u2019agression d&rsquo;\u00ab\u00a0inacceptable\u00a0\u00bb.<\/p>\n","protected":false},"excerpt":{"rendered":"Deux ma\u00eetres-nageurs sauveteurs ont \u00e9t\u00e9 agress\u00e9s sur la plage des Ponchettes, \u00e0 Nice, le mercredi 16\u00a0juillet. L\u2019agresseur \u00e9tait&hellip;\n","protected":false},"author":2,"featured_media":255197,"comment_status":"","ping_status":"","sticky":false,"template":"","format":"standard","meta":{"footnotes":""},"categories":[2819],"tags":[1111,47,11,1120,2898,2397,1777,674,39546,118,8686,1011,27,12,2401,883,1311,882,25],"class_list":{"0":"post-255196","1":"post","2":"type-post","3":"status-publish","4":"format-standard","5":"has-post-thumbnail","7":"category-nice","8":"tag-actu","9":"tag-actualite","10":"tag-actualites","11":"tag-agression","12":"tag-alpes-maritimes","13":"tag-christian-estrosi","14":"tag-eu","15":"tag-europe","16":"tag-exhibitionnisme","17":"tag-faits-divers","18":"tag-faits-divers-nice","19":"tag-fr","20":"tag-france","21":"tag-news","22":"tag-nice","23":"tag-paca","24":"tag-pompiers","25":"tag-provence-alpes-cote-dazur","26":"tag-republique-francaise"},"share_on_mastodon":{"url":"https:\/\/pubeurope.com\/@fr\/114871538948553170","error":""},"_links":{"self":[{"href":"https:\/\/www.europesays.com\/fr\/wp-json\/wp\/v2\/posts\/255196","targetHints":{"allow":["GET"]}}],"collection":[{"href":"https:\/\/www.europesays.com\/fr\/wp-json\/wp\/v2\/posts"}],"about":[{"href":"https:\/\/www.europesays.com\/fr\/wp-json\/wp\/v2\/types\/post"}],"author":[{"embeddable":true,"href":"https:\/\/www.europesays.com\/fr\/wp-json\/wp\/v2\/users\/2"}],"replies":[{"embeddable":true,"href":"https:\/\/www.europesays.com\/fr\/wp-json\/wp\/v2\/comments?post=255196"}],"version-history":[{"count":0,"href":"https:\/\/www.europesays.com\/fr\/wp-json\/wp\/v2\/posts\/255196\/revisions"}],"wp:featuredmedia":[{"embeddable":true,"href":"https:\/\/www.europesays.com\/fr\/wp-json\/wp\/v2\/media\/255197"}],"wp:attachment":[{"href":"https:\/\/www.europesays.com\/fr\/wp-json\/wp\/v2\/media?parent=255196"}],"wp:term":[{"taxonomy":"category","embeddable":true,"href":"https:\/\/www.europesays.com\/fr\/wp-json\/wp\/v2\/categories?post=255196"},{"taxonomy":"post_tag","embeddable":true,"href":"https:\/\/www.europesays.com\/fr\/wp-json\/wp\/v2\/tags?post=255196"}],"curies":[{"name":"wp","href":"https:\/\/api.w.org\/{rel}","templated":true}]}}