{"id":255210,"date":"2025-07-18T01:12:12","date_gmt":"2025-07-18T01:12:12","guid":{"rendered":"https:\/\/www.europesays.com\/fr\/255210\/"},"modified":"2025-07-18T01:12:12","modified_gmt":"2025-07-18T01:12:12","slug":"previsions-du-vendredi-18-juillet-2025-8","status":"publish","type":"post","link":"https:\/\/www.europesays.com\/fr\/255210\/","title":{"rendered":"pr\u00e9visions du vendredi 18 juillet 2025"},"content":{"rendered":"<p>Marseille va vivre une magnifique journ\u00e9e tr\u00e8s ensoleill\u00e9e. Les valeurs afficheront entre 24 et 27\u00b0C, un temps r\u00e9solument de saison. Les temp\u00e9ratures tourneront autour des 26\u00b0C dans la matin\u00e9e. Un vent de sud soufflera l\u00e9g\u00e8rement. Ce sera un bel \u00e9t\u00e9 : les valeurs seront comprises entre 26 et 27\u00b0C l&rsquo;apr\u00e8s-midi. Les temp\u00e9ratures s&rsquo;\u00e9chelonneront entre 24\u00b0C et 26\u00b0C dans la soir\u00e9e, donnant aux habitants l&rsquo;occasion d&rsquo;appr\u00e9cier la belle saison. Le ciel sera clair dans la nuit de vendredi \u00e0 samedi.<\/p>\n<p>Demain, les valeurs afficheront entre 23 et 28\u00b0C \u00e0 Marseille, un temps vraiment de saison. Une modeste brise de sud-est sera ressentie par les habitants. Le ciel sera relativement lumineux, avec quelques \u00e9claircies le matin. Il va faire 26\u00b0C en moyenne. Un splendide soleil va briller et ce, tout au long de l&rsquo;apr\u00e8s-midi. Il va faire chaud avec des temp\u00e9ratures qui seront comprises entre 26 et 28\u00b0C. Il fera environ 25\u00b0C, demain soir.<\/p>\n<p>Les jours qui suivent s&rsquo;annoncent identiques. Il va faire un temps plut\u00f4t ensoleill\u00e9 avec des temp\u00e9ratures avoisinant 27\u00b0C.<\/p>\n<p><\/p>\n","protected":false},"excerpt":{"rendered":"Marseille va vivre une magnifique journ\u00e9e tr\u00e8s ensoleill\u00e9e. Les valeurs afficheront entre 24 et 27\u00b0C, un temps r\u00e9solument&hellip;\n","protected":false},"author":2,"featured_media":255211,"comment_status":"","ping_status":"","sticky":false,"template":"","format":"standard","meta":{"footnotes":""},"categories":[2814],"tags":[1111,11,885,1777,674,1011,27,884,12,883,2119,882,25],"class_list":{"0":"post-255210","1":"post","2":"type-post","3":"status-publish","4":"format-standard","5":"has-post-thumbnail","7":"category-marseille","8":"tag-actu","9":"tag-actualites","10":"tag-bouches-du-rhone","11":"tag-eu","12":"tag-europe","13":"tag-fr","14":"tag-france","15":"tag-marseille","16":"tag-news","17":"tag-paca","18":"tag-previsions-meteo","19":"tag-provence-alpes-cote-dazur","20":"tag-republique-francaise"},"share_on_mastodon":{"url":"https:\/\/pubeurope.com\/@fr\/114871582336382961","error":""},"_links":{"self":[{"href":"https:\/\/www.europesays.com\/fr\/wp-json\/wp\/v2\/posts\/255210","targetHints":{"allow":["GET"]}}],"collection":[{"href":"https:\/\/www.europesays.com\/fr\/wp-json\/wp\/v2\/posts"}],"about":[{"href":"https:\/\/www.europesays.com\/fr\/wp-json\/wp\/v2\/types\/post"}],"author":[{"embeddable":true,"href":"https:\/\/www.europesays.com\/fr\/wp-json\/wp\/v2\/users\/2"}],"replies":[{"embeddable":true,"href":"https:\/\/www.europesays.com\/fr\/wp-json\/wp\/v2\/comments?post=255210"}],"version-history":[{"count":0,"href":"https:\/\/www.europesays.com\/fr\/wp-json\/wp\/v2\/posts\/255210\/revisions"}],"wp:featuredmedia":[{"embeddable":true,"href":"https:\/\/www.europesays.com\/fr\/wp-json\/wp\/v2\/media\/255211"}],"wp:attachment":[{"href":"https:\/\/www.europesays.com\/fr\/wp-json\/wp\/v2\/media?parent=255210"}],"wp:term":[{"taxonomy":"category","embeddable":true,"href":"https:\/\/www.europesays.com\/fr\/wp-json\/wp\/v2\/categories?post=255210"},{"taxonomy":"post_tag","embeddable":true,"href":"https:\/\/www.europesays.com\/fr\/wp-json\/wp\/v2\/tags?post=255210"}],"curies":[{"name":"wp","href":"https:\/\/api.w.org\/{rel}","templated":true}]}}