{"id":255214,"date":"2025-07-18T01:14:13","date_gmt":"2025-07-18T01:14:13","guid":{"rendered":"https:\/\/www.europesays.com\/fr\/255214\/"},"modified":"2025-07-18T01:14:13","modified_gmt":"2025-07-18T01:14:13","slug":"pose-de-premiere-pierre-de-felix-et-de-flora","status":"publish","type":"post","link":"https:\/\/www.europesays.com\/fr\/255214\/","title":{"rendered":"Pose de premi\u00e8re pierre de \u00abF\u00e9lix\u00bb et de \u00abFlora\u00bb"},"content":{"rendered":"<p><img width=\"487\" height=\"299\" src=\"https:\/\/www.europesays.com\/fr\/wp-content\/uploads\/2025\/07\/Vilogia-PUP-Vienne-Duvivier.jpg\" class=\"attachment-post-thumbnail size-post-thumbnail wp-post-image\" alt=\"\" decoding=\"async\" fetchpriority=\"high\" \/>\t<\/p>\n<p><strong>Vilogia a pos\u00e9 ce jeudi la premi\u00e8re pierre de ces programmes immobiliers construits dans le cadre du PUP Vienne Duvivier, dans le 7e arrondissement de Lyon.<\/strong><\/p>\n<p>Vilogia a pos\u00e9 de jeudi 17 juillet, en pr\u00e9sence d\u2019\u00e9lus et de partenaires, la premi\u00e8re pierre des programmes immobiliers \u00abF\u00e9lix\u00bb et \u00abFlora\u00bb, construits dans le cadre du projet urbain partenarial (PUP) Vienne Duvivier, dans le 7e arrondissement de Lyon. Etaient notamment pr\u00e9sents l\u2019adjointe au maire de Lyon, Sophia Popoff, le vice-pr\u00e9sident de la M\u00e9tropole de Lyon, Renaud Payre, ainsi que la vice-pr\u00e9sidente de la M\u00e9tropole de Lyon, B\u00e9atrice Vessiller, mais aussi Philippe R\u00e9mignon, pr\u00e9sident du directoire de Vilogia. <\/p>\n<p><img decoding=\"async\" src=\"https:\/\/www.europesays.com\/fr\/wp-content\/uploads\/2025\/04\/abonnezvouslarge.jpg\" alt=\"\" \/><\/p>\n<p>Pour lire la totalit\u00e9 de l&rsquo;article,<strong> <a href=\"http:\/\/www.lyonpoleimmo.com\/membership-options-page\/\" target=\"_blank\" rel=\"noopener\">abonnez-vous<\/a> <\/strong>ou <a href=\"http:\/\/www.lyonpoleimmo.com\/senregistrer\/\" target=\"_blank\" rel=\"noopener\"><strong>identifiez-vous<\/strong><\/a>  <\/p>\n<p><strong>Si vous avez appr\u00e9ci\u00e9 cet article, s&rsquo;il vous plait, prenez le temps de <a href=\"#comments\">laisser un commentaire<\/a> ou de <a href=\"http:\/\/www.lyonpoleimmo.com\/feed\/\" target=\"_blank\" rel=\"noopener\">souscrire au flux<\/a> afin de recevoir les futurs articles directement dans votre lecteur de flux.<br \/>\n    <\/strong><\/p>\n<p>\t<a href=\"http:\/\/www.lyonpoleimmo.com\/2025\/07\/17\/91680\/alliade-habitat-poursuit-ses-rehabilitations-pour-le-confort-des-locataires\/\" rel=\"bookmark noopener\" title=\"Lien Permanent vers Alliade Habitat poursuit ses r\u00e9habilitations pour le confort des locataires\" target=\"_blank\">Alliade Habitat poursuit ses r\u00e9habilitations pour le confort des locataires<\/a><\/p>\n<p>\t<a href=\"http:\/\/www.lyonpoleimmo.com\/2025\/07\/17\/91680\/alliade-habitat-poursuit-ses-rehabilitations-pour-le-confort-des-locataires\/\" rel=\"bookmark noopener\" title=\"Lien Permanent vers Alliade Habitat poursuit ses r\u00e9habilitations pour le confort des locataires\" target=\"_blank\"><\/p>\n<p>Face aux fortes chaleurs, l\u2019entreprise sociale pour l\u2019habitat maintient ses efforts en mati\u00e8re de r\u00e9habilitation thermique afin d\u2019am\u00e9liorer le confort de ses locataires.<\/p>\n<p><\/a><\/p>\n<p>\t<a href=\"http:\/\/www.lyonpoleimmo.com\/2025\/07\/16\/91665\/le-taux-du-livret-a-ramene-a-17-au-1er-aout\/\" rel=\"bookmark noopener\" title=\"Lien Permanent vers Le taux du livret A ramen\u00e9 \u00e0 1,7% au 1er ao\u00fbt\" target=\"_blank\">Le taux du livret A ramen\u00e9 \u00e0 1,7% au 1er ao\u00fbt<\/a><\/p>\n<p>\t<a href=\"http:\/\/www.lyonpoleimmo.com\/2025\/07\/16\/91665\/le-taux-du-livret-a-ramene-a-17-au-1er-aout\/\" rel=\"bookmark noopener\" title=\"Lien Permanent vers Le taux du livret A ramen\u00e9 \u00e0 1,7% au 1er ao\u00fbt\" target=\"_blank\"><\/p>\n<p>Le gouvernement met en avant \u00abun soutien suppl\u00e9mentaire pour la production de nouveaux logements sociaux\u00bb. La d\u00e9cision a \u00e9t\u00e9 bien accueillie par les bailleurs sociaux.<\/p>\n<p><\/a><\/p>\n<p>\t<a href=\"http:\/\/www.lyonpoleimmo.com\/2025\/07\/14\/91633\/les-partenaires-daction-logement-defendent-le-parisianisme\/\" rel=\"bookmark noopener\" title=\"Lien Permanent vers Les partenaires d\u2019Action Logement d\u00e9fendent le paritarisme\" target=\"_blank\">Les partenaires d\u2019Action Logement d\u00e9fendent le paritarisme<\/a><\/p>\n<p>\t<a href=\"http:\/\/www.lyonpoleimmo.com\/2025\/07\/14\/91633\/les-partenaires-daction-logement-defendent-le-parisianisme\/\" rel=\"bookmark noopener\" title=\"Lien Permanent vers Les partenaires d\u2019Action Logement d\u00e9fendent le paritarisme\" target=\"_blank\"><\/p>\n<p>Les partenaires sociaux d\u2019Action Logement ont adress\u00e9 un courrier au Premier ministre, pour d\u00e9fendre le mod\u00e8le paritaire.<\/p>\n<p><\/a><\/p>\n<p>\t<a href=\"http:\/\/www.lyonpoleimmo.com\/2025\/07\/08\/91585\/une-convention-de-partenariat-elargie-entre-soliha-et-la-metropole-de-lyon\/\" rel=\"bookmark noopener\" title=\"Lien Permanent vers Une convention de partenariat \u00e9largie entre Soliha et la M\u00e9tropole de Lyon\" target=\"_blank\">Une convention de partenariat \u00e9largie entre Soliha et la M\u00e9tropole de Lyon<\/a><\/p>\n<p>\t<a href=\"http:\/\/www.lyonpoleimmo.com\/2025\/07\/08\/91585\/une-convention-de-partenariat-elargie-entre-soliha-et-la-metropole-de-lyon\/\" rel=\"bookmark noopener\" title=\"Lien Permanent vers Une convention de partenariat \u00e9largie entre Soliha et la M\u00e9tropole de Lyon\" target=\"_blank\"><\/p>\n<p><img decoding=\"async\" src=\"https:\/\/www.europesays.com\/fr\/wp-content\/uploads\/2025\/07\/soliha.jpg\" alt=\"null\" \/>A l\u2019occasion des 20 ans de leur partenariat, celui-ci a \u00e9t\u00e9 confirm\u00e9 avec la signature d\u2019une nouvelle convention.<\/p>\n<p><\/a><\/p>\n<p>\t<a href=\"http:\/\/www.lyonpoleimmo.com\/2025\/07\/08\/91593\/nouvelle-etape-pour-le-projet-dhabitat-participatif-a-laennec\/\" rel=\"bookmark noopener\" title=\"Lien Permanent vers Nouvelle \u00e9tape pour le projet d\u2019habitat participatif \u00e0 La\u00ebnnec\" target=\"_blank\">Nouvelle \u00e9tape pour le projet d\u2019habitat participatif \u00e0 La\u00ebnnec<\/a><\/p>\n<p>\t<a href=\"http:\/\/www.lyonpoleimmo.com\/2025\/07\/08\/91593\/nouvelle-etape-pour-le-projet-dhabitat-participatif-a-laennec\/\" rel=\"bookmark noopener\" title=\"Lien Permanent vers Nouvelle \u00e9tape pour le projet d\u2019habitat participatif \u00e0 La\u00ebnnec\" target=\"_blank\"><\/p>\n<p>Une r\u00e9union aura lieu ce mercredi pour pr\u00e9senter les avanc\u00e9es du projet.<\/p>\n<p><\/a><\/p>\n<p>\t<a href=\"http:\/\/www.lyonpoleimmo.com\/2025\/07\/07\/91577\/pose-de-1ere-pierre-de-la-residence-panorama\/\" rel=\"bookmark noopener\" title=\"Lien Permanent vers Pose de 1\u00e8re pierre de la r\u00e9sidence \u00ab Panorama \u00bb\" target=\"_blank\">Pose de 1\u00e8re pierre de la r\u00e9sidence \u00ab Panorama \u00bb<\/a><\/p>\n<p>\t<a href=\"http:\/\/www.lyonpoleimmo.com\/2025\/07\/07\/91577\/pose-de-1ere-pierre-de-la-residence-panorama\/\" rel=\"bookmark noopener\" title=\"Lien Permanent vers Pose de 1\u00e8re pierre de la r\u00e9sidence \u00ab Panorama \u00bb\" target=\"_blank\"><\/p>\n<p><img decoding=\"async\" src=\"https:\/\/www.europesays.com\/fr\/wp-content\/uploads\/2025\/07\/pose-premiere-pierre-panorama.jpg\" alt=\"null\" \/>Groupe Gambetta et Rh\u00f4ne Sa\u00f4ne Habitat ont pos\u00e9 mercredi 2 juillet \u00e0 Caluire-et-Cuire la premi\u00e8re pierre de cette r\u00e9sidence de 33 logements.<\/p>\n<p><\/a><\/p>\n<p>\t<a href=\"http:\/\/www.lyonpoleimmo.com\/2025\/07\/03\/91537\/reunion-du-2e-comite-de-pilotage-du-contrat-de-ville-metropolitain-2024-2030\/\" rel=\"bookmark noopener\" title=\"Lien Permanent vers R\u00e9union du 2e comit\u00e9 de pilotage du contrat de ville m\u00e9tropolitain 2024-2030\" target=\"_blank\">R\u00e9union du 2e comit\u00e9 de pilotage du contrat de ville m\u00e9tropolitain 2024-2030<\/a><\/p>\n<p>\t<a href=\"http:\/\/www.lyonpoleimmo.com\/2025\/07\/03\/91537\/reunion-du-2e-comite-de-pilotage-du-contrat-de-ville-metropolitain-2024-2030\/\" rel=\"bookmark noopener\" title=\"Lien Permanent vers R\u00e9union du 2e comit\u00e9 de pilotage du contrat de ville m\u00e9tropolitain 2024-2030\" target=\"_blank\"><\/p>\n<p>Celle-ci a eu lieu le 26 juin dernier. A cette occasion, l\u2019ensemble des partenaires ont r\u00e9affirm\u00e9 leurs engagements.<\/p>\n<p><\/a><\/p>\n<p>\t<a href=\"http:\/\/www.lyonpoleimmo.com\/2025\/06\/29\/91470\/de-nouvelles-mesures-pour-le-logement-a-lyon\/\" rel=\"bookmark noopener\" title=\"Lien Permanent vers De nouvelles mesures pour le logement \u00e0 Lyon\" target=\"_blank\">De nouvelles mesures pour le logement \u00e0 Lyon<\/a><\/p>\n<p>\t<a href=\"http:\/\/www.lyonpoleimmo.com\/2025\/06\/29\/91470\/de-nouvelles-mesures-pour-le-logement-a-lyon\/\" rel=\"bookmark noopener\" title=\"Lien Permanent vers De nouvelles mesures pour le logement \u00e0 Lyon\" target=\"_blank\"><\/p>\n<p><img decoding=\"async\" src=\"https:\/\/www.europesays.com\/fr\/wp-content\/uploads\/2025\/07\/immeuble58.jpg\" alt=\"null\" \/>Trois grandes mesures ont \u00e9t\u00e9 vot\u00e9es lors du conseil municipal du 26 juin en faveur de l\u2019acc\u00e8s au logement.<\/p>\n<p><\/a><\/p>\n<p>\t<a href=\"http:\/\/www.lyonpoleimmo.com\/2025\/06\/24\/91419\/rebond-de-lilc-de-lilat-et-de-licc\/\" rel=\"bookmark noopener\" title=\"Lien Permanent vers Rebond de l\u2019ILC, de l\u2019ILAT et de l\u2019ICC\" target=\"_blank\">Rebond de l\u2019ILC, de l\u2019ILAT et de l\u2019ICC<\/a><\/p>\n<p>\t<a href=\"http:\/\/www.lyonpoleimmo.com\/2025\/06\/24\/91419\/rebond-de-lilc-de-lilat-et-de-licc\/\" rel=\"bookmark noopener\" title=\"Lien Permanent vers Rebond de l\u2019ILC, de l\u2019ILAT et de l\u2019ICC\" target=\"_blank\"><\/p>\n<p>L\u2019INSEE a fait part ce mardi de plusieurs indices, dont l\u2019ILAT et l\u2019ILC.<\/p>\n<p><\/a><\/p>\n<p>\t<a href=\"http:\/\/www.lyonpoleimmo.com\/2025\/06\/22\/91371\/revision-a-la-hausse-la-perspective-de-notation-dinli\/\" rel=\"bookmark noopener\" title=\"Lien Permanent vers R\u00e9vision \u00e0 la hausse la perspective de notation d\u2019in\u2019li\" target=\"_blank\">R\u00e9vision \u00e0 la hausse la perspective de notation d\u2019in\u2019li<\/a><\/p>\n<p>\t<a href=\"http:\/\/www.lyonpoleimmo.com\/2025\/06\/22\/91371\/revision-a-la-hausse-la-perspective-de-notation-dinli\/\" rel=\"bookmark noopener\" title=\"Lien Permanent vers R\u00e9vision \u00e0 la hausse la perspective de notation d\u2019in\u2019li\" target=\"_blank\"><\/p>\n<p>C\u2019est ce qu\u2019a indiqu\u00e9 l\u2019agence de notation Moody\u2019s Investors Services.<\/p>\n<p><\/a><\/p>\n<p>\t<a href=\"http:\/\/www.lyonpoleimmo.com\/2025\/06\/17\/91307\/suspension-des-arretes-de-michele-picard\/\" rel=\"bookmark noopener\" title=\"Lien Permanent vers Suspension des arr\u00eat\u00e9s de Mich\u00e8le Picard\" target=\"_blank\">Suspension des arr\u00eat\u00e9s de Mich\u00e8le Picard<\/a><\/p>\n<p>\t<a href=\"http:\/\/www.lyonpoleimmo.com\/2025\/06\/17\/91307\/suspension-des-arretes-de-michele-picard\/\" rel=\"bookmark noopener\" title=\"Lien Permanent vers Suspension des arr\u00eat\u00e9s de Mich\u00e8le Picard\" target=\"_blank\"><\/p>\n<p>Mich\u00e8le Picard, maire de V\u00e9nissieux, avait interdit, en amont de la fin de la tr\u00eave hivernale, les interruptions de fournitures d\u2019\u00e9lectricit\u00e9 et de gaz et les saisies mobili\u00e8res. Les arr\u00eat\u00e9s imposaient une obligation de relogement et d\u2019information avant toute expulsion locative. Le tribunal administratif a suspendu ceux-ci.<\/p>\n<p><\/a><\/p>\n<p>\t<a href=\"http:\/\/www.lyonpoleimmo.com\/2025\/06\/02\/91093\/un-vote-de-6-millions-deuros-pour-le-fonds-de-solidarite-logement\/\" rel=\"bookmark noopener\" title=\"Lien Permanent vers Un vote de 6 millions d\u2019euros pour le Fonds de solidarit\u00e9 logement\" target=\"_blank\">Un vote de 6 millions d\u2019euros pour le Fonds de solidarit\u00e9 logement<\/a><\/p>\n<p>\t<a href=\"http:\/\/www.lyonpoleimmo.com\/2025\/06\/02\/91093\/un-vote-de-6-millions-deuros-pour-le-fonds-de-solidarite-logement\/\" rel=\"bookmark noopener\" title=\"Lien Permanent vers Un vote de 6 millions d\u2019euros pour le Fonds de solidarit\u00e9 logement\" target=\"_blank\"><\/p>\n<p>La M\u00e9tropole de Lyon a vot\u00e9 pour un budget de 6 millions d\u2019euros en 2025. Elle l\u2019\u00e9tend par ailleurs aux jeunes en situation de pr\u00e9carit\u00e9.<\/p>\n<p><\/a><\/p>\n<p>\t<a href=\"http:\/\/www.lyonpoleimmo.com\/2025\/06\/02\/91100\/ces-lieux-sont-la-pour-apaiser-les-craintes\/\" rel=\"bookmark noopener\" title=\"Lien Permanent vers \u00abCes lieux sont l\u00e0 pour apaiser les craintes\u00bb\" target=\"_blank\">\u00abCes lieux sont l\u00e0 pour apaiser les craintes\u00bb<\/a><\/p>\n<p>\t<a href=\"http:\/\/www.lyonpoleimmo.com\/2025\/06\/02\/91100\/ces-lieux-sont-la-pour-apaiser-les-craintes\/\" rel=\"bookmark noopener\" title=\"Lien Permanent vers \u00abCes lieux sont l\u00e0 pour apaiser les craintes\u00bb\" target=\"_blank\"><\/p>\n<p>G\u00e9rald Eymard est maire de Charbonni\u00e8res-les-Bains. Nous avons, \u00e0 l\u2019occasion de l\u2019inauguration du campus du num\u00e9rique, \u00e9voqu\u00e9 avec lui l\u2019importance de ce projet pour sa commune.<\/p>\n<p><\/a><\/p>\n<p>\t<a href=\"http:\/\/www.lyonpoleimmo.com\/2025\/05\/28\/91049\/plus-de-178-000-heures-dinsertion-en-2024-chez-grandlyon-habitat\/\" rel=\"bookmark noopener\" title=\"Lien Permanent vers Plus de 178.000 heures d\u2019insertion en 2024 chez GrandLyon Habitat\" target=\"_blank\">Plus de 178.000 heures d\u2019insertion en 2024 chez GrandLyon Habitat<\/a><\/p>\n<p>\t<a href=\"http:\/\/www.lyonpoleimmo.com\/2025\/05\/28\/91049\/plus-de-178-000-heures-dinsertion-en-2024-chez-grandlyon-habitat\/\" rel=\"bookmark noopener\" title=\"Lien Permanent vers Plus de 178.000 heures d\u2019insertion en 2024 chez GrandLyon Habitat\" target=\"_blank\"><\/p>\n<p>C\u2019est ce qu\u2019a indiqu\u00e9 l\u2019office public de l\u2019habitat m\u00e9tropolitain il y a quelques jours.<\/p>\n<p><\/a><\/p>\n<p>\t<a href=\"http:\/\/www.lyonpoleimmo.com\/2025\/05\/27\/91042\/un-decret-de-prorogation-exceptionnelle-des-permis-de-construire\/\" rel=\"bookmark noopener\" title=\"Lien Permanent vers Un d\u00e9cret de prorogation exceptionnelle des permis de construire\" target=\"_blank\">Un d\u00e9cret de prorogation exceptionnelle des permis de construire<\/a><\/p>\n<p>\t<a href=\"http:\/\/www.lyonpoleimmo.com\/2025\/05\/27\/91042\/un-decret-de-prorogation-exceptionnelle-des-permis-de-construire\/\" rel=\"bookmark noopener\" title=\"Lien Permanent vers Un d\u00e9cret de prorogation exceptionnelle des permis de construire\" target=\"_blank\"><\/p>\n<p>La ministre du logement, Val\u00e9rie L\u00e9tard, a annonc\u00e9 avoir pris ce d\u00e9cret, fruit des engagements qu\u2019elle avait pris \u00e0 l\u2019occasion du MIPIM.<\/p>\n<p><\/a><\/p>\n","protected":false},"excerpt":{"rendered":"Vilogia a pos\u00e9 ce jeudi la premi\u00e8re pierre de ces programmes immobiliers construits dans le cadre du PUP&hellip;\n","protected":false},"author":2,"featured_media":255215,"comment_status":"","ping_status":"","sticky":false,"template":"","format":"standard","meta":{"footnotes":""},"categories":[1889],"tags":[5265,1111,11,2430,1777,674,1011,27,23563,16354,2428,12,25],"class_list":{"0":"post-255214","1":"post","2":"type-post","3":"status-publish","4":"format-standard","5":"has-post-thumbnail","7":"category-lyon","8":"tag-abonnes","9":"tag-actu","10":"tag-actualites","11":"tag-auvergne-rhone-alpes","12":"tag-eu","13":"tag-europe","14":"tag-fr","15":"tag-france","16":"tag-lactualite-du-neuf","17":"tag-logement-social","18":"tag-lyon","19":"tag-news","20":"tag-republique-francaise"},"share_on_mastodon":{"url":"https:\/\/pubeurope.com\/@fr\/114871590379295592","error":""},"_links":{"self":[{"href":"https:\/\/www.europesays.com\/fr\/wp-json\/wp\/v2\/posts\/255214","targetHints":{"allow":["GET"]}}],"collection":[{"href":"https:\/\/www.europesays.com\/fr\/wp-json\/wp\/v2\/posts"}],"about":[{"href":"https:\/\/www.europesays.com\/fr\/wp-json\/wp\/v2\/types\/post"}],"author":[{"embeddable":true,"href":"https:\/\/www.europesays.com\/fr\/wp-json\/wp\/v2\/users\/2"}],"replies":[{"embeddable":true,"href":"https:\/\/www.europesays.com\/fr\/wp-json\/wp\/v2\/comments?post=255214"}],"version-history":[{"count":0,"href":"https:\/\/www.europesays.com\/fr\/wp-json\/wp\/v2\/posts\/255214\/revisions"}],"wp:featuredmedia":[{"embeddable":true,"href":"https:\/\/www.europesays.com\/fr\/wp-json\/wp\/v2\/media\/255215"}],"wp:attachment":[{"href":"https:\/\/www.europesays.com\/fr\/wp-json\/wp\/v2\/media?parent=255214"}],"wp:term":[{"taxonomy":"category","embeddable":true,"href":"https:\/\/www.europesays.com\/fr\/wp-json\/wp\/v2\/categories?post=255214"},{"taxonomy":"post_tag","embeddable":true,"href":"https:\/\/www.europesays.com\/fr\/wp-json\/wp\/v2\/tags?post=255214"}],"curies":[{"name":"wp","href":"https:\/\/api.w.org\/{rel}","templated":true}]}}