{"id":255216,"date":"2025-07-18T01:15:20","date_gmt":"2025-07-18T01:15:20","guid":{"rendered":"https:\/\/www.europesays.com\/fr\/255216\/"},"modified":"2025-07-18T01:15:20","modified_gmt":"2025-07-18T01:15:20","slug":"pour-le-gouvernement-lislam-est-devenu-la-bete-a-abattre-liberation","status":"publish","type":"post","link":"https:\/\/www.europesays.com\/fr\/255216\/","title":{"rendered":"pour le gouvernement, \u00abl\u2019islam est devenu la b\u00eate \u00e0 abattre\u00bb \u2013 Lib\u00e9ration"},"content":{"rendered":"<p class=\"sc-ksZaOG ehjQrN text-element\">Recteur de la Grande Mosqu\u00e9e de Lyon (Rh\u00f4ne), Kamel Kabtane est un des grands barons r\u00e9gionaux de l\u2019islam de France, vieux routier aussi des tractations politico-religieuses. Il d\u00e9plore le climat d\u00e9l\u00e9t\u00e8re qui s\u2019est install\u00e9 ces derni\u00e8res ann\u00e9es et les attaques r\u00e9p\u00e9t\u00e9es contre les milieux musulmans. Pour lui, l\u2019urgence est de f\u00e9d\u00e9rer les responsables musulmans et, dans ce but, il organisera le 4 octobre un colloque, \u00e0 Lyon, sur l\u2019islam des terroirs et des territoires.<\/p>\n<p class=\"sc-ksZaOG ehjQrN text-element\"><b>Pourquoi avoir r\u00e9uni en urgence les mosqu\u00e9es de votre r\u00e9gion le 13 juillet ?<\/b><\/p>\n<p class=\"sc-ksZaOG ehjQrN text-element\">Qu\u2019un conseil de d\u00e9fense, le 7 juillet, ait \u00e9t\u00e9 exclusivement <a href=\"https:\/\/www.liberation.fr\/societe\/religions\/le-gouvernement-durcit-le-dispositif-de-surveillance-des-associations-musulmanes-20250707_5DWIIRZK2JB5XGOGLDBHS5EDAY\/\" target=\"_blank\" rel=\"nofollow noopener\" title=\"https:\/\/www.liberation.fr\/societe\/religions\/le-gouvernement-durcit-le-dispositif-de-surveillance-des-associations-musulmanes-20250707_5DWIIRZK2JB5XGOGLDBHS5EDAY\/\">consacr\u00e9 aux musulmans<\/a> nous inqui\u00e9tait. Nous voulions comprendre ce qui avait \u00e9t\u00e9 d\u00e9cid\u00e9. Depuis le vote, en 2021, de la <a href=\"https:\/\/www.liberation.fr\/france\/2021\/02\/02\/separatisme-un-tournant-pour-la-loi-de-1905_1818957\/\" target=\"_blank\" rel=\"nofollow noopener\" title=\"https:\/\/www.liberation.fr\/france\/2021\/02\/02\/separatisme-un-tournant-pour-la-loi-de-1905_1818957\/\">loi contre le s\u00e9paratisme<\/a>, le contexte est tr\u00e8s tendu. Et cela s\u2019aggrave. Ces deux conseils de d\u00e9fense successifs ont eu lieu apr\u00e8s la rupture des contrat<\/p>\n","protected":false},"excerpt":{"rendered":"Recteur de la Grande Mosqu\u00e9e de Lyon (Rh\u00f4ne), Kamel Kabtane est un des grands barons r\u00e9gionaux de l\u2019islam&hellip;\n","protected":false},"author":2,"featured_media":255217,"comment_status":"","ping_status":"","sticky":false,"template":"","format":"standard","meta":{"footnotes":""},"categories":[1889],"tags":[1111,11,2430,1777,674,1011,27,5318,6269,2428,12,25],"class_list":{"0":"post-255216","1":"post","2":"type-post","3":"status-publish","4":"format-standard","5":"has-post-thumbnail","7":"category-lyon","8":"tag-actu","9":"tag-actualites","10":"tag-auvergne-rhone-alpes","11":"tag-eu","12":"tag-europe","13":"tag-fr","14":"tag-france","15":"tag-islam","16":"tag-islamophobie","17":"tag-lyon","18":"tag-news","19":"tag-republique-francaise"},"share_on_mastodon":{"url":"https:\/\/pubeurope.com\/@fr\/114871594024538530","error":""},"_links":{"self":[{"href":"https:\/\/www.europesays.com\/fr\/wp-json\/wp\/v2\/posts\/255216","targetHints":{"allow":["GET"]}}],"collection":[{"href":"https:\/\/www.europesays.com\/fr\/wp-json\/wp\/v2\/posts"}],"about":[{"href":"https:\/\/www.europesays.com\/fr\/wp-json\/wp\/v2\/types\/post"}],"author":[{"embeddable":true,"href":"https:\/\/www.europesays.com\/fr\/wp-json\/wp\/v2\/users\/2"}],"replies":[{"embeddable":true,"href":"https:\/\/www.europesays.com\/fr\/wp-json\/wp\/v2\/comments?post=255216"}],"version-history":[{"count":0,"href":"https:\/\/www.europesays.com\/fr\/wp-json\/wp\/v2\/posts\/255216\/revisions"}],"wp:featuredmedia":[{"embeddable":true,"href":"https:\/\/www.europesays.com\/fr\/wp-json\/wp\/v2\/media\/255217"}],"wp:attachment":[{"href":"https:\/\/www.europesays.com\/fr\/wp-json\/wp\/v2\/media?parent=255216"}],"wp:term":[{"taxonomy":"category","embeddable":true,"href":"https:\/\/www.europesays.com\/fr\/wp-json\/wp\/v2\/categories?post=255216"},{"taxonomy":"post_tag","embeddable":true,"href":"https:\/\/www.europesays.com\/fr\/wp-json\/wp\/v2\/tags?post=255216"}],"curies":[{"name":"wp","href":"https:\/\/api.w.org\/{rel}","templated":true}]}}