{"id":255228,"date":"2025-07-18T01:22:22","date_gmt":"2025-07-18T01:22:22","guid":{"rendered":"https:\/\/www.europesays.com\/fr\/255228\/"},"modified":"2025-07-18T01:22:22","modified_gmt":"2025-07-18T01:22:22","slug":"time-fait-sa-couverture-sur-les-enfants-ukrainiens-enleves-par-la-russie","status":"publish","type":"post","link":"https:\/\/www.europesays.com\/fr\/255228\/","title":{"rendered":"Time fait sa couverture sur les enfants ukrainiens enlev\u00e9s par la Russie"},"content":{"rendered":"<p>Le jeudi 17 juillet, le magazine am\u00e9ricain Time a publi\u00e9 une nouvelle couverture rappelant les milliers d&rsquo;enfants ukrainiens enlev\u00e9s par les Russes.<\/p>\n<p style=\"text-align: justify;\">La publication correspondante est apparue sur le r\u00e9seau social X, rapporte Ukrinform.<\/p>\n<p style=\"text-align: justify;\">\u00ab L`enl\u00e8vement. Des milliers d&rsquo;enfants ont \u00e9t\u00e9 enlev\u00e9s en Ukraine par des soldats russes. La lutte pour leur retour \u00bb, lit-on dans le titre de la couverture.<\/p>\n<p style=\"text-align: justify;\">Avant la publication de l&rsquo;article, Simon Shuster, journaliste \u00e0 Time, s&rsquo;est aussi entretenu avec le pr\u00e9sident ukrainien Volodymyr Zelensky sur le sujet.<\/p>\n<blockquote class=\"twitter-tweet\" data-media-max-width=\"560\"><p>&#13;<\/p>\n<p dir=\"ltr\" lang=\"en\">TIME&rsquo;s latest cover: Over the past few months, the fate of kidnapped Ukrainian children has been pushed to the edges of the peace process, intensifying fears across the country that they may never come home.<\/p>\n<p>Inside the struggle to get them back: <a href=\"https:\/\/t.co\/cuucfQpUeu\" rel=\"nofollow\">https:\/\/t.co\/cuucfQpUeu<\/a> <a href=\"https:\/\/t.co\/iqduhiQvA9\" rel=\"nofollow\">pic.twitter.com\/iqduhiQvA9<\/a><\/p>\n<p>&#13;<br \/>\n\u2014 TIME (@TIME) <a href=\"https:\/\/twitter.com\/TIME\/status\/1945802024903180300?ref_src=twsrc%5Etfw\" rel=\"nofollow noopener\" target=\"_blank\">July 17, 2025<\/a><\/p><\/blockquote>\n<p style=\"text-align: justify;\">\u00c0 chaque cycle de n\u00e9gociations de paix, M. Zelensky a insist\u00e9 sur le fait que l&rsquo;Ukraine continuerait d&rsquo;exiger le retour des enfants ukrainiens.<\/p>\n<p style=\"text-align: justify;\">M\u00eame apr\u00e8s sa dispute avec le pr\u00e9sident am\u00e9ricain Donald Trump dans le bureau ovale, il a continu\u00e9 \u00e0 soulever la question lors de leurs appels t\u00e9l\u00e9phoniques.<\/p>\n<p style=\"text-align: justify;\">\u00ab Nous avons parl\u00e9 des enfants. Il y a vraiment de gros obstacles. Il y a des enfants qui ont perdu leurs parents, mais leur grand-m\u00e8re les attend ici \u00bb, a d\u00e9clar\u00e9 M. Zelensky dans son bureau \u00e0 Kyiv.<\/p>\n<p style=\"text-align: justify;\">Le pr\u00e9sident ukrainien refuse de consid\u00e9rer les enfants enlev\u00e9s comme des prisonniers de guerre, m\u00eame si un tel statut pourrait leur donner le droit d&rsquo;\u00eatre \u00e9chang\u00e9s avec les Russes.<\/p>\n<p style=\"text-align: justify;\">\u00ab Il ne peut s&rsquo;agir d&rsquo;un \u00e9change, car nous ne vivons pas dans un autre si\u00e8cle. Ce n&rsquo;est pas la m\u00eame chose que de les racheter de l&rsquo;esclavage \u00bb, a dit le pr\u00e9sident ukrainien.<\/p>\n<p style=\"text-align: justify;\">Selon lui, le seul moyen de rapatrier les enfants est de mener une campagne internationale pour contraindre le dirigeant russe Vladimir Poutine, que ce soit par des sanctions contre la Russie, un soutien militaire \u00e0 l&rsquo;Ukraine ou des poursuites p\u00e9nales telles que celles auxquelles Poutine est d\u00e9j\u00e0 confront\u00e9 \u00e0 la Cour p\u00e9nale internationale de La Haye.<\/p>\n<p style=\"text-align: justify;\">\u00ab La question se r\u00e9sume \u00e0 la volont\u00e9 de certains dirigeants qui peuvent faire pression sur Poutine pour qu&rsquo;il rende les enfants. Trump est l&rsquo;un d&rsquo;entre eux. Il n&rsquo;y a pas d&rsquo;autre moyen \u00bb, a ajout\u00e9 M. Zelensky.<\/p>\n<p style=\"text-align: justify;\">Depuis le d\u00e9but de la guerre, environ 1 200 enfants enlev\u00e9s par la Russie sont d\u00e9j\u00e0 rentr\u00e9s en Ukraine, principalement gr\u00e2ce aux efforts persistants de leurs proches et des organisations humanitaires.<\/p>\n<p style=\"text-align: justify;\">Les repr\u00e9sentants de l&rsquo;Ukraine \u00e0 Istanbul ont demand\u00e9 aux Russes de restituer 339 enfants suppl\u00e9mentaires, esp\u00e9rant que le Kremlin y verrait un moyen facile d&rsquo;instaurer la confiance et de faire preuve de bonne volont\u00e9 dans les pourparlers de paix.<\/p>\n<p style=\"text-align: justify;\">Selon les autorit\u00e9s ukrainiennes, 19 546 enfants au total doivent encore \u00eatre rapatri\u00e9s.<\/p>\n<p style=\"text-align: justify;\">Comme le rapporte Ukrinform, l&rsquo;\u00e9dition am\u00e9ricaine du New York Post, connue pour son soutien au Parti r\u00e9publicain, a publi\u00e9 dans son num\u00e9ro du 11 juillet une photo du corps d&rsquo;un petit gar\u00e7on d&rsquo;un an d\u00e9c\u00e9d\u00e9 dans la r\u00e9gion de Kherson \u00e0 la suite d&rsquo;une attaque de drone russe dans le village de Pravdyne.<\/p>\n<p style=\"text-align: justify;\">Photo : SES<\/p>\n<p>            <script async src=\"https:\/\/platform.twitter.com\/widgets.js\" charset=\"utf-8\"><\/script><\/p>\n","protected":false},"excerpt":{"rendered":"Le jeudi 17 juillet, le magazine am\u00e9ricain Time a publi\u00e9 une nouvelle couverture rappelant les milliers d&rsquo;enfants ukrainiens&hellip;\n","protected":false},"author":2,"featured_media":255229,"comment_status":"","ping_status":"","sticky":false,"template":"","format":"standard","meta":{"footnotes":""},"categories":[1591],"tags":[11,1887,12,1885,1886,132],"class_list":{"0":"post-255228","1":"post","2":"type-post","3":"status-publish","4":"format-standard","5":"has-post-thumbnail","7":"category-russie","8":"tag-actualites","9":"tag-federation-de-russie","10":"tag-news","11":"tag-russia","12":"tag-russian-federation","13":"tag-russie"},"share_on_mastodon":{"url":"https:\/\/pubeurope.com\/@fr\/114871621625835592","error":""},"_links":{"self":[{"href":"https:\/\/www.europesays.com\/fr\/wp-json\/wp\/v2\/posts\/255228","targetHints":{"allow":["GET"]}}],"collection":[{"href":"https:\/\/www.europesays.com\/fr\/wp-json\/wp\/v2\/posts"}],"about":[{"href":"https:\/\/www.europesays.com\/fr\/wp-json\/wp\/v2\/types\/post"}],"author":[{"embeddable":true,"href":"https:\/\/www.europesays.com\/fr\/wp-json\/wp\/v2\/users\/2"}],"replies":[{"embeddable":true,"href":"https:\/\/www.europesays.com\/fr\/wp-json\/wp\/v2\/comments?post=255228"}],"version-history":[{"count":0,"href":"https:\/\/www.europesays.com\/fr\/wp-json\/wp\/v2\/posts\/255228\/revisions"}],"wp:featuredmedia":[{"embeddable":true,"href":"https:\/\/www.europesays.com\/fr\/wp-json\/wp\/v2\/media\/255229"}],"wp:attachment":[{"href":"https:\/\/www.europesays.com\/fr\/wp-json\/wp\/v2\/media?parent=255228"}],"wp:term":[{"taxonomy":"category","embeddable":true,"href":"https:\/\/www.europesays.com\/fr\/wp-json\/wp\/v2\/categories?post=255228"},{"taxonomy":"post_tag","embeddable":true,"href":"https:\/\/www.europesays.com\/fr\/wp-json\/wp\/v2\/tags?post=255228"}],"curies":[{"name":"wp","href":"https:\/\/api.w.org\/{rel}","templated":true}]}}