{"id":255234,"date":"2025-07-18T01:25:13","date_gmt":"2025-07-18T01:25:13","guid":{"rendered":"https:\/\/www.europesays.com\/fr\/255234\/"},"modified":"2025-07-18T01:25:13","modified_gmt":"2025-07-18T01:25:13","slug":"le-gouvernement-va-abaisser-lage-du-droit-de-vote-a-16-ans","status":"publish","type":"post","link":"https:\/\/www.europesays.com\/fr\/255234\/","title":{"rendered":"le gouvernement va abaisser l&rsquo;\u00e2ge du droit de vote \u00e0 16 ans"},"content":{"rendered":"<p>Le gouvernement britannique va accorder le droit de vote aux jeunes de 16 et 17 ans outre-Manche, conform\u00e9ment \u00e0 une promesse de campagne du Parti travailliste.<\/p>\n<p class=\"fig-paragraph\">Le gouvernement britannique a annonc\u00e9 jeudi 17 juillet qu\u2019il allait abaisser l\u2019\u00e2ge du droit de vote de 18 \u00e0 16 ans pour toutes les \u00e9lections au Royaume-Uni. \u00abLes jeunes contribuent d\u00e9j\u00e0 \u00e0 la soci\u00e9t\u00e9 en travaillant, en payant des imp\u00f4ts et en servant dans l\u2019arm\u00e9e. Il est normal qu\u2019ils puissent s\u2019exprimer sur les questions qui les concernent\u00bb, a d\u00e9clar\u00e9 la num\u00e9ro 2 du gouvernement, Angela Rayner sur X. Ce changement, qui doit encore \u00eatre approuv\u00e9 par le Parlement, permettra que \u00abplus de personnes puissent s\u2019engager dans la d\u00e9mocratie britannique\u00bb, a-t-elle ajout\u00e9 dans un communiqu\u00e9.<\/p>\n<p class=\"fig-paragraph\">Cette nouvelle mesure permettra aux jeunes de 16 ans de voter \u00e0 toutes les \u00e9lections, notamment les \u00e9lections l\u00e9gislatives pr\u00e9vues en 2029. Pr\u00e9sent\u00e9e comme une mesure de \u00abmodernisation de la d\u00e9mocratie britannique\u00bb, elle faisait partie du programme \u00e9lectoral du travailliste\u00a0<a href=\"https:\/\/www.lefigaro.fr\/tag\/keir-starmer\" target=\"_blank\" rel=\"sponsored noopener\" data-gtm-custom-categorie=\"navigation\" data-gtm-custom-action=\"crossclick\" data-gtm-custom-label=\"Contextuel\" data-gtm-event=\"customEventSPE\">Keir Starmer<\/a>, arriv\u00e9 au pouvoir en juillet 2024.<\/p>\n<p>                                    <a class=\"fig-a11y-skip a11y-hidden\" href=\"#fig-a11y-skip-main-inarticle\"><br \/>\n        Passer la publicit\u00e9<br \/>\n    <\/a><\/p>\n<p>\u00abAider le plus grand nombre de personnes \u00e0 exercer leur droit d\u00e9mocratique\u00bb<\/p>\n<p class=\"fig-paragraph\">La r\u00e9forme devrait aussi permettre de voter en s\u2019identifiant avec une carte de cr\u00e9dit britannique. Les \u00e9lecteurs au Royaume-Uni peuvent d\u00e9j\u00e0 voter en pr\u00e9sentant un passeport, un permis de conduire, une carte de transport pour personne \u00e2g\u00e9es, et depuis l\u2019an dernier une carte d\u2019ancien combattant.<\/p>\n<p class=\"fig-paragraph\">Il faut \u00abaider le plus grand nombre de personnes \u00e0 exercer leur droit d\u00e9mocratique\u00bb, pr\u00e9cise le communiqu\u00e9 du gouvernement. Selon Mme Rayner, \u00abbeaucoup trop de personnes\u00bb ont \u00e9t\u00e9 d\u00e9courag\u00e9es \u00e0 cause de \u00abr\u00e8gles\u00bb trop rigides. La participation aux \u00e9lections l\u00e9gislatives britanniques l\u2019an dernier avait \u00e9t\u00e9 de 59,7%, la plus basse depuis 2001.<\/p>\n<p class=\"fig-paragraph\">\u00c0 ce jour, seuls quelques pays autorisent les jeunes de 16 ans \u00e0 voter aux \u00e9lections nationales. Parmi eux, l\u2019Autriche, qui fut le premier pays de l\u2019Union europ\u00e9enne \u00e0 avoir abaiss\u00e9 l\u2019\u00e2ge du droit de vote \u00e0 16 ans en 2007.<\/p>\n","protected":false},"excerpt":{"rendered":"Le gouvernement britannique va accorder le droit de vote aux jeunes de 16 et 17 ans outre-Manche, conform\u00e9ment&hellip;\n","protected":false},"author":2,"featured_media":255235,"comment_status":"","ping_status":"","sticky":false,"template":"","format":"standard","meta":{"footnotes":""},"categories":[1588],"tags":[11,13963,1777,674,12,473,1853,1851,1850,1852],"class_list":{"0":"post-255234","1":"post","2":"type-post","3":"status-publish","4":"format-standard","5":"has-post-thumbnail","7":"category-royaume-uni","8":"tag-actualites","9":"tag-droit-de-vote","10":"tag-eu","11":"tag-europe","12":"tag-news","13":"tag-royaume-uni","14":"tag-royaume-uni-de-grande-bretagne-et-dirlande-du-nord","15":"tag-uk","16":"tag-united-kingdom","17":"tag-united-kingdom-of-great-britain-and-northern-ireland"},"share_on_mastodon":{"url":"https:\/\/pubeurope.com\/@fr\/114871633455568343","error":""},"_links":{"self":[{"href":"https:\/\/www.europesays.com\/fr\/wp-json\/wp\/v2\/posts\/255234","targetHints":{"allow":["GET"]}}],"collection":[{"href":"https:\/\/www.europesays.com\/fr\/wp-json\/wp\/v2\/posts"}],"about":[{"href":"https:\/\/www.europesays.com\/fr\/wp-json\/wp\/v2\/types\/post"}],"author":[{"embeddable":true,"href":"https:\/\/www.europesays.com\/fr\/wp-json\/wp\/v2\/users\/2"}],"replies":[{"embeddable":true,"href":"https:\/\/www.europesays.com\/fr\/wp-json\/wp\/v2\/comments?post=255234"}],"version-history":[{"count":0,"href":"https:\/\/www.europesays.com\/fr\/wp-json\/wp\/v2\/posts\/255234\/revisions"}],"wp:featuredmedia":[{"embeddable":true,"href":"https:\/\/www.europesays.com\/fr\/wp-json\/wp\/v2\/media\/255235"}],"wp:attachment":[{"href":"https:\/\/www.europesays.com\/fr\/wp-json\/wp\/v2\/media?parent=255234"}],"wp:term":[{"taxonomy":"category","embeddable":true,"href":"https:\/\/www.europesays.com\/fr\/wp-json\/wp\/v2\/categories?post=255234"},{"taxonomy":"post_tag","embeddable":true,"href":"https:\/\/www.europesays.com\/fr\/wp-json\/wp\/v2\/tags?post=255234"}],"curies":[{"name":"wp","href":"https:\/\/api.w.org\/{rel}","templated":true}]}}