{"id":255236,"date":"2025-07-18T01:26:20","date_gmt":"2025-07-18T01:26:20","guid":{"rendered":"https:\/\/www.europesays.com\/fr\/255236\/"},"modified":"2025-07-18T01:26:20","modified_gmt":"2025-07-18T01:26:20","slug":"le-royaume-uni-et-lallemagne-signent-un-accord-sur-la-defense-et-la-migration-xinhua","status":"publish","type":"post","link":"https:\/\/www.europesays.com\/fr\/255236\/","title":{"rendered":"Le Royaume-Uni et l&rsquo;Allemagne signent un accord sur la d\u00e9fense et la migration &#8211; Xinhua"},"content":{"rendered":"<p>                       &#13;<br \/>\n            Le Royaume-Uni et l&rsquo;Allemagne signent un accord sur la d\u00e9fense et la migration  &#8211; Xinhua &#8211; french.news.cn&#13;<br \/>\n                       <a title=\"\u5206\u4eab\u5230Facebook\" href=\"\" target=\"_blank\" class=\"bshare-facebook\"\/> <a title=\"\u5206\u4eab\u5230Twitter\" href=\"\" target=\"_blank\" class=\"bshare-twitter\"\/> <a title=\"\u5206\u4eab\u5230\u5fae\u4fe1\" href=\"\" class=\"bshare-weixin\"><img decoding=\"async\" src=\"https:\/\/www.europesays.com\/fr\/wp-content\/uploads\/2025\/07\/zxcode_202507186c2cee7bea5745af88b990590acae9cc.jpg\"\/><\/a> <a title=\"\u5206\u4eab\u5230\u65b0\u6d6a\u5fae\u535a\" target=\"_blank\" href=\"\" class=\"bshare-sinaminiblog\"\/>  <img decoding=\"async\" controls=\"controls\" src=\"https:\/\/www.europesays.com\/fr\/wp-content\/uploads\/2025\/07\/202507186c2cee7bea5745af88b990590acae9cc_XxjifrF007008_20250718_CBMFN0A001.JPG\"\/>LONDRES, 17 juillet (Xinhua) &#8212; Le Premier ministre britannique Keir Starmer (\u00e0 gauche) serre la main du chancelier allemand Friedrich Merz au 10 Downing Street dans la capitale britannique, Londres, le 17 juillet 2025. MM. Starmer et Merz ont sign\u00e9 jeudi un accord bilat\u00e9ral de grande envergure couvrant divers domaines, dont la d\u00e9fense et la migration, qui est consid\u00e9r\u00e9 comme le trait\u00e9 le plus important entre les deux pays depuis la fin de la Seconde Guerre mondiale. (Xinhua)<img decoding=\"async\" controls=\"controls\" src=\"https:\/\/www.europesays.com\/fr\/wp-content\/uploads\/2025\/07\/202507186c2cee7bea5745af88b990590acae9cc_XxjifrF007008_20250718_CBMFN0A002.JPG\"\/>Le Premier ministre britannique Keir Starmer (\u00e0 gauche) serre la main du chancelier allemand Friedrich Merz au 10 Downing Street dans la capitale britannique, Londres, le 17 juillet 2025. (Xinhua)<img decoding=\"async\" controls=\"controls\" src=\"https:\/\/www.europesays.com\/fr\/wp-content\/uploads\/2025\/07\/202507186c2cee7bea5745af88b990590acae9cc_XxjifrF007008_20250718_CBMFN0A003.JPG\"\/>Le Premier ministre britannique Keir Starmer (\u00e0 gauche) serre la main du chancelier allemand Friedrich Merz au 10 Downing Street dans la capitale britannique, Londres, le 17 juillet 2025. (Xinhua)  <img loading=\"lazy\" decoding=\"async\" src=\"https:\/\/www.europesays.com\/fr\/wp-content\/uploads\/2025\/04\/jc-logo.png\" width=\"152\" height=\"25\"\/> <img loading=\"lazy\" decoding=\"async\" src=\"https:\/\/www.europesays.com\/fr\/wp-content\/uploads\/2025\/04\/jc-close.png\" width=\"10\" height=\"10\"\/>  Vous avez une question, une remarque, des suggestions ? Contactez<br \/>\n                                    notre \u00e9quipe de r\u00e9daction par e-mail \u00e0 <a href=\"https:\/\/french.news.cn\/20250718\/6c2cee7bea5745af88b990590acae9cc\/mailto:xinhuanet_french@news.cn\" rel=\"nofollow noopener\" target=\"_blank\">xinhuanet_french@news.cn<\/a> <a title=\"\u5206\u4eab\u5230Facebook\" href=\"\" target=\"_blank\" class=\"bshare-facebook\"\/> <a title=\"\u5206\u4eab\u5230Twitter\" href=\"\" target=\"_blank\" class=\"bshare-twitter\"\/> <a title=\"\u5206\u4eab\u5230\u5fae\u4fe1\" href=\"\" class=\"bshare-weixin\"><img decoding=\"async\" src=\"https:\/\/www.europesays.com\/fr\/wp-content\/uploads\/2025\/07\/zxcode_202507186c2cee7bea5745af88b990590acae9cc.jpg\"\/><\/a> <a title=\"\u5206\u4eab\u5230\u65b0\u6d6a\u5fae\u535a\" target=\"_blank\" href=\"\" class=\"bshare-sinaminiblog\"\/>     <\/p>\n<p>&#13;<br \/>\n            Sponsored by Xinhua News Agency. Copyright \u00a9 2000-&#13;<br \/>\n             XINHUANET.com All rights reserved.&#13;\n        <\/p>\n<p> <img decoding=\"async\" src=\"\"\/> <\/p>\n<p>&#13;<br \/>\n                Le Royaume-Uni et l&rsquo;Allemagne signent un accord sur la d\u00e9fense et la migration &#13;\n            <\/p>\n","protected":false},"excerpt":{"rendered":"&#13; Le Royaume-Uni et l&rsquo;Allemagne signent un accord sur la d\u00e9fense et la migration &#8211; Xinhua &#8211; french.news.cn&#13;&hellip;\n","protected":false},"author":2,"featured_media":255237,"comment_status":"","ping_status":"","sticky":false,"template":"","format":"standard","meta":{"footnotes":""},"categories":[1587],"tags":[11,672,1804,1805,1803,1777,674,1801,12,1802,473],"class_list":{"0":"post-255236","1":"post","2":"type-post","3":"status-publish","4":"format-standard","5":"has-post-thumbnail","7":"category-allemagne","8":"tag-actualites","9":"tag-allemagne","10":"tag-bundesrepublik-deutschland","11":"tag-de","12":"tag-deutschland","13":"tag-eu","14":"tag-europe","15":"tag-germany","16":"tag-news","17":"tag-republique-federale-dallemagne","18":"tag-royaume-uni"},"share_on_mastodon":{"url":"https:\/\/pubeurope.com\/@fr\/114871637832608149","error":""},"_links":{"self":[{"href":"https:\/\/www.europesays.com\/fr\/wp-json\/wp\/v2\/posts\/255236","targetHints":{"allow":["GET"]}}],"collection":[{"href":"https:\/\/www.europesays.com\/fr\/wp-json\/wp\/v2\/posts"}],"about":[{"href":"https:\/\/www.europesays.com\/fr\/wp-json\/wp\/v2\/types\/post"}],"author":[{"embeddable":true,"href":"https:\/\/www.europesays.com\/fr\/wp-json\/wp\/v2\/users\/2"}],"replies":[{"embeddable":true,"href":"https:\/\/www.europesays.com\/fr\/wp-json\/wp\/v2\/comments?post=255236"}],"version-history":[{"count":0,"href":"https:\/\/www.europesays.com\/fr\/wp-json\/wp\/v2\/posts\/255236\/revisions"}],"wp:featuredmedia":[{"embeddable":true,"href":"https:\/\/www.europesays.com\/fr\/wp-json\/wp\/v2\/media\/255237"}],"wp:attachment":[{"href":"https:\/\/www.europesays.com\/fr\/wp-json\/wp\/v2\/media?parent=255236"}],"wp:term":[{"taxonomy":"category","embeddable":true,"href":"https:\/\/www.europesays.com\/fr\/wp-json\/wp\/v2\/categories?post=255236"},{"taxonomy":"post_tag","embeddable":true,"href":"https:\/\/www.europesays.com\/fr\/wp-json\/wp\/v2\/tags?post=255236"}],"curies":[{"name":"wp","href":"https:\/\/api.w.org\/{rel}","templated":true}]}}