{"id":255238,"date":"2025-07-18T01:27:15","date_gmt":"2025-07-18T01:27:15","guid":{"rendered":"https:\/\/www.europesays.com\/fr\/255238\/"},"modified":"2025-07-18T01:27:15","modified_gmt":"2025-07-18T01:27:15","slug":"la-france-toujours-championne-deurope-de-la-pression-fiscale","status":"publish","type":"post","link":"https:\/\/www.europesays.com\/fr\/255238\/","title":{"rendered":"La France toujours championne d\u2019Europe de la pression fiscale"},"content":{"rendered":"<p><strong>EXCLUSIF &#8211;\u00a0<\/strong>Ce n\u2019est qu\u2019\u00e0 partir du 18\u00a0juillet que les actifs fran\u00e7ais finissent symboliquement de payer les diff\u00e9rents imp\u00f4ts et cotisations qui p\u00e8sent sur leur salaire.<\/p>\n<p class=\"fig-paragraph\">Cette ann\u00e9e, pour les contribuables, il y a une mauvaise et une encore plus mauvaise nouvelle. La premi\u00e8re, c\u2019est\u00a0<a href=\"http:\/\/www.lefigaro.fr\/conjoncture\/la-france-toujours-championne-d-europe-de-la-pression-fiscale-20240717\" data-fig-type=\"Article\" data-gtm-custom-categorie=\"navigation\" data-gtm-custom-action=\"crossclick\" data-gtm-custom-label=\"Contextuel\" data-gtm-event=\"customEventSPE\" data-fig-domain=\"LEFIGARO\" target=\"_blank\" rel=\"noopener\">que les actifs fran\u00e7ais sont (encore), en 2025,<\/a>\u00a0les derniers Europ\u00e9ens \u00e0 terminer de s\u2019acquitter des imp\u00f4ts et cotisations qui p\u00e8sent sur leur salaire. La deuxi\u00e8me, c\u2019est qu\u2019ils finiront encore plus tard l\u2019ann\u00e9e prochaine. Cette ann\u00e9e, le \u00ab\u00a0jour de lib\u00e9ration fiscale et sociale\u00a0\u00bb tombe en effet ce vendredi 18\u00a0juillet, selon une \u00e9tude r\u00e9alis\u00e9e par l\u2019Institut \u00e9conomique Molinari (IEM), en partenariat avec le cabinet de conseil EY. En clair, un salari\u00e9 moyen (c\u00e9libataire sans enfants, qui touche le salaire moyen) doit figurativement travailler jusqu\u2019\u00e0 cette date pour s\u2019acquitter de l\u2019ensemble\u00a0<a href=\"http:\/\/www.lefigaro.fr\/conjoncture\/la-france-championne-du-monde-des-charges-patronales-les-plus-lourdes-selon-un-rapport-de-l-ocde-20240425\" target=\"_blank\" data-fig-type=\"NewsFlash\" rel=\"noopener\" data-gtm-custom-categorie=\"navigation\" data-gtm-custom-action=\"crossclick\" data-gtm-custom-label=\"Contextuel\" data-gtm-event=\"customEventSPE\" data-fig-domain=\"LEFIGARO\">des cotisations salariales et patronales<\/a>, de l\u2019imp\u00f4t sur le revenu et de la TVA. Ce n\u2019est qu\u2019ensuite qu\u2019il commence \u00e0 travailler pour lui.<\/p>\n<p class=\"fig-paragraph\">\u00ab\u00a0Cette date marque symboliquement le jour o\u00f9 le salari\u00e9 est libre de faire ce qu\u2019il veut de son argent\u00a0\u00bb, explique le directeur g\u00e9n\u00e9ral de l\u2019Institut\u2026<\/p>\n<p class=\"fig-premium-paywall__infos\">\n        Cet article est r\u00e9serv\u00e9 aux abonn\u00e9s.        Il vous reste 84% \u00e0 d\u00e9couvrir.\n    <\/p>\n<p>                <img  data- alt=\"Le Figaro\" class=\"fig-img--complete fig-img\"\/><\/p>\n<p class=\"fig-premium-paywall__title\">Vous avez envie de lire la suite ?<\/p>\n<p class=\"fig-premium-paywall__subtitle\">D\u00e9bloquez tous les articles imm\u00e9diatement.<\/p>\n<p class=\"fig-premium-paywall__connect\">\n                D\u00e9j\u00e0 abonn\u00e9\u00a0?                <a class=\"fig-premium-paywall__connect-link\" href=\"https:\/\/connect.lefigaro.fr\/login?client=horizon_web&amp;type=main&amp;redirect_uri=https%3A%2F%2Fwww.lefigaro.fr%2Fconjoncture%2Fjour-de-liberation-fiscale-a-compter-de-ce-18-juillet-les-francais-travaillent-enfin-pour-eux-memes-20250717\" data-js-gtm=\"{&quot;customCategorie&quot;: &quot;conversion&quot;, &quot;customAction&quot;: &quot;before_Landing_Connexion_paywall_auto&quot;, &quot;customLabel&quot;: &quot;bGVmaWdhcm8uZnJfXzFmMDYyNWNhLThkYzctNmI0NC05OWQzLWJkODkxMGQ5YzhjZF9fQXJ0aWNsZQ==_La France toujours championne d\u2019Europe de la pression fiscale_146&quot;, &quot;customIDSPE&quot;: &quot;bGVmaWdhcm8uZnJfXzFmMDYyNWNhLThkYzctNmI0NC05OWQzLWJkODkxMGQ5YzhjZF9fQXJ0aWNsZQ==&quot;, &quot;event&quot;: &quot;customEventSPE&quot;}\" target=\"_blank\" rel=\"noopener\"><br \/>\n                    Connectez-vous<br \/>\n                <\/a>\n            <\/p>\n","protected":false},"excerpt":{"rendered":"EXCLUSIF &#8211;\u00a0Ce n\u2019est qu\u2019\u00e0 partir du 18\u00a0juillet que les actifs fran\u00e7ais finissent symboliquement de payer les diff\u00e9rents imp\u00f4ts&hellip;\n","protected":false},"author":2,"featured_media":255239,"comment_status":"","ping_status":"","sticky":false,"template":"","format":"standard","meta":{"footnotes":""},"categories":[1586],"tags":[11,1777,674,6329,1011,27,431,342,12,25],"class_list":{"0":"post-255238","1":"post","2":"type-post","3":"status-publish","4":"format-standard","5":"has-post-thumbnail","7":"category-europe","8":"tag-actualites","9":"tag-eu","10":"tag-europe","11":"tag-finances-publiques","12":"tag-fr","13":"tag-france","14":"tag-francois-bayrou","15":"tag-impots","16":"tag-news","17":"tag-republique-francaise"},"share_on_mastodon":{"url":"https:\/\/pubeurope.com\/@fr\/114871641272543229","error":""},"_links":{"self":[{"href":"https:\/\/www.europesays.com\/fr\/wp-json\/wp\/v2\/posts\/255238","targetHints":{"allow":["GET"]}}],"collection":[{"href":"https:\/\/www.europesays.com\/fr\/wp-json\/wp\/v2\/posts"}],"about":[{"href":"https:\/\/www.europesays.com\/fr\/wp-json\/wp\/v2\/types\/post"}],"author":[{"embeddable":true,"href":"https:\/\/www.europesays.com\/fr\/wp-json\/wp\/v2\/users\/2"}],"replies":[{"embeddable":true,"href":"https:\/\/www.europesays.com\/fr\/wp-json\/wp\/v2\/comments?post=255238"}],"version-history":[{"count":0,"href":"https:\/\/www.europesays.com\/fr\/wp-json\/wp\/v2\/posts\/255238\/revisions"}],"wp:featuredmedia":[{"embeddable":true,"href":"https:\/\/www.europesays.com\/fr\/wp-json\/wp\/v2\/media\/255239"}],"wp:attachment":[{"href":"https:\/\/www.europesays.com\/fr\/wp-json\/wp\/v2\/media?parent=255238"}],"wp:term":[{"taxonomy":"category","embeddable":true,"href":"https:\/\/www.europesays.com\/fr\/wp-json\/wp\/v2\/categories?post=255238"},{"taxonomy":"post_tag","embeddable":true,"href":"https:\/\/www.europesays.com\/fr\/wp-json\/wp\/v2\/tags?post=255238"}],"curies":[{"name":"wp","href":"https:\/\/api.w.org\/{rel}","templated":true}]}}