{"id":255250,"date":"2025-07-18T01:34:14","date_gmt":"2025-07-18T01:34:14","guid":{"rendered":"https:\/\/www.europesays.com\/fr\/255250\/"},"modified":"2025-07-18T01:34:14","modified_gmt":"2025-07-18T01:34:14","slug":"rugby-a-xiii-quatre-retours-chez-les-dragons-catalans-avant-de-recevoir-le-leader-hull-kr","status":"publish","type":"post","link":"https:\/\/www.europesays.com\/fr\/255250\/","title":{"rendered":"Rugby \u00e0 XIII\u00a0: quatre retours chez les Dragons Catalans avant de recevoir le leader Hull KR"},"content":{"rendered":"<p>\n                                                                Joel Tomkins a d\u00e9voil\u00e9 la liste des joueurs qui pr\u00e9parent la r\u00e9ception d\u2019Hull KR \u00e0 Gilbert-Brutus (samedi\u00a019 h). Parmi eux, le capitaine Benjamin Garcia qui a purg\u00e9 ses quatre matches de suspension.\n                            <\/p>\n<p>Enfin quelques retours dans les rangs des Dragons Catalan. Apr\u00e8s avoir encha\u00een\u00e9 trois matches (1 victoire contre Huddersfield et 2 d\u00e9faites contre Wakefield et Warrington) avec des groupes quasiment identiques, Joel Tomkins peut compter sur de nouvelles t\u00eates pour la r\u00e9ception du leader de Super League, Hull KR.<\/p>\n<p>Touch\u00e9 aux ischio-jambiers depuis la r\u00e9ception de Leigh fin juin, le centre Arthur Romano devrait faire son retour \u00e0 la comp\u00e9tition ce samedi (19\u00a0h) et r\u00e9appara\u00eet donc dans le groupe de 21 joueurs convoqu\u00e9s. Tout comme le deuxi\u00e8me ligne Tariq Sims, bless\u00e9 au mollet depuis le d\u00e9placement \u00e0 Hull KR le 13\u00a0juin. Apr\u00e8s avoir r\u00e9alis\u00e9 plusieurs s\u00e9ances sp\u00e9cifiques, ce jeudi, il a pleinement pris part \u00e0 la derni\u00e8re s\u00e9ance d\u2019entra\u00eenement de la semaine en int\u00e9grant la rotation. Il pourrait ainsi faire son retour sur la feuille de match en prenant place sur le banc.<\/p>\n<p>Mais le retour le plus important reste celui du capitaine Benjamin Garcia. Suspendu depuis son coup de sang et son carton rouge re\u00e7u justement \u00e0 Hull KR, le talonneur des Dragons Catalans va retrouver le maillot sang et or. Il pourrait m\u00eame retrouver le poste qu\u2019il avait quitt\u00e9 il y a un mois, en deuxi\u00e8me ligne. Th\u00e9o Fages est lui aussi soign\u00e9 de sa cuisse et r\u00e9int\u00e8gre le groupe apr\u00e8s avoir re\u00e7u le feu vert m\u00e9dical.<\/p>\n<p>Sironen et Smith encore sur le flanc<\/p>\n<p>Au rayon des absents, Sam Tomkins rejoints comme annonc\u00e9 la liste. Touch\u00e9 au genou droit avant le match contre Warrington, l\u2019arri\u00e8re catalan en a pour plusieurs semaines. Bailey Sironen (\u00e9paule) et Reimis Smith (commotion) ne sont toujours pas aptes \u00e0 jouer, m\u00eame s\u2019ils ont pris part \u00e0 l\u2019entra\u00eenement de ce jeudi avec une chasuble distinguable de bless\u00e9. Le pilier Jordan Dezaria et l\u2019ailier Fouad Yaha sortent aussi du groupe.<\/p>\n<p>Ainsi, avec les renforts \u00e9voqu\u00e9s, Joel Tomkins devraient s\u2019appuyer sur ce qui a march\u00e9 en deuxi\u00e8me mi-temps contre Warrington, notamment devant, avec une premi\u00e8re ligne inchang\u00e9e et Tevita Pangai Junior maintenu en deuxi\u00e8me ligne. Avec le retour d\u2019Arthur Romano, Nick Cotric pourrait quant \u00e0 lui retrouver son aile.<\/p>\n<p>Les 21 Dragons\u00a0: Makinson, Romano, Cotric, Keary, Pangai Junior, Garcia, Bousquet, Sims, Partington, Da Costa, Satae, Navarrete, Roug\u00e9, S\u00e9guier, Fages, Laguerre, F.\u00a0Maria, Aispuro-Bichet, C.\u00a0Martin, Darr\u00e9latour, Balmforth.<\/p>\n","protected":false},"excerpt":{"rendered":"Joel Tomkins a d\u00e9voil\u00e9 la liste des joueurs qui pr\u00e9parent la r\u00e9ception d\u2019Hull KR \u00e0 Gilbert-Brutus (samedi\u00a019 h).&hellip;\n","protected":false},"author":2,"featured_media":255251,"comment_status":"","ping_status":"","sticky":false,"template":"","format":"standard","meta":{"footnotes":""},"categories":[1416],"tags":[1011,27,479,1468,60],"class_list":{"0":"post-255250","1":"post","2":"type-post","3":"status-publish","4":"format-standard","5":"has-post-thumbnail","7":"category-rugby","8":"tag-fr","9":"tag-france","10":"tag-rugby","11":"tag-rugby-football","12":"tag-sports"},"share_on_mastodon":{"url":"https:\/\/pubeurope.com\/@fr\/114871668788433286","error":""},"_links":{"self":[{"href":"https:\/\/www.europesays.com\/fr\/wp-json\/wp\/v2\/posts\/255250","targetHints":{"allow":["GET"]}}],"collection":[{"href":"https:\/\/www.europesays.com\/fr\/wp-json\/wp\/v2\/posts"}],"about":[{"href":"https:\/\/www.europesays.com\/fr\/wp-json\/wp\/v2\/types\/post"}],"author":[{"embeddable":true,"href":"https:\/\/www.europesays.com\/fr\/wp-json\/wp\/v2\/users\/2"}],"replies":[{"embeddable":true,"href":"https:\/\/www.europesays.com\/fr\/wp-json\/wp\/v2\/comments?post=255250"}],"version-history":[{"count":0,"href":"https:\/\/www.europesays.com\/fr\/wp-json\/wp\/v2\/posts\/255250\/revisions"}],"wp:featuredmedia":[{"embeddable":true,"href":"https:\/\/www.europesays.com\/fr\/wp-json\/wp\/v2\/media\/255251"}],"wp:attachment":[{"href":"https:\/\/www.europesays.com\/fr\/wp-json\/wp\/v2\/media?parent=255250"}],"wp:term":[{"taxonomy":"category","embeddable":true,"href":"https:\/\/www.europesays.com\/fr\/wp-json\/wp\/v2\/categories?post=255250"},{"taxonomy":"post_tag","embeddable":true,"href":"https:\/\/www.europesays.com\/fr\/wp-json\/wp\/v2\/tags?post=255250"}],"curies":[{"name":"wp","href":"https:\/\/api.w.org\/{rel}","templated":true}]}}