{"id":255254,"date":"2025-07-18T01:37:05","date_gmt":"2025-07-18T01:37:05","guid":{"rendered":"https:\/\/www.europesays.com\/fr\/255254\/"},"modified":"2025-07-18T01:37:05","modified_gmt":"2025-07-18T01:37:05","slug":"motogp-a-deux-doigts-dune-sentence-cruelle-le-duo-yamaha-pramac-sous-pression-a-brno","status":"publish","type":"post","link":"https:\/\/www.europesays.com\/fr\/255254\/","title":{"rendered":"MotoGP A deux doigts d&rsquo;une sentence cruelle, le duo Yamaha-Pramac sous pression, \u00e0 Brno !"},"content":{"rendered":"<p>Entre Jack Miller et Miguel Oliveira, Yamaha et Pramac devront bient\u00f4t choisir, en MotoGP. La d\u00e9cision \u00e9tant attendue dans le courant de l\u2019\u00e9t\u00e9. A savoir, lequel des deux sera conserv\u00e9 l\u2019an prochain, dans le cadre de la poursuite du projet. Selon nous (mais cela n\u2019engage que nous), le pilote australien dispose d\u2019un net avantage, confirm\u00e9 le week-end dernier sur le Sachsenring.<\/p>\n<p>MotoGP : Brno, ultime opportunit\u00e9 de briller pour Miller et Oliveira ?<\/p>\n<p>De mani\u00e8re g\u00e9n\u00e9rale, d\u2019ailleurs, depuis le d\u00e9but de la saison 2025, Miller a toujours \u00e9t\u00e9 plus performant que son co\u00e9quipier portugais. Et m\u00eame, que Fabio Quartararo. Si bien que nous voyons mal comment Yamaha pourrait retenir quelqu\u2019un d\u2019autre que Jack. A moins qu\u2019aucun des deux pilotes ne soit conserv\u00e9, d\u2019autres pistes \u00e9tant \u00e0 l\u2019\u00e9tude. Quoiqu\u2019il en soit, pour les deux hommes, cette \u00e9preuve de Brno constituera probablement leur derni\u00e8re occasion de briller, et de d\u00e9montrer \u00e0 leur employeur \u00e0 quel point ils sont importants.<\/p>\n<p>\u201cJe suis vraiment curieux de voir comment les choses se d\u00e9rouleront ce week-end \u00e0 Brno\u201c, confie Gino Borsoi, le patron de Pramac, \u00e0 l\u2019aube du coup d\u2019envoi du Grand-Prix de Tch\u00e9quie. Gr\u00e2ce aux deux jours d\u2019essais, Miguel dispose d\u2019une base solide pour d\u00e9marrer, tandis que Jack, comme la plupart des pilotes, devra se familiariser avec la piste, notamment avec le nouvel asphalte. Comme peu de pilotes ont effectu\u00e9 des essais ici, j\u2019esp\u00e8re que cela nous donnera l\u2019avantage pour obtenir un bon r\u00e9sultat.\u201d, conclut l\u2019Italien, qui esp\u00e8re donc commencer \u00e0 r\u00e9colter les fruits des bons essais, r\u00e9alis\u00e9s en amont de cette \u00e9preuve.<\/p>\n<p>\u00ab Je sors d\u2019un bon week-end o\u00f9 je me suis senti bien sur la moto et o\u00f9 j\u2019ai marqu\u00e9 des points lors des deux courses\u201c, rappelle Jack Miller, histoire que ses employeurs n\u2019oublient pas \u00e0 quel point sa saison est meilleure que celle de son compagnon d\u2019\u00e9curie. M\u00eame si j\u2019aurais aim\u00e9 rester plus pr\u00e8s de Fabio (Quartararo), qui a fait un excellent travail. Je suis heureux d\u2019\u00eatre de retour \u00e0 Brno ; j\u2019adore cet endroit. J\u2019y ai obtenu un podium en 2019 et c\u2019est un circuit vraiment exceptionnel, surtout sur une MotoGP. Ils l\u2019ont refait, et Miguel a fait des essais ici r\u00e9cemment et il semblait rapide. J\u2019ai h\u00e2te d\u2019\u00eatre en piste. \u00bb, conclut l\u2019Australien.<\/p>\n<p>\u00ab Nous avons eu deux journ\u00e9es d\u2019essais tr\u00e8s productives \u00e0 Brno et avons termin\u00e9 avec de bonnes sensations\u201c, confirme Miguel Oliveira. Cela dit, il est toujours difficile de tout \u00e9valuer sans pouvoir se comparer \u00e0 l\u2019ensemble du plateau. Cependant, avoir autant de tours \u00e0 notre actif devrait nous aider : nous esp\u00e9rons d\u00e9marrer fort d\u00e8s vendredi, ce qui nous serait tr\u00e8s utile pour le reste du week-end. \u00bb, commente l\u2019int\u00e9ress\u00e9, qui devra compter sur une grosse performance, \u00e0 Brno, pour sauver son guidon l\u2019an prochain.<\/p>\n<blockquote class=\"twitter-tweet\">\n<p dir=\"ltr\" lang=\"en\">Catch <a href=\"https:\/\/twitter.com\/_moliveira88?ref_src=twsrc%5Etfw\" target=\"_blank\" rel=\"noopener nofollow\">@_moliveira88<\/a> at a race this summer!<\/p>\n<p>Secure your Apex package for the <a href=\"https:\/\/twitter.com\/hashtag\/CzechGP?src=hash&amp;ref_src=twsrc%5Etfw\" target=\"_blank\" rel=\"noopener nofollow\">#CzechGP<\/a> \ud83c\udde8\ud83c\uddff or <a href=\"https:\/\/twitter.com\/hashtag\/AustrianGP?src=hash&amp;ref_src=twsrc%5Etfw\" target=\"_blank\" rel=\"noopener nofollow\">#AustrianGP<\/a> \ud83c\udde6\ud83c\uddf9 and get exclusive perks like paddock access, a garage tour, and meet-and-greet!<\/p>\n<p>\ud83c\udf9f\ufe0f <a href=\"https:\/\/t.co\/Iu51jJK7Ij\" rel=\"nofollow\">https:\/\/t.co\/Iu51jJK7Ij<\/a><a href=\"https:\/\/twitter.com\/hashtag\/MotoGPPremier?src=hash&amp;ref_src=twsrc%5Etfw\" target=\"_blank\" rel=\"noopener nofollow\">#MotoGPPremier<\/a> <a href=\"https:\/\/twitter.com\/hashtag\/PrimaPramacYamaha?src=hash&amp;ref_src=twsrc%5Etfw\" target=\"_blank\" rel=\"noopener nofollow\">#PrimaPramacYamaha<\/a> <a href=\"https:\/\/twitter.com\/hashtag\/MotoGP?src=hash&amp;ref_src=twsrc%5Etfw\" target=\"_blank\" rel=\"noopener nofollow\">#MotoGP<\/a> <a href=\"https:\/\/t.co\/IWsG3bK9GE\" rel=\"nofollow\">pic.twitter.com\/IWsG3bK9GE<\/a><\/p>\n<p>\u2014 Pramac Racing (@pramacracing) <a href=\"https:\/\/twitter.com\/pramacracing\/status\/1942319873817710829?ref_src=twsrc%5Etfw\" target=\"_blank\" rel=\"noopener nofollow\">July 7, 2025<\/a><\/p>\n<\/blockquote>\n<p>Article publi\u00e9 le 17\/07\/2025 \u00e0 11h50<\/p>\n<p>                                                            <script async src=\"https:\/\/platform.twitter.com\/widgets.js\" charset=\"utf-8\"><\/script><\/p>\n","protected":false},"excerpt":{"rendered":"Entre Jack Miller et Miguel Oliveira, Yamaha et Pramac devront bient\u00f4t choisir, en MotoGP. La d\u00e9cision \u00e9tant attendue&hellip;\n","protected":false},"author":2,"featured_media":255255,"comment_status":"","ping_status":"","sticky":false,"template":"","format":"standard","meta":{"footnotes":""},"categories":[1413],"tags":[1011,27,1457,1456,1458,13381,60,4921],"class_list":{"0":"post-255254","1":"post","2":"type-post","3":"status-publish","4":"format-standard","5":"has-post-thumbnail","7":"category-moto","8":"tag-fr","9":"tag-france","10":"tag-moto","11":"tag-motocycle","12":"tag-motogp","13":"tag-pramac","14":"tag-sports","15":"tag-yamaha"},"share_on_mastodon":{"url":"https:\/\/pubeurope.com\/@fr\/114871680572166023","error":""},"_links":{"self":[{"href":"https:\/\/www.europesays.com\/fr\/wp-json\/wp\/v2\/posts\/255254","targetHints":{"allow":["GET"]}}],"collection":[{"href":"https:\/\/www.europesays.com\/fr\/wp-json\/wp\/v2\/posts"}],"about":[{"href":"https:\/\/www.europesays.com\/fr\/wp-json\/wp\/v2\/types\/post"}],"author":[{"embeddable":true,"href":"https:\/\/www.europesays.com\/fr\/wp-json\/wp\/v2\/users\/2"}],"replies":[{"embeddable":true,"href":"https:\/\/www.europesays.com\/fr\/wp-json\/wp\/v2\/comments?post=255254"}],"version-history":[{"count":0,"href":"https:\/\/www.europesays.com\/fr\/wp-json\/wp\/v2\/posts\/255254\/revisions"}],"wp:featuredmedia":[{"embeddable":true,"href":"https:\/\/www.europesays.com\/fr\/wp-json\/wp\/v2\/media\/255255"}],"wp:attachment":[{"href":"https:\/\/www.europesays.com\/fr\/wp-json\/wp\/v2\/media?parent=255254"}],"wp:term":[{"taxonomy":"category","embeddable":true,"href":"https:\/\/www.europesays.com\/fr\/wp-json\/wp\/v2\/categories?post=255254"},{"taxonomy":"post_tag","embeddable":true,"href":"https:\/\/www.europesays.com\/fr\/wp-json\/wp\/v2\/tags?post=255254"}],"curies":[{"name":"wp","href":"https:\/\/api.w.org\/{rel}","templated":true}]}}