{"id":255287,"date":"2025-07-18T01:55:47","date_gmt":"2025-07-18T01:55:47","guid":{"rendered":"https:\/\/www.europesays.com\/fr\/255287\/"},"modified":"2025-07-18T01:55:47","modified_gmt":"2025-07-18T01:55:47","slug":"loire-sous-lemprise-de-lalcool-il-brise-la-vitre-dun-fast-food-a-saint-etienne","status":"publish","type":"post","link":"https:\/\/www.europesays.com\/fr\/255287\/","title":{"rendered":"Loire. Sous l\u2019emprise de l\u2019alcool, il brise la vitre d\u2019un fast-food \u00e0 Saint-\u00c9tienne"},"content":{"rendered":"<p>Cet homme s\u2019est pr\u00e9sent\u00e9 au guichet d\u2019un fast-food du boulevard Jules-Janin \u00e0 Saint-\u00c9tienne le vendredi 11 juillet vers 2\u00a0h\u00a020 en affirmant avoir faim et vouloir manger un hamburger gratuitement. Mais l\u2019\u00e9quipe du restaurant se trouvait en plein m\u00e9nage \u00e0 cet horaire avanc\u00e9 de la nuit comme le lui a expliqu\u00e9 le g\u00e9rant.<\/p>\n<p>  \u00ab\u00a0Tous les signes de l\u2019ivresse\u00a0\u00bb<\/p>\n<p>Mais visiblement la r\u00e9ponse ne l\u2019a pas satisfait. Sous le coup de la col\u00e8re, ce St\u00e9phanois \u00e2g\u00e9 de 32 ans s\u2019en est pris \u00e0 l\u2019enseigne en d\u00e9truisant une vitre de l\u2019\u00e9tablissement. Alert\u00e9 et rapidement sur place, un \u00e9quipage de Police secours nuit a alors ma\u00eetris\u00e9, puis interpell\u00e9 l\u2019individu qui, selon une source polici\u00e8re, pr\u00e9sentait \u00ab\u00a0tous les signes de l\u2019ivresse\u00a0\u00bb.<\/p>\n<p>Plac\u00e9 en garde \u00e0 vue, il s\u2019est vu notifier \u00e0 l\u2019issue une convocation devant le tribunal correctionnel de Saint-\u00c9tienne au cours des prochaines semaines. Il devra notamment r\u00e9pondre de la d\u00e9gradation d\u2019un bien appartenant \u00e0 autrui.<\/p>\n","protected":false},"excerpt":{"rendered":"Cet homme s\u2019est pr\u00e9sent\u00e9 au guichet d\u2019un fast-food du boulevard Jules-Janin \u00e0 Saint-\u00c9tienne le vendredi 11 juillet vers&hellip;\n","protected":false},"author":2,"featured_media":255288,"comment_status":"","ping_status":"","sticky":false,"template":"","format":"standard","meta":{"footnotes":""},"categories":[9653],"tags":[1111,11,2430,271,272,7539,1777,674,274,1011,27,3367,12,25,4001,7538,104],"class_list":{"0":"post-255287","1":"post","2":"type-post","3":"status-publish","4":"format-standard","5":"has-post-thumbnail","7":"category-saint-etienne","8":"tag-actu","9":"tag-actualites","10":"tag-auvergne-rhone-alpes","11":"tag-crime","12":"tag-delit-et-contravention","13":"tag-edition-loire-sud","14":"tag-eu","15":"tag-europe","16":"tag-faits-divers-justice","17":"tag-fr","18":"tag-france","19":"tag-loire","20":"tag-news","21":"tag-republique-francaise","22":"tag-saint-etienne","23":"tag-saint-etienne-ville","24":"tag-societe"},"share_on_mastodon":{"url":"https:\/\/pubeurope.com\/@fr\/114871755257396257","error":""},"_links":{"self":[{"href":"https:\/\/www.europesays.com\/fr\/wp-json\/wp\/v2\/posts\/255287","targetHints":{"allow":["GET"]}}],"collection":[{"href":"https:\/\/www.europesays.com\/fr\/wp-json\/wp\/v2\/posts"}],"about":[{"href":"https:\/\/www.europesays.com\/fr\/wp-json\/wp\/v2\/types\/post"}],"author":[{"embeddable":true,"href":"https:\/\/www.europesays.com\/fr\/wp-json\/wp\/v2\/users\/2"}],"replies":[{"embeddable":true,"href":"https:\/\/www.europesays.com\/fr\/wp-json\/wp\/v2\/comments?post=255287"}],"version-history":[{"count":0,"href":"https:\/\/www.europesays.com\/fr\/wp-json\/wp\/v2\/posts\/255287\/revisions"}],"wp:featuredmedia":[{"embeddable":true,"href":"https:\/\/www.europesays.com\/fr\/wp-json\/wp\/v2\/media\/255288"}],"wp:attachment":[{"href":"https:\/\/www.europesays.com\/fr\/wp-json\/wp\/v2\/media?parent=255287"}],"wp:term":[{"taxonomy":"category","embeddable":true,"href":"https:\/\/www.europesays.com\/fr\/wp-json\/wp\/v2\/categories?post=255287"},{"taxonomy":"post_tag","embeddable":true,"href":"https:\/\/www.europesays.com\/fr\/wp-json\/wp\/v2\/tags?post=255287"}],"curies":[{"name":"wp","href":"https:\/\/api.w.org\/{rel}","templated":true}]}}