{"id":255292,"date":"2025-07-18T01:59:24","date_gmt":"2025-07-18T01:59:24","guid":{"rendered":"https:\/\/www.europesays.com\/fr\/255292\/"},"modified":"2025-07-18T01:59:24","modified_gmt":"2025-07-18T01:59:24","slug":"match-amical-las-nancy-lorraine-tout-de-suite-dans-le-bon-rythme-face-a-villefranche-2","status":"publish","type":"post","link":"https:\/\/www.europesays.com\/fr\/255292\/","title":{"rendered":"Match amical. L\u2019AS Nancy Lorraine tout de suite dans le bon rythme face \u00e0 Villefranche"},"content":{"rendered":"<p>ASNL\u00a0&#8211; Villefranche (Nat)<\/p>\n<p>3-1<\/p>\n<p>Les matches de pr\u00e9paration, ce n\u2019est pas toujours la panac\u00e9e. Surtout le premier qui sert avant tout \u00e0 donner du temps de jeu \u00e0 tout le monde et \u00e0 remettre la machine en route. Les spectateurs pr\u00e9sents pour voir ce test entre l\u2019ASNL et Villefranche n\u2019ont pourtant pas regrett\u00e9 leur venue au stade Pierre Raoul.<\/p>\n<p>Ils ont assist\u00e9 \u00e0 un match enlev\u00e9, avec beaucoup d\u2019intensit\u00e9 de part et d\u2019autre, des occasions, des buts aussi, loin de l\u2019ennui que peut g\u00e9n\u00e9rer parfois ce type de rencontre. Et l\u2019ASNL&#8230;<\/p>\n","protected":false},"excerpt":{"rendered":"ASNL\u00a0&#8211; Villefranche (Nat) 3-1 Les matches de pr\u00e9paration, ce n\u2019est pas toujours la panac\u00e9e. Surtout le premier qui&hellip;\n","protected":false},"author":2,"featured_media":252910,"comment_status":"","ping_status":"","sticky":false,"template":"","format":"standard","meta":{"footnotes":""},"categories":[9635],"tags":[1111,11,3703,1777,674,107,1701,17649,1795,63,1011,27,775,1702,12,25,517,1700],"class_list":{"0":"post-255292","1":"post","2":"type-post","3":"status-publish","4":"format-standard","5":"has-post-thumbnail","7":"category-nancy","8":"tag-actu","9":"tag-actualites","10":"tag-asnl","11":"tag-eu","12":"tag-europe","13":"tag-fil-info","14":"tag-fil-info-sport","15":"tag-fil-print","16":"tag-fil-web","17":"tag-football","18":"tag-fr","19":"tag-france","20":"tag-grand-est","21":"tag-nancy","22":"tag-news","23":"tag-republique-francaise","24":"tag-sport","25":"tag-sport-lorrain"},"share_on_mastodon":{"url":"https:\/\/pubeurope.com\/@fr\/114871767042330594","error":""},"_links":{"self":[{"href":"https:\/\/www.europesays.com\/fr\/wp-json\/wp\/v2\/posts\/255292","targetHints":{"allow":["GET"]}}],"collection":[{"href":"https:\/\/www.europesays.com\/fr\/wp-json\/wp\/v2\/posts"}],"about":[{"href":"https:\/\/www.europesays.com\/fr\/wp-json\/wp\/v2\/types\/post"}],"author":[{"embeddable":true,"href":"https:\/\/www.europesays.com\/fr\/wp-json\/wp\/v2\/users\/2"}],"replies":[{"embeddable":true,"href":"https:\/\/www.europesays.com\/fr\/wp-json\/wp\/v2\/comments?post=255292"}],"version-history":[{"count":0,"href":"https:\/\/www.europesays.com\/fr\/wp-json\/wp\/v2\/posts\/255292\/revisions"}],"wp:featuredmedia":[{"embeddable":true,"href":"https:\/\/www.europesays.com\/fr\/wp-json\/wp\/v2\/media\/252910"}],"wp:attachment":[{"href":"https:\/\/www.europesays.com\/fr\/wp-json\/wp\/v2\/media?parent=255292"}],"wp:term":[{"taxonomy":"category","embeddable":true,"href":"https:\/\/www.europesays.com\/fr\/wp-json\/wp\/v2\/categories?post=255292"},{"taxonomy":"post_tag","embeddable":true,"href":"https:\/\/www.europesays.com\/fr\/wp-json\/wp\/v2\/tags?post=255292"}],"curies":[{"name":"wp","href":"https:\/\/api.w.org\/{rel}","templated":true}]}}