{"id":255300,"date":"2025-07-18T02:06:32","date_gmt":"2025-07-18T02:06:32","guid":{"rendered":"https:\/\/www.europesays.com\/fr\/255300\/"},"modified":"2025-07-18T02:06:32","modified_gmt":"2025-07-18T02:06:32","slug":"maison-gavin-au-coeur-de-ville-encore-un-projet-paralyse","status":"publish","type":"post","link":"https:\/\/www.europesays.com\/fr\/255300\/","title":{"rendered":"MAISON GAVIN AU COEUR DE VILLE: ENCORE UN PROJET PARALYS\u00c9"},"content":{"rendered":"<p>Posted On 17 juillet 2025 <\/p>\n<p style=\"text-align: justify;\">L&rsquo;id\u00e9ologie municipale qui vise \u00e0 tout r\u00e9genter jusque dans le d\u00e9tail aboutit \u00e0 une catastrophe. Qui dira ce que signifie en termes de pertes, financiers, d&rsquo;image, d&rsquo;esth\u00e9tique urbaine et d&rsquo;attractivit\u00e9, la friche d&rsquo;un b\u00e2timent de l&rsquo;ampleur et <a href=\"https:\/\/grenoble-le-changement.fr\/2024\/10\/23\/le-patrimoine-grenoblois-gere-comme-un-canard-sans-tete\/\" target=\"_blank\" rel=\"noopener\">de la qualit\u00e9 de la Maison Gavin,<\/a> au c\u0153ur de ville, en bordure du jardin de ville, des places de Gordes et d&rsquo;Agier, ce pendant des ann\u00e9es et des ann\u00e9es ?\u00a0<\/p>\n<p style=\"text-align: justify;\">Jamais la municipalit\u00e9 ne fera ce chiffrage, car elle ne compte pas l&rsquo;argent des autres, celui du contribuable. Cet \u00e9difice historique construit au XIX\u00e8me si\u00e8cle comporte de superbes \u00e9l\u00e9ments patrimoniaux \u00e0 l&rsquo;int\u00e9rieur. La municipalit\u00e9 l&rsquo;a d&rsquo;abord confi\u00e9 \u00e0 la soci\u00e9t\u00e9 EM Coordination (d\u00e9lib\u00e9ration en 2019, promesse de vente en 2020) mais c&rsquo;est finalement <a target=\"_blank\" href=\"https:\/\/www.datocms-assets.com\/117809\/1716901248-brochure_grenoble_maison-gavin.pdf\" rel=\"noopener\">la soci\u00e9t\u00e9 Histoire et Patrimoine qui l&rsquo;a r\u00e9cup\u00e9r\u00e9<\/a> en 2022 et devait y construire 16 logements. Ce changement de promoteur n&rsquo;a d&rsquo;ailleurs jamais fait l&rsquo;objet d&rsquo;une d\u00e9cision du Conseil Municipal.<\/p>\n<p><img decoding=\"async\" data-id=\"77306\" src=\"https:\/\/i2.wp.com\/grenoble-le-changement.fr\/wp-content\/uploads\/2024\/10\/maison-gavin.png?w=678&amp;ssl=1\" alt=\"\" class=\"wp-image-77306 jetpack-lazy-image\" data-recalc-dims=\"1\" data-lazy-src=\"https:\/\/www.europesays.com\/fr\/wp-content\/uploads\/2025\/07\/maison-gavin.png\" \/><\/p>\n<p><img decoding=\"async\" data-id=\"33144\" src=\"https:\/\/i1.wp.com\/grenoble-le-changement.fr\/wp-content\/uploads\/2019\/03\/Place-de-Gordes.-r.jpg?w=678&amp;ssl=1\" alt=\"\" class=\"wp-image-33144 jetpack-lazy-image\" data-recalc-dims=\"1\" data-lazy-src=\"https:\/\/www.europesays.com\/fr\/wp-content\/uploads\/2025\/07\/Place-de-Gordes.-r.jpg\" \/><br \/>\nPlus d&rsquo;une dizaine d&rsquo;ann\u00e9es sans utilisation ! Actuellement paralys\u00e9e <\/p>\n<p><strong>LE CHANTIER EST BLOQU\u00c9 AVEC 40 % DE LOGEMENTS SOCIAUX<\/strong><\/p>\n<p style=\"text-align: justify;\">Aujourd&rsquo;hui le chantier est bloqu\u00e9. Il est \u00e9videmment impossible de commercialiser des logements d&rsquo;un certain prix avec 40 % de logements sociaux, m\u00eame si tous les acqu\u00e9reurs n&rsquo;en sont pas inform\u00e9s. Pour les autres, ils savent ce qu&rsquo;il en est de l&rsquo;irresponsabilit\u00e9 municipale en mati\u00e8re d&rsquo;attribution de logements sociaux. Des quartiers entiers vivent l&rsquo;enfer.<\/p>\n<p style=\"text-align: justify;\"><strong>RIEN SUR LA D\u00c9GRADATION DU CENTRE VILLE<\/strong><\/p>\n<p style=\"text-align: justify;\">Agn\u00e8s Rouffiac la directrice g\u00e9n\u00e9rale adjointe d\u2019Histoire &amp; Patrimoine, avoue au DL (29\/7\/25) qu&rsquo;elle a vendu 6 petits lots sur les 16 pr\u00e9vus. Bien \u00e9videmment elle \u00e9voque \u00ab\u00a0le contexte \u00e9conomique, l&rsquo;air du temps, les autres M\u00e9tropoles&#8230;.\u00a0\u00bb.\u00a0Rien sur la d\u00e9gradation du centre ville,<a href=\"https:\/\/grenoble-le-changement.fr\/2025\/07\/16\/fusillade-et-voiture-belier-grenoble-a-nouveau-en-feu\/\" target=\"_blank\" rel=\"noopener\"> l&rsquo;ins\u00e9curit\u00e9,<\/a> l&rsquo;accessibilit\u00e9, la paup\u00e9risation locale et la part de logement social. Pourtant il n&rsquo;existe aucune exception \u00e0 la baisse de la valeur des biens dans toutes les op\u00e9rations et quartiers ou ces choix ont \u00e9t\u00e9 effectu\u00e9s (Vigny-Musset, De Bonne, Presqu&rsquo;ile&#8230;).<\/p>\n<p style=\"text-align: justify;\"><strong>PROPRI\u00c9TAIRES : L&rsquo;IMP\u00d4T LE PLUS LOURD, VALEUR DES BIENS LA PLUS FAIBLE<\/strong><\/p>\n<p style=\"text-align: justify;\">Dans une ville o\u00f9 les propri\u00e9taires subissent le taux de taxe fonci\u00e8re le plus \u00e9lev\u00e9 des grandes villes, la plus faible valeur des biens de ces grandes villes, l&rsquo;encadrement des loyers, <a href=\"https:\/\/grenoble-le-changement.fr\/2024\/07\/30\/un-permis-de-louer-impose-%ef%bf%bc-par-la-municipalite-aux-proprietaires\/\" target=\"_blank\" rel=\"noopener\">le.. permis de louer (il faut solliciter la municipalit\u00e9 pour louer son appartement&#8230;)<\/a> et la menace permanente <a href=\"https:\/\/grenoble-le-changement.fr\/2025\/07\/12\/requisitions-de-logements-encore-une-fausse-annonce-de-piolle\/\" target=\"_blank\" rel=\"noopener\">d&rsquo;une r\u00e9quisition de son logement.\u00a0<\/a><\/p>\n<p style=\"text-align: justify;\"><strong>LES ACQU\u00c9REURS IGNORANTS S&rsquo;APPAUVRISSENT\u00a0<\/strong><\/p>\n<p style=\"text-align: justify;\">Commercialiser dans ces conditions demande du courage et de l&rsquo;imagination. La Maison Gavin est donc la victime de cette r\u00e9gression. Il existe d&rsquo;ailleurs une omerta locale, personne n&rsquo;osant d\u00e9crire la r\u00e9alit\u00e9, de crainte que \u00e7a fasse encore baisser. Cette position de l&rsquo;autruche est catastrophique, car la municipalit\u00e9 poursuit ainsi sa politique. Seuls les acqu\u00e9reurs ignorants souvent modestes en sont victimes, qui s&rsquo;appauvrissent en croyant s&rsquo;assurer une promotion sociale.\u00a0<\/p>\n<p><img decoding=\"async\" data-id=\"75940\" src=\"https:\/\/i1.wp.com\/grenoble-le-changement.fr\/wp-content\/uploads\/2024\/08\/abbaye-logements-vides--scaled.jpg?w=678&amp;ssl=1\" alt=\"\" class=\"wp-image-75940 jetpack-lazy-image\" data-recalc-dims=\"1\" data-lazy-src=\"https:\/\/www.europesays.com\/fr\/wp-content\/uploads\/2025\/07\/abbaye-logements-vides--scaled.jpg\" \/><\/p>\n<p><img decoding=\"async\" data-id=\"69352\" src=\"https:\/\/grenoble-le-changement.fr\/wp-content\/uploads\/2023\/10\/Abbaye-salete\u0301-.webp\" alt=\"\" class=\"wp-image-69352 jetpack-lazy-image\" data-lazy-src=\"https:\/\/www.europesays.com\/fr\/wp-content\/uploads\/2025\/07\/Abbaye-salete\u0301-.webp\" \/><br \/>\n\u00c0 l&rsquo;abbaye aussi on ne sait pas ce qu&rsquo;il en est du promoteur de logements \u00e0 4000 \u20ac le M2 au milieu des logements sociaux : les habitants voisins  vivent depuis des ann\u00e9es au milieu des rats et de la salet\u00e9, \u00ab\u00a0l&rsquo;urbanisme transitoire\u00a0\u00bb de Yann Mongaburu (Verts\/Ades) <\/p>\n<p><strong>A. ROUFFIAC : \u00ab\u00a0NOUS ATTENDONS QUE LA CRISE PASSE EN 2026 OU 27&#8230;\u00a0\u00bb<\/strong><\/p>\n<p style=\"text-align: justify;\">Pour la maison Gavin, Agn\u00e8s Rouffiac explique \u00ab soit nous attendons que la crise passe en se disant qu\u2019en 2026 ou 2027 nous arriverons bien \u00e0 les vendre, soit nous essayons de n\u00e9gocier avec la Ville de Grenoble dans quelle mesure elle accepterait que l\u2019on puisse red\u00e9couper les grosses surfaces en petits lots \u00bb. Pour, \u00ab dans l\u2019id\u00e9al \u00bb, passer de 16 \u00e0 26 appartements (DL du\u00a0 29\/7\/25).<\/p>\n<p style=\"text-align: justify;\"><strong>M. BELAIR (Verts\/LFI) NE BOUGERA PAS SUR LE LOGEMENT SOCIAL\u00a0\u00a0<\/strong><\/p>\n<p style=\"text-align: justify;\">Pourquoi \u00ab\u00a0la crise\u00a0\u00bb passerait-elle par enchantement en &#8230; 2026\/27 sans changement de municipalit\u00e9 ? Personne ne le croit. Mais, chut, il ne faut pas le dire. En tout cas<a href=\"https:\/\/grenoble-le-changement.fr\/2025\/02\/02\/laurence-ruffin-margot-belair-et-lucille-lheureux-veulent-succeder-a-piolle\/\" target=\"_blank\" rel=\"noopener\"> Margot Belair,<\/a> l&rsquo;Adjointe (Verts\/LFI) confirme la fermeture totale de la municipalit\u00e9 dans le m\u00eame DL : \u00ab Si le projet doit \u00eatre modifi\u00e9, ce ne sera pas au d\u00e9triment du logement social. \u00bb<\/p>\n<p style=\"text-align: justify;\">En clair on pourra\u00a0 au mieux r\u00e9duire les superficies pour permettre \u00e0 des investisseurs, b\u00e9n\u00e9ficiant de la fiscalit\u00e9 de l&rsquo;immobilier, de mettre des biens \u00e0 la location. C&rsquo;est ainsi que le centre ville perd sa vocation g\u00e9n\u00e9raliste et de tirer la ville vers le haut.\u00a0<\/p>\n<p style=\"text-align: justify;\"><strong>\u00c0 L&rsquo;ABBAYE LA PROBL\u00c9MATIQUE EST LA M\u00caME<\/strong><\/p>\n<p style=\"text-align: justify;\">Mais dans les quartiers, la probl\u00e9matique est la m\u00eame. \u00c0 l&rsquo;Abbaye, par exemple, apr\u00e8s 10 ans d&rsquo;abandon, d\u00e9but 2024 la majorit\u00e9 a vot\u00e9 en conseil municipal <a href=\"https:\/\/grenoble-le-changement.fr\/2024\/03\/14\/cite-de-labbaye-pres-de-250-nouveaux-logements-avec-38-places-de-stationnement\/\" target=\"_blank\" rel=\"noopener\">un projet \u00e9labor\u00e9 en toute opacit\u00e9<\/a>. Le promoteur immobilier priv\u00e9 OGIC s&rsquo;est vu confier les b\u00e2timents existants pour y cr\u00e9er 135 logements et 90 chambres d\u2019\u00e9tudiants auxquels s&rsquo;ajouteront aussi des logements sociaux d&rsquo;ACTIS et Grenoble Habitat qui repr\u00e9senteront 35% de l&rsquo;ensemble de logements familiaux. Alors que le quartier est tr\u00e8s pourvu en logements sociaux.<\/p>\n<p style=\"text-align: justify;\">Et comme partout ailleurs (<a href=\"https:\/\/grenoble-le-changement.fr\/2024\/06\/03\/jeanne-darc-strasbourg-washington-le-bulldozer-municipal-va-t-il-passer\/\" target=\"_blank\" rel=\"noopener\">notamment sur les Avenue Jeanne d&rsquo;Arc et Washington voisines<\/a>), la municipalit\u00e9 entend organiser la p\u00e9nurie de stationnement avec&#8230; seulement 38 places pr\u00e9vues.\u00a0<\/p>\n<p><img decoding=\"async\" data-id=\"79488\" src=\"https:\/\/i0.wp.com\/grenoble-le-changement.fr\/wp-content\/uploads\/2025\/01\/rue-Jay-appartements-vides--scaled.jpg?w=678&amp;ssl=1\" alt=\"\" class=\"wp-image-79488 jetpack-lazy-image\" data-recalc-dims=\"1\" data-lazy-src=\"https:\/\/www.europesays.com\/fr\/wp-content\/uploads\/2025\/07\/rue-Jay-appartements-vides--scaled.jpg\" \/><br \/>\nPendant ce temps, en plein centre ville, rue Jay, un immeuble appartenant \u00e0 la ville abandonn\u00e9 depuis 10 ans !<\/p>\n<p><strong>LE PROMOTEUR PRIV\u00c9 A T-IL RENONC\u00c9 ? <\/strong><\/p>\n<p style=\"text-align: justify;\">Si \u00e0 l&rsquo;Abbaye les logements sociaux ont d\u00e9marr\u00e9 on ne sait pas ce qu&rsquo;il en est du promoteur priv\u00e9 qui pr\u00e9voyait des logements \u00e0 4000 \u20ac le M2. Au nom du groupe d&rsquo;opposition, <a href=\"https:\/\/grenoble-le-changement.fr\/2024\/10\/09\/abbaye-le-projet-de-logements-verra-t-il-le-jour\/\" target=\"_blank\" rel=\"noopener\">Ch\u00e9rif Boutafa a pos\u00e9 la question au Conseil Municipal il y a un an. Sans r\u00e9ponse.<\/a><\/p>\n<p style=\"text-align: justify;\"><strong>20 000 DEMANDEURS DE LOGEMENTS SOCIAUX &#8230;<\/strong><\/p>\n<p style=\"text-align: justify;\"><a href=\"https:\/\/grenoble-le-changement.fr\/2025\/06\/18\/25-de-logements-sociaux-piolle-jubile-pendant-que-grenoble-senfonce\/\" target=\"_blank\" rel=\"noopener\">Cette politique folle du logement<\/a> a \u00e9t\u00e9 confirm\u00e9e vendredi dernier au Conseil M\u00e9tropolitain sur le rapport d&rsquo;un communiste, J\u00e9r\u00f4me Rubes. La majorit\u00e9 estime qu&rsquo;il y a \u00ab\u00a020 000 demandeurs de logements sociaux\u00a0\u00bb (!) et qu&rsquo;un tiers de la population pourrait y pr\u00e9tendre. Oubliant de pr\u00e9ciser que 40 % de ces demandeurs veulent &#8230; quitter le quartier o\u00f9 ils habitent. Oubliant de pr\u00e9ciser que des centaines de logements sont refus\u00e9s y compris par des demandeurs prioritaires (loi Dalo).\u00a0<\/p>\n<p style=\"text-align: justify;\"><strong>5000 HLM A CONSTRUIRE \u00e0 GRENOBLE !\u00a0<\/strong><\/p>\n<p style=\"text-align: justify;\">Alain Carignon a d&rsquo;ailleurs demand\u00e9 si la majorit\u00e9 voulait construire 20 000 logements sociaux et o\u00f9 ? <a href=\"https:\/\/grenoble-le-changement.fr\/2024\/11\/23\/laurence-ruffin-verts-lfi-petits-mensonges-et-gros-sabots\/\" target=\"_blank\" rel=\"noopener\">Laurence Ruffin, la candidate (Verts\/LFI) de la continuit\u00e9 municipale<\/a> s&rsquo;inscrit dans la promesse de passer au taux de &#8230; 35 % \u00e0 Grenoble. Ce qui signifie 5000 HLM suppl\u00e9mentaires dans la ville. Il faudrait que les derniers espaces nature de la ville soient sacrifi\u00e9s \u00e0 un taux de 100 % de logements sociaux.\u00a0<\/p>\n<p><img decoding=\"async\" data-id=\"36360\" src=\"https:\/\/i0.wp.com\/grenoble-le-changement.fr\/wp-content\/uploads\/2019\/08\/Capture-d\u2019e\u0301cran-2019-08-20-a\u0300-11.07.40.png?w=678&amp;ssl=1\" alt=\"\" class=\"wp-image-36360 jetpack-lazy-image\" data-recalc-dims=\"1\" data-lazy-src=\"https:\/\/i0.wp.com\/grenoble-le-changement.fr\/wp-content\/uploads\/2019\/08\/Capture-d\u2019e\u0301cran-2019-08-20-a\u0300-11.07.40.png?w=678&amp;is-pending-load=1#038;ssl=1\" \/><br \/>\nDensification partout y compris \u00e0<a href=\"https:\/\/grenoble-le-changement.fr\/2025\/07\/13\/esplanade-les-grenoblois-decideront-aux-elections-municipales\/\" target=\"_blank\" rel=\"noopener\"> l&rsquo;esplanade suspendue aux \u00e9lections municipales<\/a><\/p>\n<p><strong>COPINAGE SYST\u00c9MATIQUE ET SOVIETISATION BUREAUCRATIQUE<\/strong><\/p>\n<p style=\"text-align: justify;\">L&rsquo;exemple de la Maison Gavin au c\u0153ur de ville est malheureusement significatif de cette politique <a href=\"https:\/\/grenoble-le-changement.fr\/2025\/04\/10\/logement-la-pauperisation-de-la-ville-saccelere\/\" target=\"_blank\" rel=\"noopener\">municipale d&rsquo;appauvrissement g\u00e9n\u00e9ral<\/a> qui ne profite \u00e0 personne. La diversit\u00e9 de la ville est ni\u00e9e au profit de cette paup\u00e9risation qui se lit partout.\u00a0<\/p>\n<p style=\"text-align: justify;\">Le blocage des projets, la lenteur de leur r\u00e9alisation comme on le constate aussi \u00e0 l&rsquo;Orangerie, t\u00e9moigne de l&rsquo;inefficacit\u00e9 des proc\u00e9dures mises en place, <a href=\"https:\/\/grenoble-le-changement.fr\/2025\/06\/26\/pas-de-limites-au-copinage-pour-les-verts-lfi-a-grenoble\/\" target=\"_blank\" rel=\"noopener\">savant m\u00e9lange de copinage syst\u00e9matique<\/a> et de sovi\u00e9tisation bureaucratique. Le r\u00e9sultat est connu.\u00a0<\/p>\n<p style=\"text-align: justify;\">En effet, \u00ab\u00a0en 2026\/27\u00a0\u00bb comme le dit la promotrice de la Maison Gavin, on pourrait sortir de la crise, inverser la spirale. Il suffit de choisir le vrai changement aux \u00e9lections municipales.<\/p>\n","protected":false},"excerpt":{"rendered":"Posted On 17 juillet 2025 L&rsquo;id\u00e9ologie municipale qui vise \u00e0 tout r\u00e9genter jusque dans le d\u00e9tail aboutit \u00e0&hellip;\n","protected":false},"author":2,"featured_media":255301,"comment_status":"","ping_status":"","sticky":false,"template":"","format":"standard","meta":{"footnotes":""},"categories":[9566],"tags":[31377,1111,11,39552,9601,2430,23441,9607,1777,674,1011,27,2731,39553,39554,10136,19251,10613,12,39555,25,13027],"class_list":{"0":"post-255300","1":"post","2":"type-post","3":"status-publish","4":"format-standard","5":"has-post-thumbnail","7":"category-grenoble","8":"tag-actis","9":"tag-actu","10":"tag-actualites","11":"tag-agnes-rouffiac","12":"tag-alain-carignon","13":"tag-auvergne-rhone-alpes","14":"tag-cherif-boutafa","15":"tag-eric-piolle","16":"tag-eu","17":"tag-europe","18":"tag-fr","19":"tag-france","20":"tag-grenoble","21":"tag-histoire-et-patrimoine","22":"tag-jerome-rubes","23":"tag-laurence-ruffin","24":"tag-maison-gavin","25":"tag-margot-belair","26":"tag-news","27":"tag-ogic","28":"tag-republique-francaise","29":"tag-yann-mongaburu"},"share_on_mastodon":{"url":"https:\/\/pubeurope.com\/@fr\/114871794841312683","error":""},"_links":{"self":[{"href":"https:\/\/www.europesays.com\/fr\/wp-json\/wp\/v2\/posts\/255300","targetHints":{"allow":["GET"]}}],"collection":[{"href":"https:\/\/www.europesays.com\/fr\/wp-json\/wp\/v2\/posts"}],"about":[{"href":"https:\/\/www.europesays.com\/fr\/wp-json\/wp\/v2\/types\/post"}],"author":[{"embeddable":true,"href":"https:\/\/www.europesays.com\/fr\/wp-json\/wp\/v2\/users\/2"}],"replies":[{"embeddable":true,"href":"https:\/\/www.europesays.com\/fr\/wp-json\/wp\/v2\/comments?post=255300"}],"version-history":[{"count":0,"href":"https:\/\/www.europesays.com\/fr\/wp-json\/wp\/v2\/posts\/255300\/revisions"}],"wp:featuredmedia":[{"embeddable":true,"href":"https:\/\/www.europesays.com\/fr\/wp-json\/wp\/v2\/media\/255301"}],"wp:attachment":[{"href":"https:\/\/www.europesays.com\/fr\/wp-json\/wp\/v2\/media?parent=255300"}],"wp:term":[{"taxonomy":"category","embeddable":true,"href":"https:\/\/www.europesays.com\/fr\/wp-json\/wp\/v2\/categories?post=255300"},{"taxonomy":"post_tag","embeddable":true,"href":"https:\/\/www.europesays.com\/fr\/wp-json\/wp\/v2\/tags?post=255300"}],"curies":[{"name":"wp","href":"https:\/\/api.w.org\/{rel}","templated":true}]}}