{"id":25531,"date":"2025-04-15T00:38:15","date_gmt":"2025-04-15T00:38:15","guid":{"rendered":"https:\/\/www.europesays.com\/fr\/25531\/"},"modified":"2025-04-15T00:38:15","modified_gmt":"2025-04-15T00:38:15","slug":"vent-douest-pour-les-rameaux-a-paris","status":"publish","type":"post","link":"https:\/\/www.europesays.com\/fr\/25531\/","title":{"rendered":"Vent d&rsquo;Ouest pour les Rameaux \u00e0 Paris"},"content":{"rendered":"<p><img loading=\"lazy\" decoding=\"async\" class=\"aligncenter size-full wp-image-73809\" src=\"https:\/\/www.europesays.com\/fr\/wp-content\/uploads\/2025\/04\/Nuages_square_eglise_Paris_printemps_avril_2025_02.jpg\" alt=\"Jour des Rameaux, square Serge Reggiani, \u00e9glise Saint-Jacques Saint-Christophe, Paris 19e (75)\" width=\"598\" height=\"797\"\/><\/p>\n<p><strong>Avant, pendant et apr\u00e8s la messe de ce jour des Rameaux, le vent dominant \u00e0 Paris venait de l\u2019Ouest. Et la matin\u00e9e a \u00e9t\u00e9 plut\u00f4t grise, le ciel restant charg\u00e9 de nuages, sans pluie toutefois.<\/strong><\/p>\n<p style=\"text-align: center;\">\u201cLe vent, pour les Rameaux, b\u00e9nit, toute l\u2019ann\u00e9e souffle et s\u2019ensuit.\u201d<\/p>\n<p style=\"text-align: center;\">\u201cLe vent du jour du buis, dure aussi longtemps que lui.\u201d<\/p>\n<p style=\"text-align: center;\">\u201cLe vent qui est b\u00e9nit pour les Rameaux dure le moins pour l\u2019ann\u00e9e.\u201d<\/p>\n<p style=\"text-align: center;\">\u201cLe vent qui tire pour les Rameaux, tire toute l\u2019ann\u00e9e.\u201d<\/p>\n<p style=\"text-align: center;\">\u201cVent b\u00e9nit aux Rameaux, ne change pas de sit\u00f4t.\u201d<\/p>\n<p style=\"text-align: center;\">\u201cLe vent qui souffle pour les Rameaux soufflera sur la moisson.\u201d<\/p>\n<p>Selon ces dictons m\u00e9t\u00e9orologiques, le vent qui souffle ce dimanche 13 avril, au moment de la messe des Rameaux, serait le vent qui devrait dominer tout au long de l\u2019ann\u00e9e 2025.<\/p>\n<p><img loading=\"lazy\" decoding=\"async\" class=\"aligncenter size-full wp-image-73810\" src=\"https:\/\/www.europesays.com\/fr\/wp-content\/uploads\/2025\/04\/Nuages_eglise_Paris_printemps_avril_2025_01.jpg\" alt=\"Jour des Rameaux, square Serge Reggiani, \u00e9glise Saint-Jacques Saint-Christophe, Paris 19e (75)\" width=\"598\" height=\"797\"\/><\/p>\n<p>Le temps qu\u2019il a fait au cours de cette matin\u00e9e du 13 avril 2025 devrait nous indiquer si l\u2019\u00e9t\u00e9 sera beau et chaud ou frais et humide. La m\u00e9t\u00e9o n\u2019\u00e9tait pas terrible, on risque d\u2019avoir un \u00e9t\u00e9 plut\u00f4t humide. Attention, ces pr\u00e9visions m\u00e9t\u00e9orologiques ne sont valables que localement.<\/p>\n","protected":false},"excerpt":{"rendered":"Avant, pendant et apr\u00e8s la messe de ce jour des Rameaux, le vent dominant \u00e0 Paris venait de&hellip;\n","protected":false},"author":2,"featured_media":25532,"comment_status":"","ping_status":"","sticky":false,"template":"","format":"standard","meta":{"footnotes":""},"categories":[1888],"tags":[11,1777,674,1011,27,2487,12,9144,626,9145,9146,9147,25,7919,9148],"class_list":{"0":"post-25531","1":"post","2":"type-post","3":"status-publish","4":"format-standard","5":"has-post-thumbnail","7":"category-paris","8":"tag-actualites","9":"tag-eu","10":"tag-europe","11":"tag-fr","12":"tag-france","13":"tag-meteo","14":"tag-news","15":"tag-ouest","16":"tag-paris","17":"tag-paris-19e","18":"tag-paris-19eme","19":"tag-rameaux","20":"tag-republique-francaise","21":"tag-vent","22":"tag-vent-dominant"},"share_on_mastodon":{"url":"","error":""},"_links":{"self":[{"href":"https:\/\/www.europesays.com\/fr\/wp-json\/wp\/v2\/posts\/25531","targetHints":{"allow":["GET"]}}],"collection":[{"href":"https:\/\/www.europesays.com\/fr\/wp-json\/wp\/v2\/posts"}],"about":[{"href":"https:\/\/www.europesays.com\/fr\/wp-json\/wp\/v2\/types\/post"}],"author":[{"embeddable":true,"href":"https:\/\/www.europesays.com\/fr\/wp-json\/wp\/v2\/users\/2"}],"replies":[{"embeddable":true,"href":"https:\/\/www.europesays.com\/fr\/wp-json\/wp\/v2\/comments?post=25531"}],"version-history":[{"count":0,"href":"https:\/\/www.europesays.com\/fr\/wp-json\/wp\/v2\/posts\/25531\/revisions"}],"wp:featuredmedia":[{"embeddable":true,"href":"https:\/\/www.europesays.com\/fr\/wp-json\/wp\/v2\/media\/25532"}],"wp:attachment":[{"href":"https:\/\/www.europesays.com\/fr\/wp-json\/wp\/v2\/media?parent=25531"}],"wp:term":[{"taxonomy":"category","embeddable":true,"href":"https:\/\/www.europesays.com\/fr\/wp-json\/wp\/v2\/categories?post=25531"},{"taxonomy":"post_tag","embeddable":true,"href":"https:\/\/www.europesays.com\/fr\/wp-json\/wp\/v2\/tags?post=25531"}],"curies":[{"name":"wp","href":"https:\/\/api.w.org\/{rel}","templated":true}]}}