{"id":255312,"date":"2025-07-18T02:17:12","date_gmt":"2025-07-18T02:17:12","guid":{"rendered":"https:\/\/www.europesays.com\/fr\/255312\/"},"modified":"2025-07-18T02:17:12","modified_gmt":"2025-07-18T02:17:12","slug":"villeneuve-loubet-obtient-le-label-territoire-durable-une-cop-davance","status":"publish","type":"post","link":"https:\/\/www.europesays.com\/fr\/255312\/","title":{"rendered":"Villeneuve-Loubet obtient le label \u00ab\u00a0Territoire Durable, une COP d\u2019Avance\u00a0\u00bb \u2013 (\u2026)"},"content":{"rendered":"<p>                    <img loading=\"lazy\" decoding=\"async\" src=\"https:\/\/www.europesays.com\/fr\/wp-content\/uploads\/2025\/07\/4db9fea1e83d3eb6d7c2680d1a68b7.jpg\" class=\"img-responsive post-image\" width=\"680\" height=\"510\" alt=\"Villeneuve-Loubet obtient\" title=\"Villeneuve-Loubet obtient le label &quot;Territoire Durable, une COP d'Avance&quot; \u2013 niveau 2 pour 2025\/2028\"\/><\/p>\n<p class=\"chapo\">La commune de Villeneuve-Loubet vient d\u2019\u00eatre officiellement labellis\u00e9e \u00ab\u00a0Territoire Durable, une COP d\u2019Avance\u00a0\u00bb \u2013 niveau 2, une reconnaissance qui s\u2019inscrit dans le cadre du programme \u00ab\u00a0Territoires Engag\u00e9s pour la Nature\u00a0\u00bb. La remise du dipl\u00f4me a eu lieu le 26 juin \u00e0 Saint-Maximin-la-Sainte-Baume, en pr\u00e9sence des acteurs r\u00e9gionaux de la transition \u00e9cologique.<\/p>\n<p>                    Une reconnaissance nationale pour un engagement local<\/p>\n<p>Le label, pilot\u00e9 en r\u00e9gion par l\u2019Agence R\u00e9gionale de la Biodiversit\u00e9 et de l\u2019Environnement (ARBE), distingue les collectivit\u00e9s qui s\u2019investissent activement dans des politiques environnementales ambitieuses. Villeneuve-Loubet se voit ainsi r\u00e9compens\u00e9e pour sa d\u00e9marche structur\u00e9e autour de cinq axes cl\u00e9s\u00a0:<br \/>\n<br \/><b>\u2013<\/b>\u00a0Gouvernance et pilotage<br \/>\n<br \/><b>\u2013<\/b>\u00a0Mobilisation et exemplarit\u00e9<br \/>\n<br \/><b>\u2013<\/b>\u00a0Participation citoyenne<br \/>\n<br \/><b>\u2013<\/b>\u00a0Communication<br \/>\n<br \/><b>\u2013<\/b>\u00a0Sensibilisation des publics<\/p>\n<p>Des actions concr\u00e8tes depuis 2022<\/p>\n<p>Depuis le d\u00e9p\u00f4t de sa candidature en 2022, la commune a initi\u00e9 plusieurs projets align\u00e9s avec les objectifs du label, parmi lesquels\u00a0:<br class=\"autobr\"\/><br \/>\nLa promotion d\u2019une alimentation plus durable dans les cantines scolaires,<br class=\"autobr\"\/><br \/>\nLa r\u00e9novation du Port de Marina, int\u00e9grant des crit\u00e8res environnementaux,<br class=\"autobr\"\/><br \/>\nL\u2019am\u00e9lioration \u00e9nerg\u00e9tique du Groupe Scolaire Antony Fabre, visant \u00e0 r\u00e9duire la consommation d\u2019\u00e9nergie et l\u2019empreinte carbone.<\/p>\n<p>Une dynamique inscrite dans la dur\u00e9e<\/p>\n<p>Cette labellisation de niveau 2 marque une \u00e9tape significative dans la strat\u00e9gie de transition \u00e9cologique de Villeneuve-Loubet. Elle t\u00e9moigne d\u2019une volont\u00e9 de long terme, associant institutions, citoyens et acteurs du territoire autour d\u2019objectifs communs de durabilit\u00e9.<br class=\"autobr\"\/><br \/>\nLe label \u00ab\u00a0Territoires Engag\u00e9s pour la Nature\u00a0\u00bb s\u2019inscrit dans une<strong> logique de progr\u00e8s\u00a0:<\/strong> il encourage les collectivit\u00e9s \u00e0 poursuivre leurs efforts et \u00e0 renforcer leurs actions en faveur de la biodiversit\u00e9 et du climat.<\/p>\n<p> <a href=\"https:\/\/www.europesays.com\/fr\/wp-content\/uploads\/2025\/07\/2_modele_ten_diplome_villeneuve-loubet--.png\" class=\"spip_doc_lien mediabox\" type=\"image\/png\"><br \/>\n\t\t<img loading=\"lazy\" decoding=\"async\" src=\"https:\/\/www.europesays.com\/fr\/wp-content\/uploads\/2025\/07\/2_modele_ten_diplome_villeneuve-loubet--.png\" width=\"1024\" height=\"733\" alt=\"\"\/><\/a><\/p>\n<p>Photo de Une \u00a9Villeneuve Loubet<\/p>\n","protected":false},"excerpt":{"rendered":"La commune de Villeneuve-Loubet vient d\u2019\u00eatre officiellement labellis\u00e9e \u00ab\u00a0Territoire Durable, une COP d\u2019Avance\u00a0\u00bb \u2013 niveau 2, une reconnaissance&hellip;\n","protected":false},"author":2,"featured_media":255313,"comment_status":"","ping_status":"","sticky":false,"template":"","format":"standard","meta":{"footnotes":""},"categories":[2819],"tags":[1111,11,2408,1777,674,1011,27,12,2401,882,25],"class_list":{"0":"post-255312","1":"post","2":"type-post","3":"status-publish","4":"format-standard","5":"has-post-thumbnail","7":"category-nice","8":"tag-actu","9":"tag-actualites","10":"tag-appels-d","11":"tag-eu","12":"tag-europe","13":"tag-fr","14":"tag-france","15":"tag-news","16":"tag-nice","17":"tag-provence-alpes-cote-dazur","18":"tag-republique-francaise"},"share_on_mastodon":{"url":"https:\/\/pubeurope.com\/@fr\/114871837941816377","error":""},"_links":{"self":[{"href":"https:\/\/www.europesays.com\/fr\/wp-json\/wp\/v2\/posts\/255312","targetHints":{"allow":["GET"]}}],"collection":[{"href":"https:\/\/www.europesays.com\/fr\/wp-json\/wp\/v2\/posts"}],"about":[{"href":"https:\/\/www.europesays.com\/fr\/wp-json\/wp\/v2\/types\/post"}],"author":[{"embeddable":true,"href":"https:\/\/www.europesays.com\/fr\/wp-json\/wp\/v2\/users\/2"}],"replies":[{"embeddable":true,"href":"https:\/\/www.europesays.com\/fr\/wp-json\/wp\/v2\/comments?post=255312"}],"version-history":[{"count":0,"href":"https:\/\/www.europesays.com\/fr\/wp-json\/wp\/v2\/posts\/255312\/revisions"}],"wp:featuredmedia":[{"embeddable":true,"href":"https:\/\/www.europesays.com\/fr\/wp-json\/wp\/v2\/media\/255313"}],"wp:attachment":[{"href":"https:\/\/www.europesays.com\/fr\/wp-json\/wp\/v2\/media?parent=255312"}],"wp:term":[{"taxonomy":"category","embeddable":true,"href":"https:\/\/www.europesays.com\/fr\/wp-json\/wp\/v2\/categories?post=255312"},{"taxonomy":"post_tag","embeddable":true,"href":"https:\/\/www.europesays.com\/fr\/wp-json\/wp\/v2\/tags?post=255312"}],"curies":[{"name":"wp","href":"https:\/\/api.w.org\/{rel}","templated":true}]}}