{"id":255316,"date":"2025-07-18T02:20:38","date_gmt":"2025-07-18T02:20:38","guid":{"rendered":"https:\/\/www.europesays.com\/fr\/255316\/"},"modified":"2025-07-18T02:20:38","modified_gmt":"2025-07-18T02:20:38","slug":"une-fillette-de-la-region-de-nantes-meurt-noyee-dans-un-etang-lors-dun-camp-de-vacances-en-maine-et-loire","status":"publish","type":"post","link":"https:\/\/www.europesays.com\/fr\/255316\/","title":{"rendered":"Une fillette de la r\u00e9gion de Nantes meurt noy\u00e9e dans un \u00e9tang lors d\u2019un camp de vacances en\u00a0Maine-et-Loire"},"content":{"rendered":"<p>\u00ab Elle \u00e9tait en centre de loisirs, elle est partie pour une raison inconnue. Des plongeurs de la gendarmerie ont d\u00e9couvert son corps (mercredi) vers 22 h \u00bb, ont indiqu\u00e9 \u00e0 l\u2019AFP des gendarmes. Une fillette, qui participait \u00e0 un camp de vacances dans le Maine-et-Loire, a \u00e9t\u00e9 retrouv\u00e9e, morte noy\u00e9e.<\/p>\n<p>\u00ab Les gendarmes ont fait des constatations sur place. La couleur du maillot de bain correspondait \u00e0 celle qui avait \u00e9t\u00e9 d\u00e9crite \u00bb, a d\u00e9clar\u00e9 jeudi matin \u00c9ric Bouillard, procureur de la R\u00e9publique d\u2019Angers, \u00e0 un correspondant de l\u2019AFP.<\/p>\n<p>\u00ab On va mesurer le taux d\u2019encadrement \u00bb<\/p>\n<p>La jeune fille de 11 ans participait \u00e0 un camp de vacances venu de Nantes et des exercices de nage encadr\u00e9s \u00e9taient organis\u00e9s dans l\u2019\u00e9tang. \u00ab Ceux qui sortaient de l\u2019eau devaient attendre sur un banc \u00e0 proximit\u00e9. \u00c0 un moment, la fillette, qui devait s\u2019y trouver, a disparu \u00bb, a ajout\u00e9 le magistrat.<\/p>\n<p>Une enqu\u00eate a \u00e9t\u00e9 ouverte en recherche des causes de la mort et confi\u00e9e aux gendarmes de la compagnie de Segr\u00e9.<\/p>\n<p>\u00ab Il y a une vraie pr\u00e9somption de noyade \u00bb, selon le procureur. Cette hypoth\u00e8se devra \u00eatre confirm\u00e9e par les expertises m\u00e9dicales.<\/p>\n<p>Des t\u00e9moins doivent \u00eatre entendus jeudi. \u00ab On va mesurer le taux d\u2019encadrement. On le v\u00e9rifie toujours dans ce type de situation : est-ce que tout s\u2019est bien pass\u00e9 dans l\u2019encadrement ? Est-ce qu\u2019il y a eu une maladresse ? \u00bb, a d\u00e9taill\u00e9 Bouillard.<\/p>\n<p>La gendarmerie avait publi\u00e9 un appel \u00e0 t\u00e9moins pour retrouver la fillette qui avait disparu des abords de l\u2019\u00e9tang Saint-Aubin mercredi vers 13 h.<\/p>\n","protected":false},"excerpt":{"rendered":"\u00ab Elle \u00e9tait en centre de loisirs, elle est partie pour une raison inconnue. Des plongeurs de la&hellip;\n","protected":false},"author":2,"featured_media":255317,"comment_status":"","ping_status":"","sticky":false,"template":"","format":"standard","meta":{"footnotes":""},"categories":[2818],"tags":[1111,11,765,1777,674,118,1011,27,766,12,7781,2636,25],"class_list":{"0":"post-255316","1":"post","2":"type-post","3":"status-publish","4":"format-standard","5":"has-post-thumbnail","7":"category-nantes","8":"tag-actu","9":"tag-actualites","10":"tag-en-continu","11":"tag-eu","12":"tag-europe","13":"tag-faits-divers","14":"tag-fr","15":"tag-france","16":"tag-nantes","17":"tag-news","18":"tag-noyade","19":"tag-pays-de-la-loire","20":"tag-republique-francaise"},"share_on_mastodon":{"url":"https:\/\/pubeurope.com\/@fr\/114871849626228305","error":""},"_links":{"self":[{"href":"https:\/\/www.europesays.com\/fr\/wp-json\/wp\/v2\/posts\/255316","targetHints":{"allow":["GET"]}}],"collection":[{"href":"https:\/\/www.europesays.com\/fr\/wp-json\/wp\/v2\/posts"}],"about":[{"href":"https:\/\/www.europesays.com\/fr\/wp-json\/wp\/v2\/types\/post"}],"author":[{"embeddable":true,"href":"https:\/\/www.europesays.com\/fr\/wp-json\/wp\/v2\/users\/2"}],"replies":[{"embeddable":true,"href":"https:\/\/www.europesays.com\/fr\/wp-json\/wp\/v2\/comments?post=255316"}],"version-history":[{"count":0,"href":"https:\/\/www.europesays.com\/fr\/wp-json\/wp\/v2\/posts\/255316\/revisions"}],"wp:featuredmedia":[{"embeddable":true,"href":"https:\/\/www.europesays.com\/fr\/wp-json\/wp\/v2\/media\/255317"}],"wp:attachment":[{"href":"https:\/\/www.europesays.com\/fr\/wp-json\/wp\/v2\/media?parent=255316"}],"wp:term":[{"taxonomy":"category","embeddable":true,"href":"https:\/\/www.europesays.com\/fr\/wp-json\/wp\/v2\/categories?post=255316"},{"taxonomy":"post_tag","embeddable":true,"href":"https:\/\/www.europesays.com\/fr\/wp-json\/wp\/v2\/tags?post=255316"}],"curies":[{"name":"wp","href":"https:\/\/api.w.org\/{rel}","templated":true}]}}