{"id":255322,"date":"2025-07-18T02:23:11","date_gmt":"2025-07-18T02:23:11","guid":{"rendered":"https:\/\/www.europesays.com\/fr\/255322\/"},"modified":"2025-07-18T02:23:11","modified_gmt":"2025-07-18T02:23:11","slug":"toulouse-le-rose-festival-lance-une-toute-nouvelle-scene-decouvrez-la-programmation","status":"publish","type":"post","link":"https:\/\/www.europesays.com\/fr\/255322\/","title":{"rendered":"Toulouse. Le Rose festival lance une toute nouvelle sc\u00e8ne, d\u00e9couvrez la programmation"},"content":{"rendered":"<p>            Par<br \/>\n        <strong><br \/>\n            <a href=\"https:\/\/actu.fr\/auteur\/lucie-2\" title=\"Consulter tous les articles de Lucie Fraisse\" target=\"_blank\" rel=\"noopener\">Lucie Fraisse<\/a><br \/>\n        <\/strong><\/p>\n<p>        Publi\u00e9 le<\/p>\n<p>            17 juil. 2025 \u00e0 17h54        <\/p>\n<p>Il y a du nouveau au<a href=\"https:\/\/actu.fr\/occitanie\/toulouse_31555\/toulouse-deux-poids-lourds-du-rap-francais-rejoignent-l-affiche-2025-du-rose-festival_62556443.html\" target=\"_blank\" rel=\"noopener\"> Rose festival<\/a> ! Le festival de Bigflo et Oli, dont une nouvelle \u00e9dition doit se tenir du 29 au 31 ao\u00fbt 2025, se dote cette ann\u00e9e d\u2019une toute nouvelle sc\u00e8ne d\u00e9di\u00e9e aux <strong>talents \u00e9mergents<\/strong>.<\/p>\n<p>Des artistes aux \u00ab\u00a0univers forts\u00a0\u00bb<\/p>\n<p class=\" wall-content\">La sc\u00e8ne Visionnaire, en clin d\u2019\u0153il <a href=\"https:\/\/actu.fr\/occitanie\/toulouse_31555\/ligue-2-visionnaire-la-marque-de-bigflo-amp-oli-s-affiche-sur-les-maillots-du-toulouse-fc_45638604.html\" target=\"_blank\" rel=\"noopener\">\u00e0 la marque cr\u00e9\u00e9 par Bigflo et Oli<\/a>, est pens\u00e9e comme \u2018un laboratoire artistique\u00a0\u00bb qui mettra en avant \u00ab\u00a0une s\u00e9lection d\u2019artistes \u00e9mergents aux univers forts et singuliers\u00a0\u00bb.<\/p>\n<p class=\" wall-content\">Sur cette nouvelle sc\u00e8ne, on retrouvera ainsi<strong> David<\/strong>, plus connu sous son pseudo de Youtubeur Mc Fly, aux c\u00f4t\u00e9s de <strong>Sheng<\/strong>. Le N\u00eemois <strong>Maxence<\/strong> fait aussi partie de la programmation de la Visionnaire.<\/p>\n<p>Gagnants des tremplins\u00a0<\/p>\n<p class=\" wall-content\">Venu de Normandie et r\u00e9cemment nomin\u00e9 aux Grammy Awards, <strong>Fatbabs<\/strong> fera d\u00e9couvrir ses sons reggae. Programm\u00e9s \u00e9galement : <strong>Kyana, Manigance et Web<\/strong>.<\/p>\n<p>Vid\u00e9os : en ce moment sur Actu<\/p>\n<p class=\" wall-content\">Le duo <strong>Saki225 &amp; Roddy Key<\/strong> et le collectif <strong>Sunsept<\/strong> compl\u00e8tent la programmation.<\/p>\n<p class=\" wall-content\">La sc\u00e8ne Visionnaire permettra aussi de mettre en avant de jeunes artistes rep\u00e9r\u00e9s lors de tremplins organis\u00e9s dans la France enti\u00e8re par le Rose festival et les festivals partenaires. Au programme <a href=\"https:\/\/actu.fr\/occitanie\/toulouse_31555\/rose-festival-a-toulouse-et-si-vous-faisiez-partie-de-la-programmation-les-candidatures-bientot-ouvertes_62267195.html\" target=\"_blank\" rel=\"noopener\">De Fleur et Spiritisma<\/a> ( finalistes du tremplin Rose), mais aussi Ditter; Guesney et Maxi Glut.<\/p>\n<p>Jeunes talents du rap\u00a0<\/p>\n<p class=\" wall-content\">Enfin, la sc\u00e8ne promouvra de jeunes talents du rap une fois par jour, avec <strong>des sessions capt\u00e9es dans des lieux atypiques<\/strong> qui \u00ab\u00a0valorisent authenticit\u00e9 et cr\u00e9ativit\u00e9, soutenue par une direction artistique tr\u00e8s visuelle\u00a0\u00bb.<\/p>\n<p><strong>Infos pratiques :<\/strong><br \/>Rose festival, les 29, 30 et 31 ao\u00fbt 2025. \u00c0 partir de 59 euros. Billetterie en ligne <a href=\"https:\/\/rosefestival.seetickets.com\/content\/billetterie\" target=\"_blank\" rel=\"noopener\">sur le site d\u00e9di\u00e9.<\/a><\/p>\n<p class=\" wall-content\">Suivez toute l\u2019actualit\u00e9 de vos villes et m\u00e9dias favoris en vous inscrivant \u00e0 <a href=\"https:\/\/moncompte.actu.fr\" title=\"D\u00e9couvez Mon Actu\" rel=\"nofollow noopener\" data-trk=\"{&quot;cta&quot;:{&quot;action&quot;:&quot;https:\\\/\\\/moncompte.actu.fr&quot;,&quot;category&quot;:&quot;mon compte&quot;,&quot;from&quot;:&quot;article footer&quot;,&quot;name&quot;:&quot;Mon actu&quot;,&quot;type&quot;:&quot;cta&quot;}}\" target=\"_blank\">Mon Actu<\/a>.<\/p>\n","protected":false},"excerpt":{"rendered":"Par Lucie Fraisse Publi\u00e9 le 17 juil. 2025 \u00e0 17h54 Il y a du nouveau au Rose festival&hellip;\n","protected":false},"author":2,"featured_media":255323,"comment_status":"","ping_status":"","sticky":false,"template":"","format":"standard","meta":{"footnotes":""},"categories":[2816],"tags":[1111,11,7642,1777,674,1011,27,1652,12,2680,25,2312],"class_list":{"0":"post-255322","1":"post","2":"type-post","3":"status-publish","4":"format-standard","5":"has-post-thumbnail","7":"category-toulouse","8":"tag-actu","9":"tag-actualites","10":"tag-bigflo-et-oli","11":"tag-eu","12":"tag-europe","13":"tag-fr","14":"tag-france","15":"tag-loisirs-culture","16":"tag-news","17":"tag-occitanie","18":"tag-republique-francaise","19":"tag-toulouse"},"share_on_mastodon":{"url":"https:\/\/pubeurope.com\/@fr\/114871861459933615","error":""},"_links":{"self":[{"href":"https:\/\/www.europesays.com\/fr\/wp-json\/wp\/v2\/posts\/255322","targetHints":{"allow":["GET"]}}],"collection":[{"href":"https:\/\/www.europesays.com\/fr\/wp-json\/wp\/v2\/posts"}],"about":[{"href":"https:\/\/www.europesays.com\/fr\/wp-json\/wp\/v2\/types\/post"}],"author":[{"embeddable":true,"href":"https:\/\/www.europesays.com\/fr\/wp-json\/wp\/v2\/users\/2"}],"replies":[{"embeddable":true,"href":"https:\/\/www.europesays.com\/fr\/wp-json\/wp\/v2\/comments?post=255322"}],"version-history":[{"count":0,"href":"https:\/\/www.europesays.com\/fr\/wp-json\/wp\/v2\/posts\/255322\/revisions"}],"wp:featuredmedia":[{"embeddable":true,"href":"https:\/\/www.europesays.com\/fr\/wp-json\/wp\/v2\/media\/255323"}],"wp:attachment":[{"href":"https:\/\/www.europesays.com\/fr\/wp-json\/wp\/v2\/media?parent=255322"}],"wp:term":[{"taxonomy":"category","embeddable":true,"href":"https:\/\/www.europesays.com\/fr\/wp-json\/wp\/v2\/categories?post=255322"},{"taxonomy":"post_tag","embeddable":true,"href":"https:\/\/www.europesays.com\/fr\/wp-json\/wp\/v2\/tags?post=255322"}],"curies":[{"name":"wp","href":"https:\/\/api.w.org\/{rel}","templated":true}]}}