{"id":255326,"date":"2025-07-18T02:25:26","date_gmt":"2025-07-18T02:25:26","guid":{"rendered":"https:\/\/www.europesays.com\/fr\/255326\/"},"modified":"2025-07-18T02:25:26","modified_gmt":"2025-07-18T02:25:26","slug":"lille-age-de-18-ans-il-prostituait-deux-filles-de-16-et-17-ans-lune-delles-etait-sa-petite-amie","status":"publish","type":"post","link":"https:\/\/www.europesays.com\/fr\/255326\/","title":{"rendered":"Lille. \u00c2g\u00e9 de 18 ans, il prostituait deux filles de 16 et 17 ans, l&rsquo;une d&rsquo;elles \u00e9tait sa petite amie"},"content":{"rendered":"<p>            Par<br \/>\n        <strong><br \/>\n            <a href=\"https:\/\/actu.fr\/auteur\/redaction-lille\" title=\"Consulter tous les articles de R\u00e9daction Lille\" rel=\"nofollow noopener\" target=\"_blank\">R\u00e9daction Lille<\/a><br \/>\n        <\/strong><\/p>\n<p>        Publi\u00e9 le<\/p>\n<p>            15 juil. 2025 \u00e0 11h41        <\/p>\n<p>Le 7 juillet 2025, le mis en cause a \u00e9t\u00e9 interpell\u00e9 \u00e0 <a href=\"https:\/\/actu.fr\/hauts-de-france\/roubaix_59512\" rel=\"nofollow noopener\" target=\"_blank\">Roubaix<\/a> et plac\u00e9 en garde \u00e0 vue, apr\u00e8s plusieurs jours de surveillance t\u00e9l\u00e9phonique par la justice. En comparution imm\u00e9diate le jeudi 10 juillet, il a \u00e9t\u00e9 jug\u00e9 par le tribunal judiciaire de <a href=\"https:\/\/actu.fr\/lille\/\" rel=\"nofollow noopener\" target=\"_blank\">Lille<\/a> pour avoir assist\u00e9 la <b>prostitution<\/b> de <b>deux jeunes filles de 16 et 17 ans<\/b>, partag\u00e9 les produits de leur prostitution, et assur\u00e9 la surveillance de leur activit\u00e9. <b>L\u2019une des deux filles \u00e9tait sa petite amie<\/b>.<\/p>\n<p>\u00ab\u00a0L\u2019argent qu\u2019elles r\u00e9cup\u00e9raient, je n\u2019ai rien fait avec\u00a0\u00bb<\/p>\n<p class=\" wall-content\">Le 20 mai 2025, la <b>disparition inqui\u00e9tante de deux jeunes filles<\/b> est signal\u00e9e par l\u2019aide sociale \u00e0 l\u2019enfance du Nord. Tr\u00e8s vite apr\u00e8s le signalement, la justice d\u00e9couvre que <b>leur num\u00e9ro de t\u00e9l\u00e9phone est associ\u00e9 \u00e0 une annonce de prostitution en ligne<\/b>, et leur ligne est mise sur \u00e9coute. L\u2019enqu\u00eate r\u00e9v\u00e8le l\u2019identit\u00e9 du jeune homme r\u00e9servant leurs divers lieux d\u2019activit\u00e9, dont il est observ\u00e9 entrant et sortant aux c\u00f4t\u00e9s des deux filles.<\/p>\n<p class=\" wall-content\">Le jeune homme ne reconna\u00eet pas les faits qui lui sont reproch\u00e9s : \u00ab\u00a0C\u2019est vrai que j\u2019ai pay\u00e9 le logement, mais <b>l\u2019argent qu\u2019elles r\u00e9cup\u00e9raient, je n\u2019ai rien fait avec<\/b>\u00ab\u00a0. Il raconte d\u2019abord avoir pay\u00e9 une chambre pour sa petite amie rencontr\u00e9e \u00e0 la f\u00eate de la musique, pour qu\u2019elle ne reste pas \u00e0 la rue. Il avoue ensuite avoir \u00e9t\u00e9 pr\u00e9venu de ce qu\u2019elle y faisait : \u00ab\u00a0J\u2019\u00e9tais au courant de tout, <b>je l\u2019ai laiss\u00e9e travailler de son c\u00f4t\u00e9<\/b>\u00ab\u00a0. Apparemment, <b>les jeunes filles donnaient 50% de leurs gains<\/b> pour qu\u2019il r\u00e9serve et g\u00e8re les h\u00f4tels, chambres et spas o\u00f9 elles accueillaient leurs clients. Les \u00e9coutes t\u00e9l\u00e9phoniques r\u00e9v\u00e8lent \u00e9galement qu\u2019il indiquait \u00e0 l\u2019une des deux filles \u00ab\u00a0dans quel logement aller le lendemain\u00a0\u00bb.<\/p>\n<p>\u00ab\u00a0Je ne suis pas victime de prox\u00e9n\u00e9tisme\u00a0\u00bb<\/p>\n<p class=\" wall-content\">\u00ab\u00a0Je ne suis pas victime de prox\u00e9n\u00e9tisme\u00a0\u00bb, d\u00e9clare une des victimes, \u00ab\u00a0j\u2019ai donn\u00e9 mon argent moi-m\u00eame pour qu\u2019il r\u00e9serve les logements, parce que je suis mineure et que je ne peux pas le faire moi-m\u00eame, <b>ce n\u2019est pas sa faute<\/b>\u00ab\u00a0. Elle raconte l\u2019avoir rencontr\u00e9 sur Snapchat le 21 juin 2025, et lui avoir demand\u00e9 d\u2019assurer leur s\u00e9curit\u00e9, en \u00e9change de 50% de leurs gains vers\u00e9s uniquement dans le but qu\u2019il finance leurs logements, et qu\u2019il publie les annonces sur Google.<\/p>\n<p class=\" wall-content\">\u00ab\u00a0Pour moi on formait un couple, je l\u2019aime et je vois un avenir avec lui. Je n\u2019ai m\u00eame pas eu beaucoup de clients depuis juin, parce que j\u2019essaye de m\u2019en sortir\u00a0\u00bb, raconte-t-elle, en niant la plupart des \u00e9l\u00e9ments de sa pr\u00e9c\u00e9dente d\u00e9claration relat\u00e9s par la pr\u00e9sidente du tribunal : \u00ab\u00a0les policiers ont tout m\u00e9lang\u00e9.\u00a0\u00bb<\/p>\n<p class=\" wall-content\">D\u2019apr\u00e8s l\u2019autre victime, elles auraient <b>fugu\u00e9 de leur foyer<\/b> afin d\u2019<b>\u00e9chapper au harc\u00e8lement, aux scarifications et aux viols<\/b> dont elles \u00e9taient victimes. Elles s\u2019\u00e9taient d\u00e9j\u00e0 prostitu\u00e9es par le pass\u00e9 dans plusieurs villes de l\u2019hexagone. Le pr\u00e9venu aurait d\u2019abord refus\u00e9 de les aider dans leur activit\u00e9, jusqu\u2019\u00e0 ce qu\u2019elles menacent de fuir \u00e0 Marseille, ce qui aurait suscit\u00e9 sa piti\u00e9. \u00ab\u00a0Il a accept\u00e9, mais n\u2019a jamais \u00e9t\u00e9 violent envers nous. On a eu d\u2019anciens prox\u00e9n\u00e8tes qui ont \u00e9t\u00e9 violents, mais n\u2019ont jamais \u00e9t\u00e9 condamn\u00e9s.\u00a0\u00bb D\u2019apr\u00e8s la pr\u00e9sidente du tribunal, cela n\u2019en fait pas moins un prox\u00e9n\u00e8te.<\/p>\n<p>Les victimes recevaient entre 700 et 800 euros par journ\u00e9e de travail<\/p>\n<p class=\" wall-content\">Les jeunes filles racontent ensuite qu\u2019il ne restait jamais pour surveiller mais chargeait \u00ab\u00a0des petits du quartier\u00a0\u00bb de le faire \u00e0 sa place. Les victimes recevaient <b>entre 700 et 800 euros par journ\u00e9e de travail<\/b>, il en prenait la moiti\u00e9 \u00e0 la premi\u00e8re, qui a fini par lui retirer sa confiance, et ne laissait que 100 euros \u00e0 sa petite amie. \u00ab\u00a0Il ne nous a jamais forc\u00e9es \u00e0 rien, mais je suis partie parce qu\u2019il avait des amis bizarres, j\u2019ai cherch\u00e9 quelqu\u2019un d\u2019autre.\u00a0\u00bb<\/p>\n<p class=\" wall-content\">Des extraits d\u2019appels t\u00e9l\u00e9phoniques r\u00e9v\u00e9l\u00e9s par la procureure montrent tout de m\u00eame une <b>certaine frustration du pr\u00e9venu lorsque les deux jeunes filles n\u2019exer\u00e7aient pas pendant une journ\u00e9e<\/b> : \u00ab\u00a0je leur avais laiss\u00e9 des sous pour le spa, et au final, je ne sais pas ce qu\u2019elles ont fait avec et j\u2019\u00e9tais \u00e0 perte\u00a0\u00bb. Il aurait \u00e9galement manifest\u00e9 un <b>certain int\u00e9r\u00eat accord\u00e9 \u00e0 leur productivit\u00e9<\/b> : \u00ab\u00a0l\u2019activit\u00e9 ici est meilleure qu\u2019\u00e0 Croix\u00a0\u00bb a-t-il dit au cours d\u2019un appel pass\u00e9 au sujet du nombre de clients qu\u2019elles recevaient. Enfin, interpell\u00e9 pour un probl\u00e8me de passeport le 28 juin, il aurait avou\u00e9 \u00eatre soulag\u00e9 que ce ne soit pas au sujet des escortes, puisque lui \u00e9tant majeur et elles mineures, il risquait des ennuis.<\/p>\n<p>Des jeunes filles \u00ab\u00a0sous emprise\u00a0\u00bb<\/p>\n<p class=\" wall-content\">L\u2019avocate des parties civiles insiste sur la fragilit\u00e9 des deux jeunes filles, qui ont eu un \u00ab\u00a0parcours chaotique\u00a0\u00bb, de <b>fortes carences affectives<\/b>, des <b>tendances suicidaires<\/b>, et cela sans aucun lien avec leurs parents. Elles ont subi \u00ab\u00a0un mal-\u00eatre immense, les poussant \u00e0 multiplier les mises en danger\u00a0\u00bb. Elles sont, d\u2019apr\u00e8s elle, sous emprise : \u00ab\u00a0on le voit, elles sont pr\u00eates \u00e0 prendre sa d\u00e9fense, elles culpabilisent m\u00eame\u00a0\u00bb. Les victimes ont en effet souvent ce m\u00eame parcours et les m\u00eames <b>facteurs de vuln\u00e9rabilit\u00e9<\/b>.<\/p>\n<p class=\" wall-content\">La d\u00e9fense cherche tout de m\u00eame \u00e0 nuancer les faits : \u00ab\u00a0on l\u2019accuse d\u2019une infraction qu\u2019il ne connaissait m\u00eame pas, son but \u00e9tait d\u2019aider ces deux filles. De plus, il n\u2019est pas coupable de les avoir introduites \u00e0 la prostitution\u00a0\u00bb.<\/p>\n<p class=\" wall-content\">Malgr\u00e9 cela, le pr\u00e9venu est condamn\u00e9 \u00e0 <b>trois ans d\u2019emprisonnement ferme<\/b>, assortis de deux ans avec sursis probatoire partiel, ainsi qu\u2019\u00e0 une obligation d\u2019indemniser les victimes.<\/p>\n<p class=\" wall-content\"><b>Lina Melhem<\/b><\/p>\n<p class=\" wall-content\">Suivez toute l\u2019actualit\u00e9 de vos villes et m\u00e9dias favoris en vous inscrivant \u00e0 <a href=\"https:\/\/moncompte.actu.fr\" title=\"D\u00e9couvez Mon Actu\" rel=\"nofollow noopener\" data-trk=\"{&quot;cta&quot;:{&quot;action&quot;:&quot;https:\\\/\\\/moncompte.actu.fr&quot;,&quot;category&quot;:&quot;mon compte&quot;,&quot;from&quot;:&quot;article footer&quot;,&quot;name&quot;:&quot;Mon actu&quot;,&quot;type&quot;:&quot;cta&quot;}}\" target=\"_blank\">Mon Actu<\/a>.<\/p>\n","protected":false},"excerpt":{"rendered":"Par R\u00e9daction Lille Publi\u00e9 le 15 juil. 2025 \u00e0 11h41 Le 7 juillet 2025, le mis en cause&hellip;\n","protected":false},"author":2,"featured_media":255327,"comment_status":"","ping_status":"","sticky":false,"template":"","format":"standard","meta":{"footnotes":""},"categories":[2815],"tags":[1111,11,1777,674,118,1011,27,811,303,1307,12,25],"class_list":{"0":"post-255326","1":"post","2":"type-post","3":"status-publish","4":"format-standard","5":"has-post-thumbnail","7":"category-lille","8":"tag-actu","9":"tag-actualites","10":"tag-eu","11":"tag-europe","12":"tag-faits-divers","13":"tag-fr","14":"tag-france","15":"tag-hauts-de-france","16":"tag-justice","17":"tag-lille","18":"tag-news","19":"tag-republique-francaise"},"share_on_mastodon":{"url":"https:\/\/pubeurope.com\/@fr\/114871869438520732","error":""},"_links":{"self":[{"href":"https:\/\/www.europesays.com\/fr\/wp-json\/wp\/v2\/posts\/255326","targetHints":{"allow":["GET"]}}],"collection":[{"href":"https:\/\/www.europesays.com\/fr\/wp-json\/wp\/v2\/posts"}],"about":[{"href":"https:\/\/www.europesays.com\/fr\/wp-json\/wp\/v2\/types\/post"}],"author":[{"embeddable":true,"href":"https:\/\/www.europesays.com\/fr\/wp-json\/wp\/v2\/users\/2"}],"replies":[{"embeddable":true,"href":"https:\/\/www.europesays.com\/fr\/wp-json\/wp\/v2\/comments?post=255326"}],"version-history":[{"count":0,"href":"https:\/\/www.europesays.com\/fr\/wp-json\/wp\/v2\/posts\/255326\/revisions"}],"wp:featuredmedia":[{"embeddable":true,"href":"https:\/\/www.europesays.com\/fr\/wp-json\/wp\/v2\/media\/255327"}],"wp:attachment":[{"href":"https:\/\/www.europesays.com\/fr\/wp-json\/wp\/v2\/media?parent=255326"}],"wp:term":[{"taxonomy":"category","embeddable":true,"href":"https:\/\/www.europesays.com\/fr\/wp-json\/wp\/v2\/categories?post=255326"},{"taxonomy":"post_tag","embeddable":true,"href":"https:\/\/www.europesays.com\/fr\/wp-json\/wp\/v2\/tags?post=255326"}],"curies":[{"name":"wp","href":"https:\/\/api.w.org\/{rel}","templated":true}]}}