{"id":255330,"date":"2025-07-18T02:27:09","date_gmt":"2025-07-18T02:27:09","guid":{"rendered":"https:\/\/www.europesays.com\/fr\/255330\/"},"modified":"2025-07-18T02:27:09","modified_gmt":"2025-07-18T02:27:09","slug":"la-prefecture-ne-fait-rien","status":"publish","type":"post","link":"https:\/\/www.europesays.com\/fr\/255330\/","title":{"rendered":"La pr\u00e9fecture ne fait rien"},"content":{"rendered":"<p>            Par<br \/>\n        <strong><br \/>\n            <a href=\"https:\/\/actu.fr\/auteur\/thomas-blanc\" title=\"Consulter tous les articles de Thomas Blanc\" target=\"_blank\" rel=\"noopener\">Thomas Blanc<\/a><br \/>\n        <\/strong><\/p>\n<p>        Publi\u00e9 le<\/p>\n<p>            17 juil. 2025 \u00e0 17h50        <\/p>\n<p>Enfin le bout du tunnel ? Apr\u00e8s 14 jours \u00e0 camper et dormir\u00a0au kiosque des R\u00e9form\u00e9s sur le haut de <a href=\"https:\/\/actu.fr\/tag\/canebiere\" target=\"_blank\" rel=\"noopener\">La Canebi\u00e8re<\/a> \u00e0 <a href=\"https:\/\/actu.fr\/?s=Marseille\" target=\"_blank\" rel=\"noopener\">Marseille<\/a>, la quarantaine de mineurs isol\u00e9s (\u00e0 comprendre sans tuteur l\u00e9gal sur le territoire fran\u00e7ais) a re\u00e7u la visite des services sociaux ce mercredi 16 juillet 2025. L\u2019objectif : faire leur recensement dans le but de leur proposer une <strong>solution d\u2019h\u00e9bergement<\/strong> qui tarde \u00e0 venir. Mais cela ne signifie pas la fin du calvaire pour autant.<\/p>\n<p>Toujours en attente de proposition<\/p>\n<p class=\" wall-content\">Deux semaines se sont \u00e9coul\u00e9es et ces mineurs isol\u00e9s (la reconnaissance de leur minorit\u00e9 est encore en cours aupr\u00e8s du juge des enfants, selon les collectifs pr\u00e9sents sur place pour les aider) venus d\u2019Afrique de l\u2019Ouest francophone pour la plupart sont toujours <strong>livr\u00e9s \u00e0 eux-m\u00eames<\/strong> sur l\u2019avenue centrale de la deuxi\u00e8me ville de France, dans un d\u00e9cor de bidonville.<\/p>\n<p class=\" wall-content\">\u00ab\u2009Ils sont <strong>toujours en attente de proposition de l\u2019\u00c9tat<\/strong> (via la pr\u00e9fecture des Bouches-du-Rh\u00f4ne NDLR) pour trouver des solutions d\u2019h\u00e9bergement et un accompagnement pluridisciplinaire\u2009\u00bb, explique Laura qui aide les jeunes dans leurs d\u00e9marches.<\/p>\n<p>Mis \u00e0 la rue par le d\u00e9partement<\/p>\n<p class=\" wall-content\">Ces jeunes, pour certains depuis plusieurs mois \u00e0 Marseille, comme Mamadou, sont connus de l\u2019Addap 13 (Association d\u00e9partementale pour le d\u00e9veloppement des actions de pr\u00e9vention), habilit\u00e9e par le d\u00e9partement pour <strong>r\u00e9pondre aux besoins et aux attentes des adolescents en difficult\u00e9<\/strong>.<\/p>\n<p class=\" wall-content\">\u00ab\u2009Quand je suis arriv\u00e9 d\u2019Espagne, je suis all\u00e9 \u00e0 l\u2019Addap 13. Ils m\u2019ont mis \u00e0 l\u2019abri \u00e0 l\u2019h\u00f4tel, mais apr\u00e8s l\u2019entretien, <strong>j\u2019ai \u00e9t\u00e9 mis dehors<\/strong>\u2009\u00bb, raconte le jeune guin\u00e9en, \u00e0 Marseille depuis janvier\u00a02024 et \u00e0 la rue depuis l\u2019automne.<\/p>\n<p class=\" wall-content\"><a href=\"https:\/\/www.instagram.com\/p\/DMLbw8vo1KA\/embed\" title=\"Ouvrir le lien sur Instagram\" target=\"_blank\" rel=\"noopener\">Visualiser le contenu sur Instagram<\/a><\/p>\n<p class=\" wall-content\">Cet entretien qu\u2019il \u00e9voque dure 1h30 environ, au cours duquel les travailleurs sociaux lui posent de nombreuses questions sur sa vie au pays, sa famille et son parcours migratoire.<\/p>\n<p class=\" wall-content\">\u00c0 l\u2019issue de celui-ci et de l\u2019observation du comportement du jeune, le travail social r\u00e9dige un rapport <strong>reconnaissant ou non la minorit\u00e9 du jeune<\/strong>. S\u2019il n\u2019est pas reconnu mineur, son accompagnement s\u2019arr\u00eate brusquement.<\/p>\n<p>\u00ab\u2009Les b\u00e9n\u00e9voles sont comme nos parents\u2009\u00bb<\/p>\n<p class=\" wall-content\">Ces jeunes aux parcours cass\u00e9s ont <strong>besoin de rep\u00e8res<\/strong>. Tous venus de loin (souvent de force) en plusieurs \u00e9tapes\u2009: la Guin\u00e9e Conakry, le S\u00e9n\u00e9gal et l\u2019Espagne en bateau puis Marseille pour Mamadou\u2009; la C\u00f4te d\u2019Ivoire, l\u2019Espagne, Bayonne puis Marseille apr\u00e8s deux ans de p\u00e9riple pour Moussa*; ils cherchent \u00e0 s\u2019en sortir et recherchent de l\u2019aide.<\/p>\n<p class=\" wall-content\">\u00ab\u2009<strong>Les b\u00e9n\u00e9voles nous sont d\u2019une grande aide<\/strong>, ils sont comme nos parents. Ils sont l\u00e0 pour nos besoins vitaux, la nourriture, etc. et pour les proc\u00e9dures notamment li\u00e9es \u00e0 notre scolarit\u00e9\u2009\u00bb, expose Moussa, 17\u00a0ans, arriv\u00e9 \u00e0 Marseille r\u00e9cemment.<\/p>\n<blockquote class=\"ac-article-quote wall-content\">\n<p>\u00c0 Bayonne, je ne suis pas rest\u00e9 longtemps, car je n&rsquo;ai pas r\u00e9ussi \u00e0 me faire aider, \u00e0 avoir un accueil. On m&rsquo;a fait prendre le train pour Marseille. Ici les associations m&rsquo;ont tendu la main.<\/p>\n<p>    <strong>Moussa<\/strong>\n            <\/p><\/blockquote>\n<p>Un h\u00e9bergement pour une scolarit\u00e9 saine<\/p>\n<p class=\" wall-content\">Car oui, malgr\u00e9 leurs situations, ces jeunes sont dans leur quasi-int\u00e9gralit\u00e9 <strong>inscrit dans les lyc\u00e9es et \u00e9coles de la ville<\/strong> ou dans des classes professionnalisantes gr\u00e2ce au travail des associations et collectifs \u00e0 leurs c\u00f4t\u00e9s.<\/p>\n<p class=\" wall-content\">Mamadou travaille dans un <a href=\"https:\/\/actu.fr\/tag\/restaurant\" target=\"_blank\" rel=\"noopener\">restaurant<\/a> pour cet \u00e9t\u00e9 avant de reprendre sa scolarit\u00e9. Moussa, lui, entrera en premi\u00e8re dans un lyc\u00e9e pro du 12e arrondissement pour y faire un Bac pro cybers\u00e9curit\u00e9, informatique et r\u00e9seaux, \u00e9lectronique dans l\u2019optique de devenir technicien \u00e0 Marseille. \u00ab\u2009J\u2019ai trop boug\u00e9 ces derniers temps pour repartir, je veux que \u00e7a s\u2019arr\u00eate\u2009\u00bb, l\u00e2che-t-il, exasp\u00e9rer.<\/p>\n<p class=\" wall-content\">Et le nerf de la guerre semble \u00eatre l\u00e0. Outre des conditions de vie d\u00e9plorable dans la rue \u00e0 Marseille, ces jeunes ont l\u2019opportunit\u00e9 de s\u2019en sortir via <strong>leurs formations, stages et alternances<\/strong>. Une opportunit\u00e9 qui pourrait \u00eatre <strong>g\u00e2ch\u00e9e par l\u2019absence de toit<\/strong> au-dessus de leur t\u00eate.<\/p>\n<p class=\" wall-content\">\u00ab\u2009Comment poursuivre une scolarit\u00e9 saine si le soir, on \u00e9tudie et dort dans la rue\u2009? C\u2019est impossible\u2009\u00bb enrage Valentine, soutien du collectif Binkadi qui accompagne les jeunes.<\/p>\n<p>Une situation d\u00e9j\u00e0 vue<\/p>\n<p class=\" wall-content\">Douze jours apr\u00e8s le regroupement de ces jeunes \u00e0 la rue au kiosque des R\u00e9form\u00e9s, les services sociaux sont pass\u00e9s au campement <strong>recenser le nombre de jeunes en besoin de logement<\/strong>. \u00ab\u2009C\u2019est nous qui sommes all\u00e9s les chercher, la pr\u00e9fecture et eux ne faisaient rien. En allant voir l\u2019association de relogement Sara Logisol, on a trouv\u00e9 un interlocuteur avec la pr\u00e9fecture\u2009\u00bb raconte Laura, d\u00e9faite de devoir en arriver l\u00e0.<\/p>\n<p class=\" wall-content\">\u00ab\u2009S\u2019ils sont finalement venus, c\u2019est qu\u2019<strong>ils cherchent des solutions,<\/strong> donc nous nous attendons \u00e0 une proposition, on se tient pr\u00eat pour y r\u00e9fl\u00e9chir\u2009\u00bb, l\u00e2che finalement Valentine pleine d\u2019espoir.<\/p>\n<p class=\" wall-content\">Pour rappel, apr\u00e8s une mobilisation similaire au m\u00eame endroit au mois de f\u00e9vrier\u00a02025, la pr\u00e9fecture avait propos\u00e9 des solutions de logement pour seulement une partie des jeunes sur place. Par solidarit\u00e9, elle avait \u00e9t\u00e9 refus\u00e9e par les principaux concern\u00e9s.<\/p>\n<p class=\" wall-content\">Contact\u00e9e, la pr\u00e9fecture des <a href=\"https:\/\/actu.fr\/provence-alpes-cote-d-azur\/bouches-du-rhone_13\" target=\"_blank\" rel=\"noopener\">Bouches-du-Rh\u00f4ne<\/a> n\u2019a pas souhait\u00e9 r\u00e9pondre \u00e0 nos sollicitations.<\/p>\n<p class=\" wall-content\">*Le pr\u00e9nom a \u00e9t\u00e9 chang\u00e9<\/p>\n<p class=\" wall-content\">Suivez toute l\u2019actualit\u00e9 de vos villes et m\u00e9dias favoris en vous inscrivant \u00e0 <a href=\"https:\/\/moncompte.actu.fr\" title=\"D\u00e9couvez Mon Actu\" rel=\"nofollow noopener\" data-trk=\"{&quot;cta&quot;:{&quot;action&quot;:&quot;https:\\\/\\\/moncompte.actu.fr&quot;,&quot;category&quot;:&quot;mon compte&quot;,&quot;from&quot;:&quot;article footer&quot;,&quot;name&quot;:&quot;Mon actu&quot;,&quot;type&quot;:&quot;cta&quot;}}\" target=\"_blank\">Mon Actu<\/a>.<\/p>\n<p>                    <script async src=\"\/\/www.instagram.com\/embed.js\"><\/script><\/p>\n","protected":false},"excerpt":{"rendered":"Par Thomas Blanc Publi\u00e9 le 17 juil. 2025 \u00e0 17h50 Enfin le bout du tunnel ? Apr\u00e8s 14&hellip;\n","protected":false},"author":2,"featured_media":255331,"comment_status":"","ping_status":"","sticky":false,"template":"","format":"standard","meta":{"footnotes":""},"categories":[2814],"tags":[1111,11,1777,674,1011,27,1908,884,12,4518,882,25,104,3400],"class_list":{"0":"post-255330","1":"post","2":"type-post","3":"status-publish","4":"format-standard","5":"has-post-thumbnail","7":"category-marseille","8":"tag-actu","9":"tag-actualites","10":"tag-eu","11":"tag-europe","12":"tag-fr","13":"tag-france","14":"tag-logement","15":"tag-marseille","16":"tag-news","17":"tag-pauvrete","18":"tag-provence-alpes-cote-dazur","19":"tag-republique-francaise","20":"tag-societe","21":"tag-solidarite"},"share_on_mastodon":{"url":"https:\/\/pubeurope.com\/@fr\/114871877153171636","error":""},"_links":{"self":[{"href":"https:\/\/www.europesays.com\/fr\/wp-json\/wp\/v2\/posts\/255330","targetHints":{"allow":["GET"]}}],"collection":[{"href":"https:\/\/www.europesays.com\/fr\/wp-json\/wp\/v2\/posts"}],"about":[{"href":"https:\/\/www.europesays.com\/fr\/wp-json\/wp\/v2\/types\/post"}],"author":[{"embeddable":true,"href":"https:\/\/www.europesays.com\/fr\/wp-json\/wp\/v2\/users\/2"}],"replies":[{"embeddable":true,"href":"https:\/\/www.europesays.com\/fr\/wp-json\/wp\/v2\/comments?post=255330"}],"version-history":[{"count":0,"href":"https:\/\/www.europesays.com\/fr\/wp-json\/wp\/v2\/posts\/255330\/revisions"}],"wp:featuredmedia":[{"embeddable":true,"href":"https:\/\/www.europesays.com\/fr\/wp-json\/wp\/v2\/media\/255331"}],"wp:attachment":[{"href":"https:\/\/www.europesays.com\/fr\/wp-json\/wp\/v2\/media?parent=255330"}],"wp:term":[{"taxonomy":"category","embeddable":true,"href":"https:\/\/www.europesays.com\/fr\/wp-json\/wp\/v2\/categories?post=255330"},{"taxonomy":"post_tag","embeddable":true,"href":"https:\/\/www.europesays.com\/fr\/wp-json\/wp\/v2\/tags?post=255330"}],"curies":[{"name":"wp","href":"https:\/\/api.w.org\/{rel}","templated":true}]}}