{"id":255340,"date":"2025-07-18T02:33:28","date_gmt":"2025-07-18T02:33:28","guid":{"rendered":"https:\/\/www.europesays.com\/fr\/255340\/"},"modified":"2025-07-18T02:33:28","modified_gmt":"2025-07-18T02:33:28","slug":"entre-house-of-cards-et-kill-bill-on-vous-raconte-les-dessous-de-la-legislative-partielle-qui-pourrait-opposer-rachida-dati-a-michel-barnier-a-paris","status":"publish","type":"post","link":"https:\/\/www.europesays.com\/fr\/255340\/","title":{"rendered":"Entre House of Cards et Kill Bill\u00a0: on vous raconte les dessous de la l\u00e9gislative partielle qui pourrait opposer Rachida Dati \u00e0 Michel Barnier \u00e0 Paris"},"content":{"rendered":"<p>\u00ab\u00a0La situation est tr\u00e8s baroque\u00a0\u00bb, sourit, crisp\u00e9, un parlementaire Renaissance de Paris. \u00ab\u00a0C\u2019est le bordel\u00a0\u00bb, tranche plus cr\u00fbment un conseiller de l\u2019ombre, qui roule pour Rachida Dati. On parle de la l\u00e9gislative partielle qui s\u2019annonce dans la 2e circonscription de Paris. Suite \u00e0 l\u2019invalidation de l\u2019\u00e9lection du d\u00e9put\u00e9 Jean Laussucq, d\u00e9clar\u00e9 in\u00e9ligible par le Conseil constitutionnel pour comptes de campagne non-conforme, les app\u00e9tits s\u2019aiguisent\u2026 Et \u00e7a part dans tous les sens, au sein du m\u00eame camp, le socle commun, qui a d\u00e9cid\u00e9ment de moins en moins de choses \u00e0 partager. Pour l\u2019heure, les supputations vont bon train sur les ambitions et les objectifs des uns et des autres, ou les coups de billard \u00e0 plusieurs bandes.<\/p>\n<p>\u00ab\u00a0On ne sait pas qui est vraiment candidat, qui bluffe\u00a0\u00bb<\/p>\n<p>Mardi, on apprenait dans <a href=\"https:\/\/www.lefigaro.fr\/flash-actu\/legislative-partielle-michel-barnier-envisage-d-etre-candidat-a-paris-20250715\" target=\"_blank\" rel=\"noopener nofollow\">Le Figaro<\/a> que l\u2019ancien premier ministre LR, Michel Barnier, \u00e9tait candidat dans cette circonscription en or, qui regroupe trois arrondissements cossus, le 5e, le 6e et le 7e, une \u00ab\u00a0circo\u00a0\u00bb tr\u00e8s ancr\u00e9e \u00e0 droite. \u00ab\u00a0Dans le moment tr\u00e8s grave o\u00f9 nous sommes pour notre pays comme cela a \u00e9t\u00e9 rappel\u00e9 avec force aujourd\u2019hui, j\u2019ai d\u00e9cid\u00e9 de proposer ma candidature \u00e0 l\u2019\u00e9lection partielle dans la deuxi\u00e8me circonscription de Paris\u00a0\u00bb, a \u00e9crit sur X l\u2019int\u00e9ress\u00e9. L\u2019ancien d\u00e9put\u00e9 de Savoie vit en r\u00e9alit\u00e9 dans la circonscription depuis 12 ans et l\u2019arpente \u00ab\u00a0\u00e0 v\u00e9lo\u00a0\u00bb.<\/p>\n<p>Le lendemain, c\u2019est une certaine Rachida Dati, ministre de la Culture, qui vise la mairie de Paris, qui commence \u00e0 sortir du bois. Selon <a href=\"https:\/\/www.leparisien.fr\/politique\/rachida-a-tres-envie-detre-candidate-elle-sorganise-pour-dati-prete-a-se-lancer-face-a-barnier-aux-legislatives-a-paris-16-07-2025-MAVM3BEVANFXTGTE4E6U6ZUBQY.php\" target=\"_blank\" rel=\"noopener nofollow\">Le Parisien<\/a>, Rachida a \u00ab\u00a0tr\u00e8s envie d\u2019\u00eatre candidate, elle s\u2019organise pour\u00a0\u00bb. Vous en voulez encore\u00a0? Le m\u00eame jour, dans la soir\u00e9e, c\u2019est la ministre charg\u00e9e de l\u2019Intelligence artificielle et du Num\u00e9rique, Clara Chappaz, qui est apparue comme <a href=\"https:\/\/www.leparisien.fr\/elections\/legislatives\/legislative-partielle-a-paris-la-ministre-clara-chappaz-pressentie-pour-defier-dati-et-barnier-16-07-2025-GMTO5YVULVCSFE52O3UGJG22RY.php\" target=\"_blank\" rel=\"noopener nofollow\">candidate \u00ab\u00a0pressentie\u00a0\u00bb<\/a> pour Renaissance\u2026<\/p>\n<p>On r\u00e9sume\u00a0: deux ministres du m\u00eame gouvernement et leur ancien premier ministre \u2013 car les deux femmes ont \u00e9t\u00e9 membres du gouvernement Barnier \u2013 seraient pr\u00eats \u00e0 s\u2019affronter dans la m\u00eame \u00e9lection. C\u2019est House of Cards, version rive gauche. \u00ab\u00a0Il y a beaucoup de rumeurs. On ne sait pas qui est vraiment candidat, qui bluffe\u2026\u00a0\u00bb constate un macroniste. \u00ab\u00a0Je n\u2019ai toujours pas tout compris non plus, un peu comme tout le monde\u00a0\u00bb, pr\u00e9f\u00e8re encore en rire un parlementaire LR.<\/p>\n<p>\u00ab\u00a0Michel Barnier peut nous apporter beaucoup de s\u00e9r\u00e9nit\u00e9, ce qui nous manque \u00e0 Paris\u00a0\u00bb, souligne la s\u00e9natrice LR Catherine Dumas<\/p>\n<p>Chez une bonne partie des LR de la capitale, \u00e9chaud\u00e9s par l\u2019attitude de Rachida Dati au point d\u2019avoir rompu avec elle, l\u2019arriv\u00e9e de Michel Barnier est vue comme celle du messie. Un communiqu\u00e9 sign\u00e9 de la pr\u00e9sidente de la f\u00e9d\u00e9ration LR de Paris, la s\u00e9natrice Agn\u00e8s Evren, de quatre maires d\u2019arrondissements et de trois autres s\u00e9nateurs, dont Francis Szpiner, candidat d\u00e9clar\u00e9 pour les municipales, y voit \u00ab\u00a0une chance\u00a0\u00bb, ne doutant \u00ab\u00a0pas que commission nationale d\u2019investiture validera sa candidature\u00a0\u00bb.<\/p>\n<p>\u00ab\u00a0On est un certain nombre, avec mes coll\u00e8gues s\u00e9nateurs, quatre maires d\u2019arrondissements et deux groupes du Conseil de Paris, \u00e0 trouver que c\u2019est une tr\u00e8s bonne id\u00e9e que Michel Barnier arrive \u00e0 Paris. C\u2019est un personnage qui peut nous apporter beaucoup de s\u00e9r\u00e9nit\u00e9, ce qui nous manque \u00e0 Paris, de sagesse, de rigueur dans l\u2019organisation de la vie politique parisienne\u00a0\u00bb, salue la s\u00e9natrice LR de Paris, Catherine Dumas, l\u2019une des signataires. Elle \u00e9tait pourtant la num\u00e9ro\u00a02 de Rachida Dati, au Conseil de Paris. Mais elle, comme d\u2019autres, a pris ses distances. Certains, \u00e0 droite, lui reprochent sa gestion interne, une absence d\u2019esprit de rassemblement et de capacit\u00e9 \u00e0 travailler avec les autres.<\/p>\n<p>\u00ab\u00a0Retailleau soutient Barnier car c\u2019est un renvoi d\u2019ascenseur\u00a0\u00bb<\/p>\n<p>Michel Barnier profite d\u2019un autre soutien de poids, avec celui du patron du parti, le ministre de l\u2019Int\u00e9rieur, Bruno Retailleau. \u00ab\u00a0Cette candidature de Michel Barnier est une triple chance\u00a0: pour Paris, pour LR et pour la France. Il a tout mon soutien. C\u2019est pourquoi je proposerai tout naturellement que notre ancien premier ministre soit tr\u00e8s rapidement d\u00e9sign\u00e9 par notre commission nationale d\u2019investiture\u00a0\u00bb, \u00e9crit sur X l\u2019ancien pr\u00e9sident du groupe LR du S\u00e9nat. \u00ab\u00a0Retailleau le soutient car c\u2019est un renvoi d\u2019ascenseur, quand Barnier l\u2019a soutenu contre Wauquiez pour la pr\u00e9sidence LR\u00a0\u00bb, pointe un pro Dati. Un d\u00e9put\u00e9 Renaissance de la capitale y voit aussi un avantage pour le ministre\u00a0de l\u2019Int\u00e9rieur\u00a0: \u00ab\u00a0Un Barnier dans le groupe LR \u00e0 l\u2019Assembl\u00e9e, c\u2019est bien pour Retailleau. Parce que Wauquiez est seul\u00a0\u00bb. De quoi r\u00e9\u00e9quilibrer en sa faveur le groupe Droite r\u00e9publicaine.<\/p>\n<p>Catherine Dumas s\u2019\u00e9tonne aujourd\u2019hui que Rachida Dati soit pr\u00eate \u00e0 se pr\u00e9senter dans cette partielle. \u00ab\u00a0C\u2019est vrai qu\u2019on a un peu de mal \u00e0 comprendre toute cette agitation. Car jamais Rachida Dati n\u2019a voulu \u00eatre d\u00e9put\u00e9e de Paris. Je ne comprends pas pourquoi la possible arriv\u00e9e de Michel Barnier lui ait donn\u00e9 d\u2019un coup l\u2019envie d\u2019\u00eatre d\u00e9put\u00e9e, car elle vise la mairie de Paris, on le sait. On ne peut pas \u00eatre sur les deux\u00a0\u00bb.<\/p>\n<p>Rachida Dati veut \u00ab\u00a0marquer son territoire\u00a0\u00bb et en faire une \u00ab\u00a0premi\u00e8re \u00e9tape de la reconqu\u00eate de Paris\u00a0\u00bb<\/p>\n<p>Pour les partisans de Rachida Dati, une candidature aurait tout au contraire bien des avantages. \u00ab\u00a0Une victoire serait un lancement de campagne pour elle, qui tuerait le match. C\u2019est la premi\u00e8re \u00e9tape de la reconqu\u00eate de Paris\u00a0\u00bb, d\u00e9crypte l\u2019un de ses soutiens, qui imagine la sc\u00e8ne\u00a0: \u00ab\u00a0Fin septembre\/d\u00e9but octobre, quand aura lieu le scrutin, on sera dans les municipales. Comme annonce, c\u2019est mieux qu\u2019une conf\u00e9rence de presse\u00a0\u00bb.<\/p>\n<p>Dans le camp de la ministre, on souligne qu\u2019\u00ab\u00a0elle a r\u00e9int\u00e9gr\u00e9 LR il y a quelque temps. Elle a propos\u00e9 sa candidature \u00e0 la CNI. Barnier, c\u2019est hors parti. Il s\u2019est pr\u00e9cipit\u00e9. Ce n\u2019est pas comme \u00e7a que \u00e7a se passe\u00a0\u00bb, soutient-on. Il s\u2019agit aussi pour la ministre de \u00ab\u00a0marquer son territoire. Les trois maires d\u2019arrondissements sont de droite. Il y a des gens affam\u00e9s qui veulent venir. Mais c\u2019est \u00e0 elle de d\u00e9cider, car c\u2019est notre candidate pour Paris l\u2019an prochain\u00a0\u00bb, lance un strat\u00e8ge, qui ajoute \u00e0 qui veut l\u2019entendre\u00a0:<\/p>\n<p>Un soutien de Rachida Dati appr\u00e9cie peu que Michel Barnier vienne bousculer un plan qui se veut bien huil\u00e9 pour la prise de Paris, m\u00eame pour viser l\u2019Elys\u00e9e. \u00ab\u00a0S\u2019il veut \u00eatre candidat en 2027, c\u2019est l\u00e9gitime comme ex-premier ministre. Mais passer par Paris et foutre le bordel, alors qu\u2019on n\u2019a pas besoin de lui\u2026 Il y a eu la loi Paris Lyon Marseille, la candidature Dati ensuite, ce n\u2019est pas la peine de venir \u00e0 Paris\u00a0\u00bb, lance ce bon connaisseur de l\u2019\u00e9quation.<\/p>\n<p>\u00ab\u00a0Clara Chappaz a envie de s\u2019investir politiquement\u00a0\u00bb<\/p>\n<p>Dans ce tableau complexe, quel r\u00f4le va jouer Renaissance\u00a0? Un \u00e9lu macroniste de la capitale assure que le nom de Clara Chappaz \u00ab\u00a0\u00e9tait une hypoth\u00e8se qui circulait en cas d\u2019invalidation de l\u2019\u00e9lection, avant cette semaine. Je crois qu\u2019elle a envie de s\u2019investir politiquement. \u00c7a ne s\u2019est pas fabriqu\u00e9 mercredi\u00a0\u00bb, assure-t-on. Le m\u00eame s\u2019\u00e9tonne des plans de Dati\u00a0: \u00ab\u00a0Ce serait \u00e9trange de quitter la mairie du 7e. Et si elle souhaite \u00eatre \u00e9lue maire de Paris, c\u2019est pour quitter son si\u00e8ge de d\u00e9put\u00e9 six mois apr\u00e8s\u00a0?\u00a0\u00bb<\/p>\n<p>Un artisan de l\u2019\u00e9quipe Dati prend lui de haut l\u2019\u00e9ventualit\u00e9 d\u2019une candidature de la ministre du Num\u00e9rique. \u00ab\u00a0C\u2019est pour rire. Renaissance veut exister. C\u2019est une vieille circonscription, bien \u00e0 droite. Ils ne peuvent pas la revendiquer. C\u2019est normal qu\u2019ils disent qu\u2019ils auront un candidat. Mais apr\u00e8s, il y aura un accord avec Dati. Gabriel Attal s\u2019entend tr\u00e8s bien avec Rachida Dati\u00a0\u00bb, assure ce soutien.<\/p>\n<p>\u00ab\u00a0Dati fait monter les ench\u00e8res. C\u2019est l\u2019occasion pour elle d\u2019avoir investiture LR pour les municipales\u00a0\u00bb<\/p>\n<p>Mais d\u2019autres disent la m\u00eame chose de la m\u00e9diatique ministre de la Culture\u00a0: au bout du bout, elle n\u2019ira pas. \u00ab\u00a0Il faut que Rachida et Michel se voient et se mettent d\u2019accord\u00a0\u00bb soutient un s\u00e9nateur LR, \u00ab\u00a0assez confiant\u00a0\u00bb. Il continue\u00a0: \u00ab\u00a0Il faut faire en sorte que l\u2019un serve l\u2019autre, et inversement. \u00c7a me semblerait \u00e9tonnant qu\u2019ils soient candidat l\u2019un contre l\u2019autre. Et les LR vont soutenir Barnier\u00a0\u00bb, pr\u00e9dit ce proche. \u00ab\u00a0Entre les deux, le dialogue continue et n\u2019a jamais stopp\u00e9. Ils se sont appel\u00e9s plusieurs fois. Et se sont parl\u00e9s avant qu\u2019il se d\u00e9clare\u00a0\u00bb, ajoute un membre de l\u2019entourage du premier ministre, qui le dit \u00ab\u00a0tr\u00e8s d\u00e9termin\u00e9\u00a0\u00bb. Lui aussi pense qu\u2019\u00ab\u00a0on trouvera un chemin. Car les int\u00e9r\u00eats de chacun sont compl\u00e9mentaires\u00a0\u00bb. L\u2019ancien d\u00e9put\u00e9 de Savoie a aussi \u00e9chang\u00e9 avec Clara Chappaz.<\/p>\n<p>Un pilier du parti Renaissance dans la capitale ne croit pas non plus au sc\u00e9nario Kill Bill, o\u00f9 tout le monde s\u2019entretue. Il pense que Rachida Dati cherche avant tout \u00e0 n\u00e9gocier, en vue du scrutin de 2026. \u00ab\u00a0Ils vont trouver une issue. Au moins elle fait monter les ench\u00e8res. C\u2019est l\u2019occasion pour elle d\u2019avoir investiture LR pour les municipales\u00a0en disant \u00ab\u00a0ok, j\u2019y vais pas, mais vous me donnez investiture\u00a0\u00bb\u00a0\u00bb, d\u00e9crypte cet \u00e9lu. Quant \u00e0 Clara Chappaz, certains imaginent chez Renaissance qu\u2019elle pourrait \u00eatre \u00ab\u00a0suppl\u00e9ante de Barnier \u00e0 la fin\u00a0\u00bb. On rappelle au passage \u00e0 Michel Barnier que \u00ab\u00a0la circo \u00e9tait Renaissance depuis 2017\u00a0\u00bb. Mais on craint un effet de bord, en vue des municipales\u00a0: \u00ab\u00a0Si Dati est candidate LR \u00e0 la l\u00e9gislative partielle, il sera difficile de discuter avec elle parce qu\u2019elle sera \u00e9tiquet\u00e9e LR\u00a0\u00bb, souligne-t-on, alors que l\u2019objectif de la ministre est d\u2019avoir aussi l\u2019investiture Renaissance pour les municipales, indispensable pour gagner.<\/p>\n<p>\u00ab\u00a0Dati ne va pas prendre le risque de perdre la l\u00e9gislative avant les municipales \u00e0 Paris, ce serait suicidaire\u00a0\u00bb<\/p>\n<p>Un proche de Michel Barnier ne voit pas non plus l\u2019ancienne sarkozyste aller au bout. \u00ab\u00a0Rachida Dati, je ne crois pas une seconde \u00e0 sa candidature. Elle ne va pas prendre le risque de perdre la l\u00e9gislative avant les municipales \u00e0 Paris, ce serait suicidaire. Faudrait qu\u2019elle quitte le gouvernement en septembre et la mairie du 7e. Ce serait idiot. Et s\u2019il y a une dissolution en fin d\u2019ann\u00e9e, son mandat est remis en cause. Et pour \u00eatre candidate ensuite aux municipales, c\u2019est quoi le projet\u00a0?\u00a0\u00bb interroge ce fid\u00e8le.<\/p>\n<p>Il faut maintenant laisser retomber l\u2019agitation et les coups de fil se passer. Les regards sont tourn\u00e9s vers la CNI des LR, qui devra trancher entre Rachida Dati et Michel Barnier. Elle est pr\u00e9vue le lundi 28\u00a0juillet. Il faudra peut-\u00eatre pr\u00e9voir des casques, au cas o\u00f9.<\/p>\n<p>(Avec Stephane Duguet)<\/p>\n","protected":false},"excerpt":{"rendered":"\u00ab\u00a0La situation est tr\u00e8s baroque\u00a0\u00bb, sourit, crisp\u00e9, un parlementaire Renaissance de Paris. \u00ab\u00a0C\u2019est le bordel\u00a0\u00bb, tranche plus cr\u00fbment&hellip;\n","protected":false},"author":2,"featured_media":255341,"comment_status":"","ping_status":"","sticky":false,"template":"","format":"standard","meta":{"footnotes":""},"categories":[1888],"tags":[1111,1928,11,1927,2761,1777,674,1011,27,27636,12,1926,626,1925,417,25],"class_list":{"0":"post-255340","1":"post","2":"type-post","3":"status-publish","4":"format-standard","5":"has-post-thumbnail","7":"category-paris","8":"tag-actu","9":"tag-actu-paris","10":"tag-actualites","11":"tag-actualites-paris","12":"tag-elections-municipales-2026","13":"tag-eu","14":"tag-europe","15":"tag-fr","16":"tag-france","17":"tag-michel-barnier","18":"tag-news","19":"tag-news-paris","20":"tag-paris","21":"tag-paris-news","22":"tag-rachida-dati","23":"tag-republique-francaise"},"share_on_mastodon":{"url":"https:\/\/pubeurope.com\/@fr\/114871900794561860","error":""},"_links":{"self":[{"href":"https:\/\/www.europesays.com\/fr\/wp-json\/wp\/v2\/posts\/255340","targetHints":{"allow":["GET"]}}],"collection":[{"href":"https:\/\/www.europesays.com\/fr\/wp-json\/wp\/v2\/posts"}],"about":[{"href":"https:\/\/www.europesays.com\/fr\/wp-json\/wp\/v2\/types\/post"}],"author":[{"embeddable":true,"href":"https:\/\/www.europesays.com\/fr\/wp-json\/wp\/v2\/users\/2"}],"replies":[{"embeddable":true,"href":"https:\/\/www.europesays.com\/fr\/wp-json\/wp\/v2\/comments?post=255340"}],"version-history":[{"count":0,"href":"https:\/\/www.europesays.com\/fr\/wp-json\/wp\/v2\/posts\/255340\/revisions"}],"wp:featuredmedia":[{"embeddable":true,"href":"https:\/\/www.europesays.com\/fr\/wp-json\/wp\/v2\/media\/255341"}],"wp:attachment":[{"href":"https:\/\/www.europesays.com\/fr\/wp-json\/wp\/v2\/media?parent=255340"}],"wp:term":[{"taxonomy":"category","embeddable":true,"href":"https:\/\/www.europesays.com\/fr\/wp-json\/wp\/v2\/categories?post=255340"},{"taxonomy":"post_tag","embeddable":true,"href":"https:\/\/www.europesays.com\/fr\/wp-json\/wp\/v2\/tags?post=255340"}],"curies":[{"name":"wp","href":"https:\/\/api.w.org\/{rel}","templated":true}]}}