{"id":255350,"date":"2025-07-18T02:38:15","date_gmt":"2025-07-18T02:38:15","guid":{"rendered":"https:\/\/www.europesays.com\/fr\/255350\/"},"modified":"2025-07-18T02:38:15","modified_gmt":"2025-07-18T02:38:15","slug":"lukraine-doit-augmenter-sa-production-nationale-darmes","status":"publish","type":"post","link":"https:\/\/www.europesays.com\/fr\/255350\/","title":{"rendered":"l&rsquo;Ukraine doit augmenter sa production nationale d&rsquo;armes"},"content":{"rendered":"<p>Le nouveau gouvernement ukrainien a approuv\u00e9 des plans visant \u00e0 d\u00e9velopper la production nationale d&rsquo;armes pour r\u00e9pondre \u00e0 la moiti\u00e9 des besoins en armes du pays dans les six mois \u00e0 venir, alors qu&rsquo;il tente de repousser les forces russes, a d\u00e9clar\u00e9 jeudi le pr\u00e9sident Volodymyr Zelensky.<\/p>\n<p>\u00ab\u00a0Nous sommes en train de transformer la gestion du secteur de la d\u00e9fense et la production d&rsquo;armes afin que, dans les six mois, la part des armes fabriqu\u00e9es en Ukraine et disponibles pour nos guerriers augmente sensiblement\u00a0\u00bb, a-t-il d\u00e9clar\u00e9 lors d&rsquo;un discours devant le parlement \u00e0 Kyiv.<\/p>\n<p>\u00ab\u00a0Actuellement, environ 40 % des armes dont disposent nos guerriers sont fabriqu\u00e9es en Ukraine. Dans six mois, ce chiffre devrait atteindre au moins 50 %\u00a0\u00bb, a-t-il ajout\u00e9.<\/p>\n<p>L&rsquo;Ukraine a mis au point ses propres drones \u00e0 longue port\u00e9e, qu&rsquo;elle utilise pour frapper \u00e0 l&rsquo;int\u00e9rieur de la Russie. Le pays souhaite augmenter sa production nationale alors que l&rsquo;incertitude grandit quant au nombre de livraisons d&rsquo;armes suppl\u00e9mentaires que les pays occidentaux peuvent fournir.<\/p>\n<p>Entre-temps, la Suisse a d\u00e9clar\u00e9 jeudi que le d\u00e9partement am\u00e9ricain de la D\u00e9fense l&rsquo;avait inform\u00e9e que Washington d\u00e9tournait une commande suisse de syst\u00e8mes de d\u00e9fense a\u00e9rienne Patriot pour aider l&rsquo;Ukraine, qui en a grandement besoin pour am\u00e9liorer sa r\u00e9ponse aux attaques a\u00e9riennes russes de plus en plus lourdes.<\/p>\n<p>On ne sait pas encore si les Patriot command\u00e9s par la Suisse iront directement \u00e0 l&rsquo;Ukraine ou s&rsquo;ils remplaceront des unit\u00e9s d&rsquo;autres pays europ\u00e9ens susceptibles d&rsquo;\u00eatre donn\u00e9es \u00e0 Kyiv.<\/p>\n<p>La livraison \u00e0 la Suisse des syst\u00e8mes antia\u00e9riens, d&rsquo;une valeur de plusieurs milliards de dollars, devait commencer en 2027 et s&rsquo;achever en 2028.<\/p>\n<p>Le gouvernement suisse a d\u00e9clar\u00e9 que Washington l&rsquo;avait inform\u00e9 du retard mercredi, ajoutant qu&rsquo;il n&rsquo;\u00e9tait pas clair sur le nombre de syst\u00e8mes concern\u00e9s.<\/p>\n<p>La n\u00e9cessit\u00e9 d&rsquo;armer convenablement l&rsquo;arm\u00e9e ukrainienne se fait pressante alors que la Russie cherche \u00e0 faire avancer son offensive d&rsquo;\u00e9t\u00e9 et \u00e0 pilonner les villes ukrainiennes avec des centaines de drones et de missiles balistiques et de croisi\u00e8re.<\/p>\n<p><img decoding=\"async\" class=\"caas-img caas-lazy has-preview\" alt=\"Des soldats pr\u00e9parent des drones FPV pour tirer en direction des positions russes dans un abri de la r\u00e9gion de Kostyantynivka, 23 mai 2025.\" src=\"https:\/\/www.europesays.com\/fr\/wp-content\/uploads\/2025\/07\/45f9a91e0c147f26fe70c59ff0c65448.jpeg\"\/><\/p>\n<p> Des soldats pr\u00e9parent des drones FPV pour tirer en direction des positions russes dans un abri de la r\u00e9gion de Kostyantynivka, 23 mai 2025.   &#8211; AP Photo <\/p>\n<p>L&rsquo;ambassadeur des \u00c9tats-Unis aupr\u00e8s de l&rsquo;OTAN, Matthew Whitaker, a d\u00e9clar\u00e9 qu&rsquo;il n&rsquo;\u00e9tait pas en mesure d&rsquo;indiquer quand l&rsquo;Ukraine pourrait recevoir des armes \u00e9trang\u00e8res suppl\u00e9mentaires.<\/p>\n<p>\u00ab\u00a0Nous nous h\u00e2tons tous de faciliter les choses et de les mener \u00e0 bien. Les choses avancent en fait tr\u00e8s vite, mais je ne peux pas confirmer une date \u00e0 laquelle tout cela sera termin\u00e9. Je pense qu&rsquo;il s&rsquo;agira d&rsquo;un mouvement continu\u00a0\u00bb, a-t-il fait savoir.<\/p>\n<p>\u00ab\u00a0Il est pr\u00e9vu de vendre \u00e0 nos alli\u00e9s europ\u00e9ens des \u00e9quipements et des capacit\u00e9s de d\u00e9fense de fabrication am\u00e9ricaine, qu&rsquo;ils fourniront \u00e0 l&rsquo;Ukraine.\u00a0\u00bb<\/p>\n<p>Le ministre britannique de la D\u00e9fense, John Healey,* a expliqu\u00e9 jeudi que son homologue allemand Boris Pistorius et lui-m\u00eame pr\u00e9sideraient lundi une r\u00e9union des alli\u00e9s de l&rsquo;Ukraine pour discuter des plans d&rsquo;armement du pr\u00e9sident am\u00e9ricain Donald Trump.<\/p>\n<p>John Healey a pr\u00e9cis\u00e9 que le secr\u00e9taire am\u00e9ricain \u00e0 la d\u00e9fense, Pete Hegseth, et le dirigeant de l&rsquo;OTAN, Mark Rutte, participeraient \u00e0 la r\u00e9union du groupe de contact pour la d\u00e9fense de l&rsquo;Ukraine.<\/p>\n<p>Le commandant supr\u00eame des forces alli\u00e9es en Europe de l&rsquo;OTAN, le g\u00e9n\u00e9ral Alexus Grynkewich, a de son c\u00f4t\u00e9 fait savoir que \u00ab\u00a0les pr\u00e9paratifs sont en cours\u00a0\u00bb pour les transferts d&rsquo;armes vers l&rsquo;Ukraine et que l&rsquo;OTAN travaille \u00ab\u00a0tr\u00e8s \u00e9troitement\u00a0\u00bb avec l&rsquo;Allemagne pour le transfert des syst\u00e8mes Patriot.<\/p>\n<p>Le porte-parole du minist\u00e8re allemand de la d\u00e9fense, Mitko M\u00fcller, a pr\u00e9cis\u00e9 qu&rsquo;il n&rsquo;\u00e9tait pas en mesure de confirmer que quoi que ce soit \u00e9tait actuellement en route vers l&rsquo;Ukraine.<\/p>\n<p><img decoding=\"async\" class=\"caas-img caas-lazy has-preview\" alt=\"Un secouriste marche sur le parking d'un service de r\u00e9paration automobile d\u00e9truit par une frappe de drone russe \u00e0 Zaporizhzhia, le 18 juin 2025.\" src=\"https:\/\/www.europesays.com\/fr\/wp-content\/uploads\/2025\/07\/2735832731a7f5a90f573ce4986bced0.jpeg\"\/><\/p>\n<p> Un secouriste marche sur le parking d&rsquo;un service de r\u00e9paration automobile d\u00e9truit par une frappe de drone russe \u00e0 Zaporizhzhia, le 18 juin 2025.   &#8211; AP Photo <\/p>\n<p>Le chef de l&rsquo;OTAN, Mark Rutte, a d\u00e9clar\u00e9 depuis Washington que l&rsquo;alliance coordonnait le soutien militaire avec le financement des alli\u00e9s en Europe et au Canada.<\/p>\n<p>Il a pr\u00e9cis\u00e9 que l&rsquo;Allemagne, la Finlande, le Danemark, la Su\u00e8de, la Norv\u00e8ge, le Royaume-Uni, les Pays-Bas et le Canada avaient pris des engagements et que d&rsquo;autres devraient suivre.<\/p>\n<p>Le 11 juillet, Donald Trump a d\u00e9clar\u00e9 que son pays enverrait des armes, notamment des syst\u00e8mes de d\u00e9fense a\u00e9rienne Patriot, \u00e0 l&rsquo;Ukraine par l&rsquo;interm\u00e9diaire de l&rsquo;OTAN.<\/p>\n<p>S&rsquo;exprimant un jour plus t\u00f4t lors de la Conf\u00e9rence sur le redressement de l&rsquo;Ukraine \u00e0 Rome, Volodymyr Zelensky a expliqu\u00e9 que l&rsquo;Allemagne paierait pour deux des syst\u00e8mes, tandis que la Norv\u00e8ge a accept\u00e9 d&rsquo;en fournir un.<\/p>\n","protected":false},"excerpt":{"rendered":"Le nouveau gouvernement ukrainien a approuv\u00e9 des plans visant \u00e0 d\u00e9velopper la production nationale d&rsquo;armes pour r\u00e9pondre \u00e0&hellip;\n","protected":false},"author":2,"featured_media":255351,"comment_status":"","ping_status":"","sticky":false,"template":"","format":"standard","meta":{"footnotes":""},"categories":[1590],"tags":[11,1777,674,5493,1877,12,39562,17917,220],"class_list":{"0":"post-255350","1":"post","2":"type-post","3":"status-publish","4":"format-standard","5":"has-post-thumbnail","7":"category-ukraine","8":"tag-actualites","9":"tag-eu","10":"tag-europe","11":"tag-lukraine","12":"tag-la-defense","13":"tag-news","14":"tag-production-nationale","15":"tag-systemes-de-defense","16":"tag-ukraine"},"share_on_mastodon":{"url":"https:\/\/pubeurope.com\/@fr\/114871920548993826","error":""},"_links":{"self":[{"href":"https:\/\/www.europesays.com\/fr\/wp-json\/wp\/v2\/posts\/255350","targetHints":{"allow":["GET"]}}],"collection":[{"href":"https:\/\/www.europesays.com\/fr\/wp-json\/wp\/v2\/posts"}],"about":[{"href":"https:\/\/www.europesays.com\/fr\/wp-json\/wp\/v2\/types\/post"}],"author":[{"embeddable":true,"href":"https:\/\/www.europesays.com\/fr\/wp-json\/wp\/v2\/users\/2"}],"replies":[{"embeddable":true,"href":"https:\/\/www.europesays.com\/fr\/wp-json\/wp\/v2\/comments?post=255350"}],"version-history":[{"count":0,"href":"https:\/\/www.europesays.com\/fr\/wp-json\/wp\/v2\/posts\/255350\/revisions"}],"wp:featuredmedia":[{"embeddable":true,"href":"https:\/\/www.europesays.com\/fr\/wp-json\/wp\/v2\/media\/255351"}],"wp:attachment":[{"href":"https:\/\/www.europesays.com\/fr\/wp-json\/wp\/v2\/media?parent=255350"}],"wp:term":[{"taxonomy":"category","embeddable":true,"href":"https:\/\/www.europesays.com\/fr\/wp-json\/wp\/v2\/categories?post=255350"},{"taxonomy":"post_tag","embeddable":true,"href":"https:\/\/www.europesays.com\/fr\/wp-json\/wp\/v2\/tags?post=255350"}],"curies":[{"name":"wp","href":"https:\/\/api.w.org\/{rel}","templated":true}]}}