{"id":255354,"date":"2025-07-18T02:40:13","date_gmt":"2025-07-18T02:40:13","guid":{"rendered":"https:\/\/www.europesays.com\/fr\/255354\/"},"modified":"2025-07-18T02:40:13","modified_gmt":"2025-07-18T02:40:13","slug":"le-royaume-uni-ouvre-les-urnes-aux-jeunes-des-16-ans-linfo-re","status":"publish","type":"post","link":"https:\/\/www.europesays.com\/fr\/255354\/","title":{"rendered":"Le Royaume-Uni ouvre les urnes aux jeunes d\u00e8s 16 ans &#8211; LINFO.re"},"content":{"rendered":"<p>Dans le cadre d\u2019une r\u00e9forme d\u00e9mocratique majeure, les autorit\u00e9s britanniques envisagent d\u2019\u00e9largir l\u2019acc\u00e8s au vote aux citoyens \u00e2g\u00e9s de 16 et 17 ans. Jusqu\u2019\u00e0 pr\u00e9sent, ce droit \u00e9tait r\u00e9serv\u00e9 aux personnes de 18 ans et plus.<\/p>\n<p>\t\t\t\t\t\t<strong>Vers une transformation \u00e9lectorale historique<\/strong><\/p>\n<p>Le gouvernement britannique souhaite permettre aux jeunes \u00e2g\u00e9s de 16 et 17 ans de participer aux <strong>scrutins<\/strong>, un changement pr\u00e9sent\u00e9 comme une avanc\u00e9e majeure. Cette r\u00e9forme, annonc\u00e9e le 17 juillet, viserait \u00e0 harmoniser les <strong>r\u00e8gles \u00e9lectorales <\/strong>avec celles d\u00e9j\u00e0 appliqu\u00e9es en \u00c9cosse et au pays de Galles, rapportent les m\u00e9dias fran\u00e7ais comme Lib\u00e9ration et BFMTV.\u00a0Elle incarne aussi un engagement fort du Parti travailliste, port\u00e9 par Keir Starmer, en faveur d\u2019un renouveau d\u00e9mocratique. Toutefois, ce projet de loi devra encore obtenir l\u2019approbation des parlementaires avant de devenir r\u00e9alit\u00e9.<\/p>\n<p>&gt; \u00c0 lire aussi\u00a0: <a href=\"https:\/\/www.linfo.re\/monde\/europe\/royaume-uni-blaise-metreweli-devient-la-premiere-femme-a-diriger-le-mi6\" target=\"_blank\" rel=\"nofollow noopener\"><strong>Royaume-Uni\u00a0: Blaise Metreweli devient la premi\u00e8re femme \u00e0 diriger le MI6<\/strong><\/a><\/p>\n<p><strong>Redonner confiance dans le syst\u00e8me d\u00e9mocratique<\/strong><\/p>\n<p>Ce chantier politique entend restaurer la confiance citoyenne dans les institutions, affaiblie ces derni\u00e8res ann\u00e9es. D\u2019apr\u00e8s The Guardian, d\u2019autres mesures accompagneront cette initiative, comme l\u2019\u00e9largissement des justificatifs d\u2019identit\u00e9 accept\u00e9s lors du <strong>vote<\/strong>. L\u2019introduction de documents tels que cartes bancaires ou attestations militaires vise \u00e0 simplifier l\u2019acc\u00e8s aux urnes. Pour le gouvernement, associer davantage la jeunesse aux d\u00e9cisions publiques renforce la l\u00e9gitimit\u00e9 d\u00e9mocratique.<\/p>\n<p>&gt; Toute l\u2019<a href=\"https:\/\/www.linfo.re\/monde\" target=\"_blank\" rel=\"nofollow noopener\"><strong>actualit\u00e9 internationale sur LINFO.re<\/strong><\/a><\/p>\n","protected":false},"excerpt":{"rendered":"Dans le cadre d\u2019une r\u00e9forme d\u00e9mocratique majeure, les autorit\u00e9s britanniques envisagent d\u2019\u00e9largir l\u2019acc\u00e8s au vote aux citoyens \u00e2g\u00e9s&hellip;\n","protected":false},"author":2,"featured_media":255355,"comment_status":"","ping_status":"","sticky":false,"template":"","format":"standard","meta":{"footnotes":""},"categories":[1588],"tags":[47,11,1777,674,1922,74,12,473,1853,1851,1850,1852],"class_list":{"0":"post-255354","1":"post","2":"type-post","3":"status-publish","4":"format-standard","5":"has-post-thumbnail","7":"category-royaume-uni","8":"tag-actualite","9":"tag-actualites","10":"tag-eu","11":"tag-europe","12":"tag-info","13":"tag-monde","14":"tag-news","15":"tag-royaume-uni","16":"tag-royaume-uni-de-grande-bretagne-et-dirlande-du-nord","17":"tag-uk","18":"tag-united-kingdom","19":"tag-united-kingdom-of-great-britain-and-northern-ireland"},"share_on_mastodon":{"url":"https:\/\/pubeurope.com\/@fr\/114871928330424384","error":""},"_links":{"self":[{"href":"https:\/\/www.europesays.com\/fr\/wp-json\/wp\/v2\/posts\/255354","targetHints":{"allow":["GET"]}}],"collection":[{"href":"https:\/\/www.europesays.com\/fr\/wp-json\/wp\/v2\/posts"}],"about":[{"href":"https:\/\/www.europesays.com\/fr\/wp-json\/wp\/v2\/types\/post"}],"author":[{"embeddable":true,"href":"https:\/\/www.europesays.com\/fr\/wp-json\/wp\/v2\/users\/2"}],"replies":[{"embeddable":true,"href":"https:\/\/www.europesays.com\/fr\/wp-json\/wp\/v2\/comments?post=255354"}],"version-history":[{"count":0,"href":"https:\/\/www.europesays.com\/fr\/wp-json\/wp\/v2\/posts\/255354\/revisions"}],"wp:featuredmedia":[{"embeddable":true,"href":"https:\/\/www.europesays.com\/fr\/wp-json\/wp\/v2\/media\/255355"}],"wp:attachment":[{"href":"https:\/\/www.europesays.com\/fr\/wp-json\/wp\/v2\/media?parent=255354"}],"wp:term":[{"taxonomy":"category","embeddable":true,"href":"https:\/\/www.europesays.com\/fr\/wp-json\/wp\/v2\/categories?post=255354"},{"taxonomy":"post_tag","embeddable":true,"href":"https:\/\/www.europesays.com\/fr\/wp-json\/wp\/v2\/tags?post=255354"}],"curies":[{"name":"wp","href":"https:\/\/api.w.org\/{rel}","templated":true}]}}