{"id":255356,"date":"2025-07-18T02:41:09","date_gmt":"2025-07-18T02:41:09","guid":{"rendered":"https:\/\/www.europesays.com\/fr\/255356\/"},"modified":"2025-07-18T02:41:09","modified_gmt":"2025-07-18T02:41:09","slug":"la-drole-de-guerre-des-vacances-dete-en-allemagne","status":"publish","type":"post","link":"https:\/\/www.europesays.com\/fr\/255356\/","title":{"rendered":"La dr\u00f4le de guerre des vacances d\u2019\u00e9t\u00e9 en Allemagne"},"content":{"rendered":"<p>\u00ab\u00a0Nous avons besoin d\u2019un syst\u00e8me moderne, juste qui soit adapt\u00e9 aux besoins des familles, des \u00e9coles et des entreprises et pas \u00e0 de vieilles traditions\u00a0\u00bb, a rapidement abond\u00e9 un responsable r\u00e9gional de Thuringe (centre), \u00e9galement envieux des privil\u00e8ges du Sud.<\/p>\n<p>    La r\u00e9daction vous conseille<\/p>\n<p>\u00ab\u00a0Nous avons notre rythme de vacances, il est pour ainsi dire inscrit dans l\u2019ADN des Bavarois\u00a0\u00bb, a r\u00e9torqu\u00e9 le dirigeant conservateur de cette r\u00e9gion, Markus S\u00f6der. Il se garde d\u2019\u00e9voquer l\u2019avantage de ceux qui peuvent s\u2019offrir en septembre des vacances \u00e0 moindres frais. Ainsi, d\u2019apr\u00e8s le <a href=\"https:\/\/www.bild.de\/politik\/inland\/sommerferien-so-viel-euro-kostet-sie-die-extrawurst-der-bayern-687775a8cd5987311f2d0042\" target=\"_blank\" rel=\"nofollow noopener\">tablo\u00efd Blid<\/a>, \u00ab\u00a0en juillet 2024, un voyage organis\u00e9 co\u00fbtait en moyenne 4\u00a0977\u00a0euros\u00a0\u00bb pour une famille avec deux enfants, contre, 4\u00a0419\u00a0euros en septembre, \u00ab\u00a0soit une baisse de pr\u00e8s de 550\u00a0euros\u00a0!\u00a0\u00bb.<\/p>\n<p>Un privil\u00e8ge historique<\/p>\n<p>En Allemagne o\u00f9 les cong\u00e9s d\u2019\u00e9t\u00e9 durent six semaines pour quelque 11,4\u00a0millions d\u2019\u00e9coliers, il a \u00e9t\u00e9 d\u00e9cid\u00e9 dans les ann\u00e9es 1960 de ne pas envoyer les 16 \u00c9tats r\u00e9gionaux (L\u00e4nder) en repos en m\u00eame temps, afin d\u2019\u00e9viter d\u2019avoir des trains bond\u00e9s, des a\u00e9roports surcharg\u00e9s et des autoroutes embouteill\u00e9es.<\/p>\n<p>Une <a href=\"https:\/\/www.courrierinternational.com\/article\/education-en-allemagne-un-calendrier-de-vacances-scolaires-unique-au-monde-et-controverse\" target=\"_blank\" rel=\"nofollow noopener\">rotation est ainsi organis\u00e9e chaque ann\u00e9e<\/a>\u00a0: apr\u00e8s avoir \u00e9t\u00e9 en vacances du 6\u00a0juillet au 20\u00a0ao\u00fbt l\u2019an dernier, les \u00e9l\u00e8ves de Rh\u00e9nanie du Nord-Westphalie le sont cet \u00e9t\u00e9 du 11\u00a0juillet au 26\u00a0ao\u00fbt.<\/p>\n<blockquote><p>\u00ab\u00a0Nous avons besoin d\u2019un syst\u00e8me moderne.\u00a0\u00bb<\/p><\/blockquote>\n<p>Mais eux r\u00e9gions \u00e9chappent depuis des d\u00e9cennies \u00e0 la r\u00e8gle\u00a0: la Bavi\u00e8re et le Bade-Wurtemberg, o\u00f9 les classes se terminent toujours entre fin juillet et d\u00e9but ao\u00fbt pour recommencer \u00e0 la mi-septembre. \u00c0 l\u2019origine de cette exception, l\u2019obligation pour nombre d\u2019enfants d\u2019aider leurs parents \u00e0 la r\u00e9colte dans le sud de l\u2019Allemagne qui comptait alors une grande densit\u00e9 d\u2019exploitations familiales.<\/p>\n<p>Les dates des vacances d\u2019\u00e9t\u00e9 ayant \u00e9t\u00e9 fix\u00e9es jusqu\u2019\u00e0 l\u2019ann\u00e9e scolaire 2029-2030, un changement ne sera possible que d\u2019ici cinq ans, apr\u00e8s une s\u00e9rie de n\u00e9gociations entre les r\u00e9gions.<\/p>\n","protected":false},"excerpt":{"rendered":"\u00ab\u00a0Nous avons besoin d\u2019un syst\u00e8me moderne, juste qui soit adapt\u00e9 aux besoins des familles, des \u00e9coles et des&hellip;\n","protected":false},"author":2,"featured_media":255357,"comment_status":"","ping_status":"","sticky":false,"template":"","format":"standard","meta":{"footnotes":""},"categories":[1587],"tags":[11,672,1804,1805,1803,1777,674,1801,12,1802],"class_list":{"0":"post-255356","1":"post","2":"type-post","3":"status-publish","4":"format-standard","5":"has-post-thumbnail","7":"category-allemagne","8":"tag-actualites","9":"tag-allemagne","10":"tag-bundesrepublik-deutschland","11":"tag-de","12":"tag-deutschland","13":"tag-eu","14":"tag-europe","15":"tag-germany","16":"tag-news","17":"tag-republique-federale-dallemagne"},"share_on_mastodon":{"url":"https:\/\/pubeurope.com\/@fr\/114871932211947460","error":""},"_links":{"self":[{"href":"https:\/\/www.europesays.com\/fr\/wp-json\/wp\/v2\/posts\/255356","targetHints":{"allow":["GET"]}}],"collection":[{"href":"https:\/\/www.europesays.com\/fr\/wp-json\/wp\/v2\/posts"}],"about":[{"href":"https:\/\/www.europesays.com\/fr\/wp-json\/wp\/v2\/types\/post"}],"author":[{"embeddable":true,"href":"https:\/\/www.europesays.com\/fr\/wp-json\/wp\/v2\/users\/2"}],"replies":[{"embeddable":true,"href":"https:\/\/www.europesays.com\/fr\/wp-json\/wp\/v2\/comments?post=255356"}],"version-history":[{"count":0,"href":"https:\/\/www.europesays.com\/fr\/wp-json\/wp\/v2\/posts\/255356\/revisions"}],"wp:featuredmedia":[{"embeddable":true,"href":"https:\/\/www.europesays.com\/fr\/wp-json\/wp\/v2\/media\/255357"}],"wp:attachment":[{"href":"https:\/\/www.europesays.com\/fr\/wp-json\/wp\/v2\/media?parent=255356"}],"wp:term":[{"taxonomy":"category","embeddable":true,"href":"https:\/\/www.europesays.com\/fr\/wp-json\/wp\/v2\/categories?post=255356"},{"taxonomy":"post_tag","embeddable":true,"href":"https:\/\/www.europesays.com\/fr\/wp-json\/wp\/v2\/tags?post=255356"}],"curies":[{"name":"wp","href":"https:\/\/api.w.org\/{rel}","templated":true}]}}