{"id":255360,"date":"2025-07-18T02:43:20","date_gmt":"2025-07-18T02:43:20","guid":{"rendered":"https:\/\/www.europesays.com\/fr\/255360\/"},"modified":"2025-07-18T02:43:20","modified_gmt":"2025-07-18T02:43:20","slug":"la-commission-propose-de-mobiliser-100-milliards-deuros-pour-kyiv","status":"publish","type":"post","link":"https:\/\/www.europesays.com\/fr\/255360\/","title":{"rendered":"la Commission propose de mobiliser 100 milliards d&rsquo;euros pour Kyiv"},"content":{"rendered":"<p>L&rsquo;Union europ\u00e9enne a l&rsquo;intention de consacrer 200 milliards d&rsquo;euros \u00e0 l&rsquo;aide au d\u00e9veloppement et au soutien des pays tiers pour la p\u00e9riode allant de 2028 \u00e0 2034. Ce montant est pr\u00e9sent\u00e9 dans le poste budg\u00e9taire de l&rsquo;UE intitul\u00e9 \u00ab\u00a0actions ext\u00e9rieures\u00a0\u00bb. Le plan financier est con\u00e7u pour la p\u00e9riode allant de 2028 \u00e0 2034.<\/p>\n<p>En dehors des plafonds du <a href=\"https:\/\/commission.europa.eu\/document\/download\/26ff3426-b1db-44d5-ad9c-a646febb3222_en?filename=COM_2025_570_1_EN_ACT_part1_v6.pdf\" rel=\"nofollow noopener\" target=\"_blank\" data-ylk=\"slk:cadre financier pluriannuel (CFP);elm:context_link;itc:0;sec:content-canvas\" class=\"link \">cadre financier pluriannuel (CFP)<\/a> stricto sensu, une enveloppe distincte de 100 milliards d&rsquo;euros est pr\u00e9vue pour le soutien des r\u00e9formes et la reconstruction de l&rsquo;Ukraine.<\/p>\n<p>\u00ab\u00a0Nous sommes entr\u00e9s dans une \u00e8re de d\u00e9fis croissants, allant de l&rsquo;instabilit\u00e9 climatique et des pressions migratoires mondiales \u00e0 la concurrence croissante pour les mati\u00e8res premi\u00e8res essentielles, l&rsquo;influence mondiale et l&rsquo;acc\u00e8s au march\u00e9\u00a0\u00bb, a d\u00e9clar\u00e9 Jozef S\u00edkela, le commissaire tch\u00e8que charg\u00e9 des partenariats internationaux.<\/p>\n<p>300 milliards en tout<\/p>\n<p>Le budget de l&rsquo;action ext\u00e9rieure fait partie des 2 000 milliards d&rsquo;euros annonc\u00e9s mercredi par la pr\u00e9sidente de la Commission, Ursula von der Leyen.<\/p>\n<p>Au total, il vaut 200 milliards d&rsquo;euros, auxquels s&rsquo;ajoutent donc 100 milliards au b\u00e9n\u00e9fice de l&rsquo;Ukraine.<\/p>\n<p>La commissaire croate charg\u00e9e de la M\u00e9diterran\u00e9e, Dubravka \u0160uica, a d\u00e9clar\u00e9 que l&rsquo;UE esp\u00e9rait \u00e9tendre son influence gr\u00e2ce au budget de l&rsquo;action ext\u00e9rieure, ajoutant que \u00ab\u00a0l&rsquo;Europe globale nous permet d&rsquo;\u00eatre un acteur et pas seulement un payeur\u00a0\u00bb.<\/p>\n<p>La politique d&rsquo;\u00e9largissement et de voisinage, devenue g\u00e9ostrat\u00e9gique pour l&rsquo;Union europ\u00e9enne, voit son financement augmenter de 37 % pour atteindre 42,6 milliards d&rsquo;euros. Elle devrait aider les pays candidats \u00e0 acc\u00e9l\u00e9rer leurs r\u00e9formes, selon la Commission.<\/p>\n<p>\u00ab\u00a0Les n\u00e9gociations d&rsquo;adh\u00e9sion avec le Mont\u00e9n\u00e9gro, l&rsquo;Albanie, la Moldavie et l&rsquo;Ukraine n&rsquo;ont jamais progress\u00e9 aussi rapidement\u00a0\u00bb, s&rsquo;est f\u00e9licit\u00e9e Marta Kos, la commissaire slov\u00e8ne charg\u00e9e de l&rsquo;\u00e9largissement.<\/p>\n<p>\u00ab\u00a0Ceux qui pensaient que le soutien de l&rsquo;Europe s&rsquo;affaiblirait avec le temps se sont tromp\u00e9s. Le temps n&rsquo;est vraiment pas du c\u00f4t\u00e9 de la Russie\u00a0\u00bb, a ajout\u00e9 Mme Kos, commentant le fonds sp\u00e9cial pour soutenir l&rsquo;Ukraine.<\/p>\n<p>Sur les 200 milliards d&rsquo;euros pr\u00e9vus pour aider les pays voisins, hors l&rsquo;Ukraine, 42 milliards seront consacr\u00e9s \u00e0 la r\u00e9gion m\u00e9diterran\u00e9enne. Une partie de cette somme servira \u00e0 appuyer la politique migratoire de l&rsquo;UE. Il s&rsquo;agit d&rsquo;un partenariat avec des pays tiers dans la lutte contre l&rsquo;immigration clandestine.<\/p>\n<p>\u00ab\u00a0Nous renforcerons les investissements dans la s\u00e9curit\u00e9 et la s\u00fbret\u00e9 des fronti\u00e8res afin de mieux contr\u00f4ler la contrebande et l&rsquo;immigration clandestine\u00a0\u00bb, a d\u00e9clar\u00e9 Dubravka \u0160uica, ajoutant que l&rsquo;UE a \u00e9galement l&rsquo;intention de d\u00e9velopper des voies d&rsquo;immigration l\u00e9gales.<\/p>\n<p>Le pacte de l&rsquo;UE sur la migration et l&rsquo;asile adopt\u00e9 en 2024 comprend des \u00ab\u00a0partenariats de talents\u00a0\u00bb avec l&rsquo;\u00c9gypte, la Tunisie et le Maroc pour promouvoir la migration l\u00e9gale.<\/p>\n<p>\u00ab\u00a0Nous avons besoin de travailleurs pour combler la p\u00e9nurie de main-d&rsquo;\u0153uvre sur le march\u00e9 europ\u00e9en, mais dans le m\u00eame temps, nous lutterons fermement contre l&rsquo;immigration ill\u00e9gale et les passeurs\u00a0\u00bb, a soulign\u00e9 la commissaire \u0160uica.<\/p>\n","protected":false},"excerpt":{"rendered":"L&rsquo;Union europ\u00e9enne a l&rsquo;intention de consacrer 200 milliards d&rsquo;euros \u00e0 l&rsquo;aide au d\u00e9veloppement et au soutien des pays&hellip;\n","protected":false},"author":2,"featured_media":255361,"comment_status":"","ping_status":"","sticky":false,"template":"","format":"standard","meta":{"footnotes":""},"categories":[1586],"tags":[11,1777,674,1779,1011,27,1861,7738,39564,8972,12,39565,25,1778,364],"class_list":{"0":"post-255360","1":"post","2":"type-post","3":"status-publish","4":"format-standard","5":"has-post-thumbnail","7":"category-europe","8":"tag-actualites","9":"tag-eu","10":"tag-europe","11":"tag-european-union","12":"tag-fr","13":"tag-france","14":"tag-lue","15":"tag-lunion-europeenne","16":"tag-laide-au-developpement","17":"tag-milliards-deuros","18":"tag-news","19":"tag-pays-tiers","20":"tag-republique-francaise","21":"tag-ue","22":"tag-union-europeenne"},"share_on_mastodon":{"url":"https:\/\/pubeurope.com\/@fr\/114871940128477983","error":""},"_links":{"self":[{"href":"https:\/\/www.europesays.com\/fr\/wp-json\/wp\/v2\/posts\/255360","targetHints":{"allow":["GET"]}}],"collection":[{"href":"https:\/\/www.europesays.com\/fr\/wp-json\/wp\/v2\/posts"}],"about":[{"href":"https:\/\/www.europesays.com\/fr\/wp-json\/wp\/v2\/types\/post"}],"author":[{"embeddable":true,"href":"https:\/\/www.europesays.com\/fr\/wp-json\/wp\/v2\/users\/2"}],"replies":[{"embeddable":true,"href":"https:\/\/www.europesays.com\/fr\/wp-json\/wp\/v2\/comments?post=255360"}],"version-history":[{"count":0,"href":"https:\/\/www.europesays.com\/fr\/wp-json\/wp\/v2\/posts\/255360\/revisions"}],"wp:featuredmedia":[{"embeddable":true,"href":"https:\/\/www.europesays.com\/fr\/wp-json\/wp\/v2\/media\/255361"}],"wp:attachment":[{"href":"https:\/\/www.europesays.com\/fr\/wp-json\/wp\/v2\/media?parent=255360"}],"wp:term":[{"taxonomy":"category","embeddable":true,"href":"https:\/\/www.europesays.com\/fr\/wp-json\/wp\/v2\/categories?post=255360"},{"taxonomy":"post_tag","embeddable":true,"href":"https:\/\/www.europesays.com\/fr\/wp-json\/wp\/v2\/tags?post=255360"}],"curies":[{"name":"wp","href":"https:\/\/api.w.org\/{rel}","templated":true}]}}