{"id":255370,"date":"2025-07-18T02:49:14","date_gmt":"2025-07-18T02:49:14","guid":{"rendered":"https:\/\/www.europesays.com\/fr\/255370\/"},"modified":"2025-07-18T02:49:14","modified_gmt":"2025-07-18T02:49:14","slug":"erdocio-veut-se-mesurer-a-lun-des-meilleurs-piliers-du-monde","status":"publish","type":"post","link":"https:\/\/www.europesays.com\/fr\/255370\/","title":{"rendered":"Erdocio veut se mesurer \u00e0 l&rsquo;un des \u00ab meilleurs piliers du monde \u00bb"},"content":{"rendered":"<p>Le pilier gauche fran\u00e7ais aura fort \u00e0 faire par rapport au pr\u00e9c\u00e9dent match. Avec le retour de Tyrel Lomax, \u00e7a s&rsquo;annonce plus compliqu\u00e9 pour, et ce bien qu&rsquo;il s&rsquo;agisse d&rsquo;un retour de blessure pour le N\u00e9o-z\u00e9landais. Mais Baptiste Erdocio n&rsquo;a pas peur.<\/p>\n<p>\u00a0<\/p>\n<p>Erdocio veut poser des probl\u00e8mes \u00e0 Lomax<\/p>\n<p>\u00a0<\/p>\n<p>Le joueur de Montpellier \u00e9value l&rsquo;adversit\u00e9 en face. Il est conscient que le niveau de difficult\u00e9 grimpe, mais est apparu plut\u00f4t confiant. \u00ab C\u2019est l\u2019un des meilleurs droitiers au monde. Ce sera un plaisir de pouvoir jouer face \u00e0 lui et essayer de lui poser des probl\u00e8mes \u00bb, a indiqu\u00e9 Baptiste Erdocio.<\/p>\n<p>\u00a0<\/p>\n<p>Le pilier droit veut jouer sa chance \u00e0 fond. Il veut prouver de quoi il est capable face \u00e0 de grands noms. \u00ab Je vais me mettre face \u00e0 lui et tout donner \u00bb, a promis Baptiste Erdocio. Le match est pour samedi 19 juillet \u00e0 Hamilton. \u00c0 noter que les deux pr\u00e9c\u00e9dents duels ont \u00e9t\u00e9 remport\u00e9s par les All Blacks.<\/p>\n<p>Partagez cette info avec vos amis et vos proches en cliquant ici<br \/>Pour r\u00e9sumer<\/p>\n<p>Erdocio, pilier gauche fran\u00e7ais, se pr\u00e9pare \u00e0 affronter Tyrel Lomax, star n\u00e9o-z\u00e9landaise de retour de blessure. Confiant, il veut poser des probl\u00e8mes \u00e0 l\u2019un des meilleurs et prouver sa valeur lors du match du 19 juillet \u00e0 Hamilton.<\/p>\n<p> <img decoding=\"async\" width=\"76\" height=\"76\" loading=\"lazy\" src=\"https:\/\/www.europesays.com\/fr\/wp-content\/uploads\/2025\/04\/avatar-quinze.png\" alt=\"Voldi Fr\u00e9jus\u00a0Hounvio\"\/><\/p>\n","protected":false},"excerpt":{"rendered":"Le pilier gauche fran\u00e7ais aura fort \u00e0 faire par rapport au pr\u00e9c\u00e9dent match. Avec le retour de Tyrel&hellip;\n","protected":false},"author":2,"featured_media":255371,"comment_status":"","ping_status":"","sticky":false,"template":"","format":"standard","meta":{"footnotes":""},"categories":[1416],"tags":[1011,27,479,1468,60],"class_list":{"0":"post-255370","1":"post","2":"type-post","3":"status-publish","4":"format-standard","5":"has-post-thumbnail","7":"category-rugby","8":"tag-fr","9":"tag-france","10":"tag-rugby","11":"tag-rugby-football","12":"tag-sports"},"share_on_mastodon":{"url":"https:\/\/pubeurope.com\/@fr\/114871963741307619","error":""},"_links":{"self":[{"href":"https:\/\/www.europesays.com\/fr\/wp-json\/wp\/v2\/posts\/255370","targetHints":{"allow":["GET"]}}],"collection":[{"href":"https:\/\/www.europesays.com\/fr\/wp-json\/wp\/v2\/posts"}],"about":[{"href":"https:\/\/www.europesays.com\/fr\/wp-json\/wp\/v2\/types\/post"}],"author":[{"embeddable":true,"href":"https:\/\/www.europesays.com\/fr\/wp-json\/wp\/v2\/users\/2"}],"replies":[{"embeddable":true,"href":"https:\/\/www.europesays.com\/fr\/wp-json\/wp\/v2\/comments?post=255370"}],"version-history":[{"count":0,"href":"https:\/\/www.europesays.com\/fr\/wp-json\/wp\/v2\/posts\/255370\/revisions"}],"wp:featuredmedia":[{"embeddable":true,"href":"https:\/\/www.europesays.com\/fr\/wp-json\/wp\/v2\/media\/255371"}],"wp:attachment":[{"href":"https:\/\/www.europesays.com\/fr\/wp-json\/wp\/v2\/media?parent=255370"}],"wp:term":[{"taxonomy":"category","embeddable":true,"href":"https:\/\/www.europesays.com\/fr\/wp-json\/wp\/v2\/categories?post=255370"},{"taxonomy":"post_tag","embeddable":true,"href":"https:\/\/www.europesays.com\/fr\/wp-json\/wp\/v2\/tags?post=255370"}],"curies":[{"name":"wp","href":"https:\/\/api.w.org\/{rel}","templated":true}]}}