{"id":255391,"date":"2025-07-18T03:01:28","date_gmt":"2025-07-18T03:01:28","guid":{"rendered":"https:\/\/www.europesays.com\/fr\/255391\/"},"modified":"2025-07-18T03:01:28","modified_gmt":"2025-07-18T03:01:28","slug":"earth-ce-weekend-a-paris-pour-une-experience-inedite-et-gratuite","status":"publish","type":"post","link":"https:\/\/www.europesays.com\/fr\/255391\/","title":{"rendered":"Earth ce weekend \u00e0 Paris pour une exp\u00e9rience in\u00e9dite et gratuite"},"content":{"rendered":"<p>Un vaisseau va se cracher ce weekend \u00e0 Paris. \u00c0 son bord, une licence embl\u00e9matique du cin\u00e9ma de genre\u00a0: Alien. Un an apr\u00e8s le succ\u00e8s de Romulus, 20th Century Studios remet \u00e7a avec une s\u00e9rie \u00e0 destination de Disney+. <strong>Alien\u00a0: Earth<\/strong> doit \u00eatre lanc\u00e9e le<strong> 13 ao\u00fbt prochain<\/strong> en France et la plateforme lance d\u00e9j\u00e0 les hostilit\u00e9s du c\u00f4t\u00e9 du marketing et de la promotion. La firme aux grandes oreilles organise un<strong> \u00e9v\u00e9nement gratuit<\/strong> d\u00e8s ce <strong>samedi 19 juillet<\/strong>. C\u2019est sur la terrasse du <strong>Forum des Halles \u00e0 Ch\u00e2telet<\/strong> que les adorateurs des x\u00e9nomorphes ont rendez-vous.<\/p>\n<p>Au programme, une <strong>enqu\u00eate accessible \u00e0 tous<\/strong>. Dans son communiqu\u00e9, Disney+ promet une exp\u00e9rience immersive \u00e9voluant autour de l\u2019\u00e9pave d\u2019un vaisseau. Les participants devront mener l\u2019enqu\u00eate et incarner des membres de l\u2019unit\u00e9 sp\u00e9ciale charg\u00e9e d\u2019inspecter le site. Chaque indice compte pour comprendre ce qu\u2019il s\u2019est pass\u00e9 et emp\u00eacher que ces \u00e9v\u00e9nements ne se reproduisent. Pour coller \u00e0 l\u2019ambiance de la franchise, des gimmick effrayants pourraient \u00eatre au programme. L\u2019exp\u00e9rience est donc <strong>interdite\u00a0aux moins de 12 ans<\/strong>.<\/p>\n<p><strong>Infos pratiques\u00a0<\/strong><\/p>\n<ul>\n<li>Samedi 19 juillet de 11h \u00e0 19h sur la terrasse du Forum des Halles \u00e0 Ch\u00e2telet<\/li>\n<li>Dimanche 20 juillet de 11h \u00e0 17h sur la terrasse du Forum des Halles \u00e0 Ch\u00e2telet<\/li>\n<li>Exp\u00e9rience gratuite et accessible \u00e0 tous ( \u00e0 partir de 12 ans)<\/li>\n<li>M\u00e9tro et RER\u00a0: 1, 4, 7, 11 et 14 ainsi que les RER A,B,D<\/li>\n<\/ul>\n<p>  La s\u00e9rie de l\u2019\u00e9t\u00e9 sur Disney+ <\/p>\n<p>Ironheart n\u2019a <a href=\"https:\/\/www.journaldugeek.com\/dossier\/marvel-ferme-le-rideau-sur-sa-phase-5-analyse-dun-desastre\/\" target=\"_blank\" rel=\"noopener\">pas eu le succ\u00e8s escompt\u00e9<\/a> en ce mois de juin, Star Wars est aux abonn\u00e9s absents depuis le <a href=\"https:\/\/www.journaldugeek.com\/2025\/05\/19\/le-createur-dandor-sexplique-sur-le-twist-final\/\" target=\"_blank\" rel=\"noopener\">final d\u2019Andor<\/a>, c\u2019est donc sur la franchise Alien que Disney+ mise cet \u00e9t\u00e9 pour attirer de nombreux regards. La plateforme ne s\u2019y trompe pas en misant sur l\u2019estampille de Ridley Scott, Romulus avait connu un succ\u00e8s fulgurant un an plus t\u00f4t. Le film de Fede \u00c1lavarez a prouv\u00e9 que le public s\u2019int\u00e9ressait encore aux cr\u00e9atures et la franchise. Les \u00e9toiles sont donc align\u00e9es pour qu\u2019<a href=\"https:\/\/www.journaldugeek.com\/2025\/06\/05\/la-serie-alien-earth-sannonce-monstrueuse-bande-annonce\/\" target=\"_blank\" rel=\"noopener\">Alien\u00a0: Earth<\/a> soit un nouveau succ\u00e8s pour le conglom\u00e9rat Disney.<\/p>\n<\/p>\n<p>    <a href=\"https:\/\/www.youtube.com\/user\/JournalduGeek?sub_confirmation=1\" target=\"_blank\" rel=\"nofollow noopener\"><br \/>\n        S&rsquo;abonner \u00e0 Journal du Geek<br \/>\n    <\/a> <\/p>\n<p>L\u2019histoire se d\u00e9roule en 2120. Un myst\u00e9rieux vaisseau vient de s\u2019\u00e9craser et une \u00e9quipe est envoy\u00e9es pour explorer l\u2019\u00e9pave. Une jeune femme, premi\u00e8re clone humaine, s\u2019y rend avec des soldats et va faire une d\u00e9couverte qui scellera le sort de l\u2019univers. Ils vont \u00eatre confront\u00e9s \u00e0 une menace d\u2019ampleur in\u00e9dite. Sydney Chandler campera l\u2019h\u00e9ro\u00efne de cette aventure. Elle donnera la r\u00e9plique \u00e0 Timothy Olyphant, Alex Lawther et Essie Davis. Noah Hawley est \u00e0 l\u2019\u00e9criture et la cr\u00e9ation tandis que Ridley Scott intervient en qualit\u00e9 de producteur ex\u00e9cutif via sa soci\u00e9t\u00e9 Scott Free Productions. Les premiers \u00e9pisodes seront propos\u00e9s <strong>d\u00e8s le 13 ao\u00fbt<\/strong> en France <strong>sur Disney+.\u00a0<\/strong><\/p>\n<blockquote>\n<p class=\"text-base text-neutral-700 dark:text-neutral-300\">\ud83d\udfe3 Pour ne manquer aucune news sur le Journal du Geek, abonnez-vous sur <a href=\"https:\/\/news.google.com\/publications\/CAAqBwgKMNr_hAswwYyCAw?hl=fr&amp;gl=FR&amp;ceid=FR%3Afr\" target=\"_blank\" rel=\"noopener\">Google Actualit\u00e9s<\/a> et sur <a href=\"https:\/\/whatsapp.com\/channel\/0029VaClM5y4tRry12tb7D2h\" target=\"_blank\" rel=\"noopener\">notre WhatsApp<\/a>. Et si vous nous adorez, on a <a href=\"https:\/\/www.journaldugeek.com\/newsletter\/\" target=\"_blank\" rel=\"noopener\">une newsletter tous les matins<\/a>.<\/p>\n<\/blockquote>\n","protected":false},"excerpt":{"rendered":"Un vaisseau va se cracher ce weekend \u00e0 Paris. \u00c0 son bord, une licence embl\u00e9matique du cin\u00e9ma de&hellip;\n","protected":false},"author":2,"featured_media":255392,"comment_status":"","ping_status":"","sticky":false,"template":"","format":"standard","meta":{"footnotes":""},"categories":[1354],"tags":[15630,15631,58,59,1346,1011,27,1360],"class_list":{"0":"post-255391","1":"post","2":"type-post","3":"status-publish","4":"format-standard","5":"has-post-thumbnail","7":"category-films","8":"tag-alien","9":"tag-alien-earth","10":"tag-divertissement","11":"tag-entertainment","12":"tag-films","13":"tag-fr","14":"tag-france","15":"tag-movies"},"share_on_mastodon":{"url":"https:\/\/pubeurope.com\/@fr\/114872010843913021","error":""},"_links":{"self":[{"href":"https:\/\/www.europesays.com\/fr\/wp-json\/wp\/v2\/posts\/255391","targetHints":{"allow":["GET"]}}],"collection":[{"href":"https:\/\/www.europesays.com\/fr\/wp-json\/wp\/v2\/posts"}],"about":[{"href":"https:\/\/www.europesays.com\/fr\/wp-json\/wp\/v2\/types\/post"}],"author":[{"embeddable":true,"href":"https:\/\/www.europesays.com\/fr\/wp-json\/wp\/v2\/users\/2"}],"replies":[{"embeddable":true,"href":"https:\/\/www.europesays.com\/fr\/wp-json\/wp\/v2\/comments?post=255391"}],"version-history":[{"count":0,"href":"https:\/\/www.europesays.com\/fr\/wp-json\/wp\/v2\/posts\/255391\/revisions"}],"wp:featuredmedia":[{"embeddable":true,"href":"https:\/\/www.europesays.com\/fr\/wp-json\/wp\/v2\/media\/255392"}],"wp:attachment":[{"href":"https:\/\/www.europesays.com\/fr\/wp-json\/wp\/v2\/media?parent=255391"}],"wp:term":[{"taxonomy":"category","embeddable":true,"href":"https:\/\/www.europesays.com\/fr\/wp-json\/wp\/v2\/categories?post=255391"},{"taxonomy":"post_tag","embeddable":true,"href":"https:\/\/www.europesays.com\/fr\/wp-json\/wp\/v2\/tags?post=255391"}],"curies":[{"name":"wp","href":"https:\/\/api.w.org\/{rel}","templated":true}]}}