{"id":255399,"date":"2025-07-18T03:07:19","date_gmt":"2025-07-18T03:07:19","guid":{"rendered":"https:\/\/www.europesays.com\/fr\/255399\/"},"modified":"2025-07-18T03:07:19","modified_gmt":"2025-07-18T03:07:19","slug":"violences-sectaires-bombardements-israeliens-en-syrie-le-nouveau-pouvoir-deja-confronte-au-risque-dimplosion","status":"publish","type":"post","link":"https:\/\/www.europesays.com\/fr\/255399\/","title":{"rendered":"Violences sectaires, bombardements isra\u00e9liens&#8230; En Syrie, le nouveau pouvoir d\u00e9j\u00e0 confront\u00e9 au risque d\u2019implosion"},"content":{"rendered":"<p><strong>R\u00c9CIT <\/strong>&#8211; Le gouvernement d\u2019Ahmed al-Charaa, qui tente de maintenir un fragile \u00e9quilibre s\u00e9curitaire, est plus que jamais affaibli.<\/p>\n<p class=\"fig-paragraph\">Des centaines de morts, une population traumatis\u00e9e, et une capitale bombard\u00e9e par un \u00c9tat voisin\u00a0: en quelques jours, les rivalit\u00e9s entre druzes et B\u00e9douins dans le sud de la\u00a0<a href=\"http:\/\/www.lefigaro.fr\/international\/syrie-les-images-saisissantes-des-frappes-de-tsahal-sur-le-quartier-general-de-l-armee-syrienne-a-damas-20250717\" data-fig-type=\"NewsFlash\" data-gtm-custom-categorie=\"navigation\" data-gtm-custom-action=\"crossclick\" data-gtm-custom-label=\"Contextuel\" data-gtm-event=\"customEventSPE\" data-fig-domain=\"LEFIGARO\" target=\"_blank\" rel=\"noopener\">Syrie\u00a0<\/a>ont donn\u00e9 lieu \u00e0 un bain de sang\u2026 Et affaibli encore le gouvernement d\u2019<a href=\"http:\/\/www.lefigaro.fr\/international\/bonne-chance-a-la-syrie-donald-trump-adoube-ahmed-al-charaa-et-leve-les-sanctions-contre-damas-20250514\" data-fig-type=\"Article\" data-gtm-custom-categorie=\"navigation\" data-gtm-custom-action=\"crossclick\" data-gtm-custom-label=\"Contextuel\" data-gtm-event=\"customEventSPE\" data-fig-domain=\"LEFIGARO\" target=\"_blank\" rel=\"noopener\">Ahmed al-Charaa<\/a>, qui tente depuis son accession \u00e0 la t\u00eate de l\u2019\u00c9tat d\u2019\u00e9viter que le pays ne sombre dans le chaos g\u00e9n\u00e9ralis\u00e9.<\/p>\n<p class=\"fig-paragraph\">Tout a commenc\u00e9 par l\u2019enl\u00e8vement d\u2019un vendeur de l\u00e9gumes de la communaut\u00e9 druze (un groupe \u00e9sot\u00e9rique issu de la branche isma\u00e9lienne du chiisme, majoritaire dans la r\u00e9gion de Soue\u00efda) par des\u00a0<a href=\"http:\/\/www.lefigaro.fr\/flash-actu\/l-armee-israelienne-a-annonce-la-mort-d-un-soldat-bedouin-otage-retenu-a-gaza-20240624\" data-fig-type=\"NewsFlash\" data-gtm-custom-categorie=\"navigation\" data-gtm-custom-action=\"crossclick\" data-gtm-custom-label=\"Contextuel\" data-gtm-event=\"customEventSPE\" data-fig-domain=\"LEFIGARO\" target=\"_blank\" rel=\"noopener\">B\u00e9douins<\/a>, sunnites. S\u2019en sont suivis des affrontements intercommunautaires entre les deux rivaux, aux griefs anciens. Lorsque les forces arm\u00e9es gouvernementales &#8211; elles aussi majoritairement sunnites &#8211; sont entr\u00e9es dans Soue\u00efda dans le but affich\u00e9 de pacifier la situation, elles auraient combattu selon de nombreux t\u00e9moins aux c\u00f4t\u00e9s des B\u00e9douins, se rendant elles-m\u00eames coupables d\u2019exactions. L\u2019influent cheikh druze Hikmat al-Hijri\u2026<\/p>\n<p class=\"fig-premium-paywall__infos\">\n        Cet article est r\u00e9serv\u00e9 aux abonn\u00e9s.        Il vous reste 86% \u00e0 d\u00e9couvrir.\n    <\/p>\n<p>                <img  data- alt=\"Le Figaro\" class=\"fig-img--complete fig-img\"\/><\/p>\n<p class=\"fig-premium-paywall__title\">Vous avez envie de lire la suite ?<\/p>\n<p class=\"fig-premium-paywall__subtitle\">D\u00e9bloquez tous les articles imm\u00e9diatement.<\/p>\n<p class=\"fig-premium-paywall__connect\">\n                D\u00e9j\u00e0 abonn\u00e9\u00a0?                <a class=\"fig-premium-paywall__connect-link\" href=\"https:\/\/connect.lefigaro.fr\/login?client=horizon_web&amp;type=main&amp;redirect_uri=https%3A%2F%2Fwww.lefigaro.fr%2Finternational%2Fviolences-sectaires-bombardements-israeliens-en-syrie-le-nouveau-pouvoir-deja-confronte-au-risque-d-implosion-20250717\" data-js-gtm=\"{&quot;customCategorie&quot;: &quot;conversion&quot;, &quot;customAction&quot;: &quot;before_Landing_Connexion_paywall_auto&quot;, &quot;customLabel&quot;: &quot;bGVmaWdhcm8uZnJfXzFmMDYzMjIzLTRlYzgtNmNiYy04NTU0LThmNzRjNTlhYjk1N19fQXJ0aWNsZQ==_Violences sectaires, bombardements isra\u00e9liens... En Syrie, le nouveau pouvoir d\u00e9j\u00e0 confront\u00e9 au risque d\u2019implosion_619&quot;, &quot;customIDSPE&quot;: &quot;bGVmaWdhcm8uZnJfXzFmMDYzMjIzLTRlYzgtNmNiYy04NTU0LThmNzRjNTlhYjk1N19fQXJ0aWNsZQ==&quot;, &quot;event&quot;: &quot;customEventSPE&quot;}\" target=\"_blank\" rel=\"noopener\"><br \/>\n                    Connectez-vous<br \/>\n                <\/a>\n            <\/p>\n","protected":false},"excerpt":{"rendered":"R\u00c9CIT &#8211; Le gouvernement d\u2019Ahmed al-Charaa, qui tente de maintenir un fragile \u00e9quilibre s\u00e9curitaire, est plus que jamais&hellip;\n","protected":false},"author":2,"featured_media":255400,"comment_status":"","ping_status":"","sticky":false,"template":"","format":"standard","meta":{"footnotes":""},"categories":[5],"tags":[11,1011,27,14,664,12,32,28],"class_list":{"0":"post-255399","1":"post","2":"type-post","3":"status-publish","4":"format-standard","5":"has-post-thumbnail","7":"category-international","8":"tag-actualites","9":"tag-fr","10":"tag-france","11":"tag-international","12":"tag-israel","13":"tag-news","14":"tag-syrie","15":"tag-world"},"share_on_mastodon":{"url":"https:\/\/pubeurope.com\/@fr\/114872034472808049","error":""},"_links":{"self":[{"href":"https:\/\/www.europesays.com\/fr\/wp-json\/wp\/v2\/posts\/255399","targetHints":{"allow":["GET"]}}],"collection":[{"href":"https:\/\/www.europesays.com\/fr\/wp-json\/wp\/v2\/posts"}],"about":[{"href":"https:\/\/www.europesays.com\/fr\/wp-json\/wp\/v2\/types\/post"}],"author":[{"embeddable":true,"href":"https:\/\/www.europesays.com\/fr\/wp-json\/wp\/v2\/users\/2"}],"replies":[{"embeddable":true,"href":"https:\/\/www.europesays.com\/fr\/wp-json\/wp\/v2\/comments?post=255399"}],"version-history":[{"count":0,"href":"https:\/\/www.europesays.com\/fr\/wp-json\/wp\/v2\/posts\/255399\/revisions"}],"wp:featuredmedia":[{"embeddable":true,"href":"https:\/\/www.europesays.com\/fr\/wp-json\/wp\/v2\/media\/255400"}],"wp:attachment":[{"href":"https:\/\/www.europesays.com\/fr\/wp-json\/wp\/v2\/media?parent=255399"}],"wp:term":[{"taxonomy":"category","embeddable":true,"href":"https:\/\/www.europesays.com\/fr\/wp-json\/wp\/v2\/categories?post=255399"},{"taxonomy":"post_tag","embeddable":true,"href":"https:\/\/www.europesays.com\/fr\/wp-json\/wp\/v2\/tags?post=255399"}],"curies":[{"name":"wp","href":"https:\/\/api.w.org\/{rel}","templated":true}]}}