{"id":255406,"date":"2025-07-18T03:11:16","date_gmt":"2025-07-18T03:11:16","guid":{"rendered":"https:\/\/www.europesays.com\/fr\/255406\/"},"modified":"2025-07-18T03:11:16","modified_gmt":"2025-07-18T03:11:16","slug":"la-39e-fete-du-livre-de-saint-etienne-sannonce-forte","status":"publish","type":"post","link":"https:\/\/www.europesays.com\/fr\/255406\/","title":{"rendered":"LA 39E F\u00caTE DU LIVRE DE SAINT-\u00c9TIENNE S&rsquo;ANNONCE FORTE"},"content":{"rendered":"<p>                <a href=\"https:\/\/cadenceradio.fr\" target=\"_blank\" aria-label=\"Banni\u00e8re Cadence 2025\" rel=\"noopener\"><img loading=\"lazy\" decoding=\"async\" src=\"https:\/\/www.europesays.com\/fr\/wp-content\/uploads\/2025\/07\/Banniere-Cadence-2025-scaled.jpg\" alt=\"\"   width=\"2560\" height=\"738\"\/><\/a><\/p>\n<p>Cette \u00e9dition anniversaire promet encore une fois de transformer le centre-ville en v\u00e9ritable capitale du livre, accessible \u00e0 tous sans d\u00e9bourser un centime. L\u2019\u00e9v\u00e9nement d\u00e9marrera d\u00e8s le vendredi 10 octobre avec l\u2019inauguration simultan\u00e9e des conf\u00e9rences-d\u00e9bats et l\u2019ouverture des espaces d\u2019exposition. Les amateurs de litt\u00e9rature pourront d\u00e9ambuler entre les diff\u00e9rents chapiteaux selon des cr\u00e9neaux adapt\u00e9s : de 9h \u00e0 19h le vendredi, de 10h \u00e0 19h le samedi, et de 10h \u00e0 18h le dimanche.<\/p>\n<p>L\u2019\u00e9v\u00e9nement a choisi une personnalit\u00e9 remarquable pour porter ses couleurs : Agn\u00e8s Ledig, \u00e9crivaine fran\u00e7aise dont la trajectoire singuli\u00e8re force l\u2019admiration. Cette ancienne sage-femme a op\u00e9r\u00e9 une reconversion spectaculaire pour devenir l\u2019une des voix les plus appr\u00e9ci\u00e9es de la litt\u00e9rature contemporaine hexagonale.<\/p>\n<p>Les organisateurs misent sur la continuit\u00e9 en maintenant les ingr\u00e9dients qui font le succ\u00e8s de cette rencontre annuelle. Les amateurs retrouveront les traditionnelles s\u00e9ances de signatures d\u2019auteurs, les affrontements cr\u00e9atifs de la battle BD, ainsi que les performances artistiques en temps r\u00e9el sur les devantures des commerces locaux.<\/p>\n<p><strong>Animation de rue et commerce de proximit\u00e9<\/strong><\/p>\n<p>L\u2019esprit populaire de la manifestation se traduit par la pr\u00e9sence des bouquinistes qui investiront les art\u00e8res st\u00e9phanoises, cr\u00e9ant une atmosph\u00e8re unique m\u00ealant d\u00e9couverte litt\u00e9raire et fl\u00e2nerie urbaine. Cette approche d\u00e9contract\u00e9e permet \u00e0 tous les publics d\u2019acc\u00e9der facilement \u00e0 la culture \u00e9crite.<\/p>\n<p>Apr\u00e8s pr\u00e8s de quatre d\u00e9cennies d\u2019existence, cette<strong><a href=\"https:\/\/42info.fr\/fete-du-livre-de-saint-etienne-une-deferlante-de-180-auteurs\/\" target=\"_blank\" rel=\"noreferrer noopener\"> f\u00eate du livre de Saint-\u00c9tienne<\/a><\/strong> a trouv\u00e9 son \u00e9quilibre en privil\u00e9giant l\u2019accessibilit\u00e9 et la diversit\u00e9 des propositions. La fid\u00e9lit\u00e9 du public, illustr\u00e9e par l\u2019affluence constante, t\u00e9moigne de la pertinence de cette approche qui fait de Saint-\u00c9tienne un rendez-vous incontournable du calendrier culturel r\u00e9gional.<\/p>\n<p>Cette \u00e9dition 2025 s\u2019annonce comme un nouveau chapitre r\u00e9ussi dans l\u2019histoire de cet \u00e9v\u00e9nement devenu embl\u00e9matique de la politique culturelle st\u00e9phanoise.<\/p>\n<p><strong>G\u00e9ographie litt\u00e9raire du centre-ville<\/strong><\/p>\n<p>Plusieurs p\u00f4les th\u00e9matiques structureront cette manifestation culturelle. La place Chavanelle accueillera l\u2019Espace Jeunesse, tandis que la place de l\u2019H\u00f4tel de Ville concentrera la Grande Librairie, les s\u00e9ances de d\u00e9dicaces et l\u2019espace rencontres-d\u00e9bats. La place Dorian h\u00e9bergera quant \u00e0 elle le Salon des \u00e9diteurs st\u00e9phanois, et la zone Jean Jaur\u00e8s proposera le Magic Mirrors ainsi que les stands d\u00e9di\u00e9s \u00e0 l\u2019environnement, la sant\u00e9 et la nutrition.<\/p>\n<p><strong>Rejoindre facilement l\u2019\u00e9v\u00e9nement<\/strong><\/p>\n<p>Depuis la gare de Ch\u00e2teaucreux, le tramway T2 direction Cit\u00e9 du design dessert id\u00e9alement tous les sites. Les visiteurs descendront \u00e0 Square Violette pour l\u2019Espace Jeunesse, \u00e0 H\u00f4tel de Ville pour le chapiteau principal et les \u00e9diteurs locaux, ou \u00e0 Jean Jaur\u00e8s pour les autres animations. Le trajet ne prend qu\u2019une quinzaine de minutes.<\/p>\n<p><strong>Stationnement avantageux le week-end<\/strong><\/p>\n<p>Les automobilistes b\u00e9n\u00e9ficieront de conditions exceptionnelles le samedi avec trois heures gratuites de 9h \u00e0 19h dans sept parkings du centre : Jean-Jaur\u00e8s, H\u00f4tel-de-Ville, Ursules, Antonin Moine, Palais de Justice, Chavanelle et Clapier. Le stationnement nocturne reste plafonn\u00e9 \u00e0 3 euros de 19h \u00e0 9h. Les d\u00e9tenteurs de pass STAS ou O\u00f9r\u00e0 acc\u00e8dent gratuitement aux parcs relais, avec notamment une liaison gratuite via la ligne 7 depuis le parking du Clapier.<\/p>\n","protected":false},"excerpt":{"rendered":"Cette \u00e9dition anniversaire promet encore une fois de transformer le centre-ville en v\u00e9ritable capitale du livre, accessible \u00e0&hellip;\n","protected":false},"author":2,"featured_media":255407,"comment_status":"","ping_status":"","sticky":false,"template":"","format":"standard","meta":{"footnotes":""},"categories":[9653],"tags":[1111,11,2430,251,1777,674,36981,1011,27,3367,12,25,4001],"class_list":{"0":"post-255406","1":"post","2":"type-post","3":"status-publish","4":"format-standard","5":"has-post-thumbnail","7":"category-saint-etienne","8":"tag-actu","9":"tag-actualites","10":"tag-auvergne-rhone-alpes","11":"tag-culture","12":"tag-eu","13":"tag-europe","14":"tag-fete-du-livre","15":"tag-fr","16":"tag-france","17":"tag-loire","18":"tag-news","19":"tag-republique-francaise","20":"tag-saint-etienne"},"share_on_mastodon":{"url":"https:\/\/pubeurope.com\/@fr\/114872050354517092","error":""},"_links":{"self":[{"href":"https:\/\/www.europesays.com\/fr\/wp-json\/wp\/v2\/posts\/255406","targetHints":{"allow":["GET"]}}],"collection":[{"href":"https:\/\/www.europesays.com\/fr\/wp-json\/wp\/v2\/posts"}],"about":[{"href":"https:\/\/www.europesays.com\/fr\/wp-json\/wp\/v2\/types\/post"}],"author":[{"embeddable":true,"href":"https:\/\/www.europesays.com\/fr\/wp-json\/wp\/v2\/users\/2"}],"replies":[{"embeddable":true,"href":"https:\/\/www.europesays.com\/fr\/wp-json\/wp\/v2\/comments?post=255406"}],"version-history":[{"count":0,"href":"https:\/\/www.europesays.com\/fr\/wp-json\/wp\/v2\/posts\/255406\/revisions"}],"wp:featuredmedia":[{"embeddable":true,"href":"https:\/\/www.europesays.com\/fr\/wp-json\/wp\/v2\/media\/255407"}],"wp:attachment":[{"href":"https:\/\/www.europesays.com\/fr\/wp-json\/wp\/v2\/media?parent=255406"}],"wp:term":[{"taxonomy":"category","embeddable":true,"href":"https:\/\/www.europesays.com\/fr\/wp-json\/wp\/v2\/categories?post=255406"},{"taxonomy":"post_tag","embeddable":true,"href":"https:\/\/www.europesays.com\/fr\/wp-json\/wp\/v2\/tags?post=255406"}],"curies":[{"name":"wp","href":"https:\/\/api.w.org\/{rel}","templated":true}]}}