{"id":255410,"date":"2025-07-18T03:13:24","date_gmt":"2025-07-18T03:13:24","guid":{"rendered":"https:\/\/www.europesays.com\/fr\/255410\/"},"modified":"2025-07-18T03:13:24","modified_gmt":"2025-07-18T03:13:24","slug":"le-lavoir-des-chavannes-reconquete-dune-friche-miniere-montceau-les-mines-un-dessin-de-daphnee-duc-de-lensa-nancy-sous-la-direction-de-aurelie-husson-nicolas-beyret-et-elise-pagel-prevoteau","status":"publish","type":"post","link":"https:\/\/www.europesays.com\/fr\/255410\/","title":{"rendered":"le lavoir des Chavannes, reconqu\u00eate d&rsquo;une friche mini\u00e8re (Montceau-les-Mines), un dessin de Daphn\u00e9e Duc de l&rsquo;ENSA Nancy, sous la direction de Aur\u00e9lie Husson, Nicolas Beyret et \u00c9lise Pagel-Prevoteau"},"content":{"rendered":"<p>&#13;<br \/>\n\t<strong>Axonom\u00e9tries \u00e0 main lev\u00e9e, collages immersifs, g\u00e9om\u00e9traux hachur\u00e9s&#8230; Qu&rsquo;il soit technique, ultrar\u00e9aliste ou simplement suggestif, qu&rsquo;il repr\u00e9sente l&rsquo;existant ou sa transformation \u00e0 venir, le dessin fait partie du quotidien des architectes. Autant qu&rsquo;il permet de plonger dans la r\u00e9alit\u00e9 fantasm\u00e9e d&rsquo;un projet, ce m\u00e9dium illustre le plaisir de son auteur \u00e0 fabriquer des mondes. La r\u00e9daction d&rsquo;AMC\u00a0propose aux \u00e9tudiants des \u00e9coles d&rsquo;architecture de publier leur production graphique dans la revue et sur www.amc-archi.com. Soumettez vos travaux \u00e0 cette\u00a0<a href=\"http:\/\/selection-realisations@groupemoniteur.fr\" target=\"_blank\" rel=\"noopener\">adresse mail<\/a><a href=\"http:\/\/selection-realisations@groupemoniteur.fr\" target=\"_blank\" rel=\"noopener\">,<\/a>\u00a0la r\u00e9daction choisira les meilleurs dessins.<\/strong><\/p>\n<p>&#13;<br \/>\n\tLes gigantesques infrastructures cr\u00e9\u00e9es pour l&rsquo;exploitation du charbon sont tomb\u00e9es en d\u00e9su\u00e9tude, \u00e0 l&rsquo;instar du lavoir des [&#8230;]<\/p>\n","protected":false},"excerpt":{"rendered":"&#13; Axonom\u00e9tries \u00e0 main lev\u00e9e, collages immersifs, g\u00e9om\u00e9traux hachur\u00e9s&#8230; Qu&rsquo;il soit technique, ultrar\u00e9aliste ou simplement suggestif, qu&rsquo;il repr\u00e9sente&hellip;\n","protected":false},"author":2,"featured_media":255411,"comment_status":"","ping_status":"","sticky":false,"template":"","format":"standard","meta":{"footnotes":""},"categories":[9635],"tags":[1111,11,1777,674,1011,27,10486,775,1702,12,25,18108],"class_list":{"0":"post-255410","1":"post","2":"type-post","3":"status-publish","4":"format-standard","5":"has-post-thumbnail","7":"category-nancy","8":"tag-actu","9":"tag-actualites","10":"tag-eu","11":"tag-europe","12":"tag-fr","13":"tag-france","14":"tag-galerie","15":"tag-grand-est","16":"tag-nancy","17":"tag-news","18":"tag-republique-francaise","19":"tag-u00c9coles"},"share_on_mastodon":{"url":"https:\/\/pubeurope.com\/@fr\/114872058028385707","error":""},"_links":{"self":[{"href":"https:\/\/www.europesays.com\/fr\/wp-json\/wp\/v2\/posts\/255410","targetHints":{"allow":["GET"]}}],"collection":[{"href":"https:\/\/www.europesays.com\/fr\/wp-json\/wp\/v2\/posts"}],"about":[{"href":"https:\/\/www.europesays.com\/fr\/wp-json\/wp\/v2\/types\/post"}],"author":[{"embeddable":true,"href":"https:\/\/www.europesays.com\/fr\/wp-json\/wp\/v2\/users\/2"}],"replies":[{"embeddable":true,"href":"https:\/\/www.europesays.com\/fr\/wp-json\/wp\/v2\/comments?post=255410"}],"version-history":[{"count":0,"href":"https:\/\/www.europesays.com\/fr\/wp-json\/wp\/v2\/posts\/255410\/revisions"}],"wp:featuredmedia":[{"embeddable":true,"href":"https:\/\/www.europesays.com\/fr\/wp-json\/wp\/v2\/media\/255411"}],"wp:attachment":[{"href":"https:\/\/www.europesays.com\/fr\/wp-json\/wp\/v2\/media?parent=255410"}],"wp:term":[{"taxonomy":"category","embeddable":true,"href":"https:\/\/www.europesays.com\/fr\/wp-json\/wp\/v2\/categories?post=255410"},{"taxonomy":"post_tag","embeddable":true,"href":"https:\/\/www.europesays.com\/fr\/wp-json\/wp\/v2\/tags?post=255410"}],"curies":[{"name":"wp","href":"https:\/\/api.w.org\/{rel}","templated":true}]}}