{"id":255412,"date":"2025-07-18T03:14:09","date_gmt":"2025-07-18T03:14:09","guid":{"rendered":"https:\/\/www.europesays.com\/fr\/255412\/"},"modified":"2025-07-18T03:14:09","modified_gmt":"2025-07-18T03:14:09","slug":"un-pas-vers-le-progres-luniversite-de-toulon-met-en-place-le-conge-menstruel","status":"publish","type":"post","link":"https:\/\/www.europesays.com\/fr\/255412\/","title":{"rendered":"\u00ab\u00a0Un pas vers le progr\u00e8s\u00a0\u00bb: l\u2019universit\u00e9 de Toulon met en place le cong\u00e9 menstruel"},"content":{"rendered":"<p>C\u2019est une d\u00e9cision qui va marquer un tournant dans la vie de nombreuses \u00e9tudiantes. L\u2019universit\u00e9 de Toulon (1) instaure le cong\u00e9 menstruel. \u00ab\u00a0D\u00e8s la rentr\u00e9e prochaine, les \u00e9tudiantes pourront b\u00e9n\u00e9ficier de dix jours de cong\u00e9 menstruel par an, sur pr\u00e9sentation d\u2019un seul certificat m\u00e9dical, indique Rayan Ben Bahri, vice-pr\u00e9sident \u00e9tudiant de l\u2019universit\u00e9 de Toulon. C\u2019est une grande avanc\u00e9e, sur laquelle les associations \u00e9tudiantes travaillent depuis plusieurs ann\u00e9es et qui va permettre de mieux prendre en compte la r\u00e9alit\u00e9 des douleurs menstruelles \u00ab\u00a0. Dans un sondage r\u00e9alis\u00e9 par l\u2019Ifop (Institut fran\u00e7ais d\u2019opinion publique), pr\u00e8s d\u2019une femme sur deux affirmait souffrir de dysm\u00e9norrh\u00e9e (r\u00e8gles douloureuses) et 20% d\u00e9claraient m\u00eame avoir des r\u00e8gles \u00ab\u00a0tr\u00e8s douloureuses \u00ab\u00a0.<\/p>\n<p>Le texte, vot\u00e9 en conseil de formation et vie universitaire (2), est inscrit dans le r\u00e8glement d\u2019examen d\u2019\u00e9tude (une sorte de document qui r\u00e9git les droits et devoirs des \u00e9tudiants, Ndlr). \u00ab\u00a0Vot\u00e9 \u00e0 l\u2019unanimit\u00e9, ce cong\u00e9 menstruel t\u00e9moigne d\u2019une ouverture de la part des \u00e9tudiants et enseignants sur cette question. Nous avons tenu \u00e0 imposer un certificat unique afin de ne pas laisser les \u00e9tudiantes dans l\u2019errance m\u00e9dicale. Des r\u00e8gles douloureuses peuvent parfois cacher d\u2019autres pathologies. C\u2019est donc l\u2019occasion aussi pour elles d\u2019avoir un suivi m\u00e9dical et de parler de leur quotidien \u00ab\u00a0.<\/p>\n<p>\u00ab\u00a0Un pas vers le progr\u00e8s\u00a0\u00bb<\/p>\n<p>Pour V\u00e9da, \u00e9tudiante en droit \u00e0 Toulon, \u00ab\u00a0ce dispositif va changer la vie de beaucoup d\u2019\u00e9tudiantes, c\u2019est certain. Enfin, nos douleurs sont prises en compte. Je fais partie des femmes qui ont des douleurs extr\u00eames durant mes menstruations. Il m\u2019est d\u00e9j\u00e0 arriv\u00e9 de me tordre de douleurs et de vomir avant de me rendre en cours. Et d\u2019\u00eatre pourtant oblig\u00e9e d\u2019y aller sous peine d\u2019absence injustifi\u00e9e. Ce cong\u00e9 menstruel va en soulager plus d\u2019une sur le plan physique, mais aussi psychologique, puisque ce sera une charge mentale en moins chaque mois \u00ab\u00a0.<\/p>\n<p>M\u00eame constat pour Samar, 20 ans, \u00e9tudiante \u00e0 Toulon qui salue \u00ab\u00a0une d\u00e9cision qui va dans le sens du progr\u00e8s. Ces douleurs menstruelles sont beaucoup trop minimis\u00e9es \u00e0 l\u2019\u00e9cole et dans le monde du travail. La mise en place de ce cong\u00e9 dans le cadre universitaire est un changement positif\u00a0\u00bb.<\/p>\n<p>\u00a0<\/p>\n<p>1. Pour rappel, l\u2019universit\u00e9 de Toulon est repr\u00e9sent\u00e9e sur 3 campus dans le Var: La Garde &#8211; La Valette, Porte d\u2019Italie &#8211; Toulon et Draguignan.<\/p>\n<p>2. Il regroupe notamment des \u00e9tudiants et enseignants.<\/p>\n","protected":false},"excerpt":{"rendered":"C\u2019est une d\u00e9cision qui va marquer un tournant dans la vie de nombreuses \u00e9tudiantes. L\u2019universit\u00e9 de Toulon (1)&hellip;\n","protected":false},"author":2,"featured_media":255413,"comment_status":"","ping_status":"","sticky":false,"template":"","format":"standard","meta":{"footnotes":""},"categories":[9619],"tags":[1111,11,1777,674,1011,27,4075,12,882,25,71,2310],"class_list":{"0":"post-255412","1":"post","2":"type-post","3":"status-publish","4":"format-standard","5":"has-post-thumbnail","7":"category-toulon","8":"tag-actu","9":"tag-actualites","10":"tag-eu","11":"tag-europe","12":"tag-fr","13":"tag-france","14":"tag-jeunesse","15":"tag-news","16":"tag-provence-alpes-cote-dazur","17":"tag-republique-francaise","18":"tag-sante","19":"tag-toulon"},"share_on_mastodon":{"url":"https:\/\/pubeurope.com\/@fr\/114872062063586563","error":""},"_links":{"self":[{"href":"https:\/\/www.europesays.com\/fr\/wp-json\/wp\/v2\/posts\/255412","targetHints":{"allow":["GET"]}}],"collection":[{"href":"https:\/\/www.europesays.com\/fr\/wp-json\/wp\/v2\/posts"}],"about":[{"href":"https:\/\/www.europesays.com\/fr\/wp-json\/wp\/v2\/types\/post"}],"author":[{"embeddable":true,"href":"https:\/\/www.europesays.com\/fr\/wp-json\/wp\/v2\/users\/2"}],"replies":[{"embeddable":true,"href":"https:\/\/www.europesays.com\/fr\/wp-json\/wp\/v2\/comments?post=255412"}],"version-history":[{"count":0,"href":"https:\/\/www.europesays.com\/fr\/wp-json\/wp\/v2\/posts\/255412\/revisions"}],"wp:featuredmedia":[{"embeddable":true,"href":"https:\/\/www.europesays.com\/fr\/wp-json\/wp\/v2\/media\/255413"}],"wp:attachment":[{"href":"https:\/\/www.europesays.com\/fr\/wp-json\/wp\/v2\/media?parent=255412"}],"wp:term":[{"taxonomy":"category","embeddable":true,"href":"https:\/\/www.europesays.com\/fr\/wp-json\/wp\/v2\/categories?post=255412"},{"taxonomy":"post_tag","embeddable":true,"href":"https:\/\/www.europesays.com\/fr\/wp-json\/wp\/v2\/tags?post=255412"}],"curies":[{"name":"wp","href":"https:\/\/api.w.org\/{rel}","templated":true}]}}