{"id":255414,"date":"2025-07-18T03:15:11","date_gmt":"2025-07-18T03:15:11","guid":{"rendered":"https:\/\/www.europesays.com\/fr\/255414\/"},"modified":"2025-07-18T03:15:11","modified_gmt":"2025-07-18T03:15:11","slug":"lafficheur-varois-michel-ange-flori-de-nouveau-poursuivi-a-toulon-pour-incitation-a-la-haine-antisemite","status":"publish","type":"post","link":"https:\/\/www.europesays.com\/fr\/255414\/","title":{"rendered":"L\u2019afficheur varois Michel-Ange Flori de nouveau poursuivi \u00e0 Toulon pour incitation \u00e0 la haine antis\u00e9mite"},"content":{"rendered":"<p>L\u2019afficheur varois Michel-Ange Flori fait \u00e0 nouveau l\u2019objet de poursuites devant le tribunal correctionnel de Toulon. Son proc\u00e8s doit se tenir le 10 septembre, a annonc\u00e9 ce jeudi Samuel Finielz, procureur de la R\u00e9publique de Toulon. C\u2019est un visuel repr\u00e9sentant un missile dont la t\u00eate a \u00e9t\u00e9 remplac\u00e9e par la caricature d\u2019un rabbin qui vaut \u00e0 l\u2019afficheur d\u2019\u00eatre cit\u00e9 \u00e0 compara\u00eetre pour \u00ab\u00a0provocation publique \u00e0 la haine ou \u00e0 la violence en raison de la religion\u00a0\u00bb.<\/p>\n<p>Cette image a \u00e9t\u00e9 diffus\u00e9e en juin (et supprim\u00e9e depuis) sur des r\u00e9seaux sociaux et placard\u00e9e sur deux panneaux publicitaires, \u00e0 Toulon et \u00e0 La Seyne, que leur propri\u00e9taire Michel-Ange Flori a transform\u00e9 en espaces d\u2019expression personnelle. Avec ce titre: \u00ab\u00a0Missile rabbin pour \u00e9coles, h\u00f4pitaux, etc.\u00a0\u00bb<\/p>\n<p>D\u00e9non\u00e7ant \u00a0\u00bb une caricature antis\u00e9mite\u00a0\u00bb et \u00a0\u00bb un appel \u00e0 la violence\u00a0\u00bb, l\u2019Observatoire juif de France et la Licra avaient <a href=\"https:\/\/www.varmatin.com\/faits-divers\/nouvelle-plainte-a-l-encontre-de-l-afficheur-michel-ange-flori-991174?t=1752764670\" rel=\"nofollow noopener\" target=\"_blank\">port\u00e9 plainte dans la foul\u00e9e<\/a>. Le pr\u00e9fet du Var a quant \u00e0 lui effectu\u00e9 un signalement aupr\u00e8s du procureur de la R\u00e9publique de Toulon. Le parquet \u00e9voque \u00e9galement des signalements du p\u00f4le national de la lutte contre la haine en ligne du parquet de Paris, de la commune de La Seyne et \u00a0\u00bb de particuliers\u00a0\u00bb.<\/p>\n<p>De quoi ouvrir une enqu\u00eate confi\u00e9e \u00e0 la police judiciaire de Toulon.<\/p>\n<p>Un autre proc\u00e8s \u00e0 Aix-en-Provence<\/p>\n<p>Ce n\u2019est pas la premi\u00e8re fois que l\u2019afficheur, qui multiplie les prises de position dans le contexte de la guerre Isra\u00ebl-Hamas, est tax\u00e9 d\u2019incitation \u00e0 la haine antis\u00e9mite \u2013 ce qu\u2019il conteste. Michel-Ange Flori avait comparu en mars devant le tribunal correctionnel de Toulon \u00e0 la suite de la publication d\u2019une affiche baptis\u00e9e \u00ab\u00a0Rabbi Macron\u00a0\u00bb. Il lui \u00e9tait reproch\u00e9 de n\u2019avoir pas mod\u00e9r\u00e9 des commentaires antijuifs suscit\u00e9s par cette publication sur ses r\u00e9seaux sociaux.<\/p>\n<p>\u00a0\u00bb Je suis scandalis\u00e9 qu\u2019on poursuive quelqu\u2019un qui s\u2019exprime par le biais d\u2019affiches pour d\u00e9noncer un g\u00e9nocide (\u2026) Alors quand on dit \u00e7a, on favorise l\u2019antis\u00e9mitisme?\u00a0\u00bb, avait r\u00e9agi Michel-Ange Flori \u00e0 la barre du tribunal.<\/p>\n<p>Dans cette affaire, l\u2019afficheur satirique a b\u00e9n\u00e9fici\u00e9 <a href=\"https:\/\/www.varmatin.com\/justice\/l-afficheur-flori-relaxe-par-le-tribunal-de-toulon-979893\" rel=\"nofollow noopener\" target=\"_blank\">d\u2019une relaxe<\/a>. Le parquet de Toulon a cependant fait appel de cette d\u00e9cision. Un nouveau proc\u00e8s devrait donc se tenir dans les prochains mois \u00e0 Aix-en-Provence.<\/p>\n<p>\u00a0<\/p>\n","protected":false},"excerpt":{"rendered":"L\u2019afficheur varois Michel-Ange Flori fait \u00e0 nouveau l\u2019objet de poursuites devant le tribunal correctionnel de Toulon. Son proc\u00e8s&hellip;\n","protected":false},"author":2,"featured_media":255415,"comment_status":"","ping_status":"","sticky":false,"template":"","format":"standard","meta":{"footnotes":""},"categories":[9619],"tags":[1111,11,1777,674,1011,27,303,12,882,25,2310],"class_list":{"0":"post-255414","1":"post","2":"type-post","3":"status-publish","4":"format-standard","5":"has-post-thumbnail","7":"category-toulon","8":"tag-actu","9":"tag-actualites","10":"tag-eu","11":"tag-europe","12":"tag-fr","13":"tag-france","14":"tag-justice","15":"tag-news","16":"tag-provence-alpes-cote-dazur","17":"tag-republique-francaise","18":"tag-toulon"},"share_on_mastodon":{"url":"https:\/\/pubeurope.com\/@fr\/114872065947785495","error":""},"_links":{"self":[{"href":"https:\/\/www.europesays.com\/fr\/wp-json\/wp\/v2\/posts\/255414","targetHints":{"allow":["GET"]}}],"collection":[{"href":"https:\/\/www.europesays.com\/fr\/wp-json\/wp\/v2\/posts"}],"about":[{"href":"https:\/\/www.europesays.com\/fr\/wp-json\/wp\/v2\/types\/post"}],"author":[{"embeddable":true,"href":"https:\/\/www.europesays.com\/fr\/wp-json\/wp\/v2\/users\/2"}],"replies":[{"embeddable":true,"href":"https:\/\/www.europesays.com\/fr\/wp-json\/wp\/v2\/comments?post=255414"}],"version-history":[{"count":0,"href":"https:\/\/www.europesays.com\/fr\/wp-json\/wp\/v2\/posts\/255414\/revisions"}],"wp:featuredmedia":[{"embeddable":true,"href":"https:\/\/www.europesays.com\/fr\/wp-json\/wp\/v2\/media\/255415"}],"wp:attachment":[{"href":"https:\/\/www.europesays.com\/fr\/wp-json\/wp\/v2\/media?parent=255414"}],"wp:term":[{"taxonomy":"category","embeddable":true,"href":"https:\/\/www.europesays.com\/fr\/wp-json\/wp\/v2\/categories?post=255414"},{"taxonomy":"post_tag","embeddable":true,"href":"https:\/\/www.europesays.com\/fr\/wp-json\/wp\/v2\/tags?post=255414"}],"curies":[{"name":"wp","href":"https:\/\/api.w.org\/{rel}","templated":true}]}}