{"id":255430,"date":"2025-07-18T03:34:09","date_gmt":"2025-07-18T03:34:09","guid":{"rendered":"https:\/\/www.europesays.com\/fr\/255430\/"},"modified":"2025-07-18T03:34:09","modified_gmt":"2025-07-18T03:34:09","slug":"la-ville-de-nice-souhaite-creer-son-reseau-de-commercants-vigilants-pour-lutter-contre-la-delinquance-une-premiere-experimentation-lancee","status":"publish","type":"post","link":"https:\/\/www.europesays.com\/fr\/255430\/","title":{"rendered":"La Ville de Nice souhaite cr\u00e9er son r\u00e9seau de \u00ab\u00a0commer\u00e7ants vigilants\u00a0\u00bb pour lutter contre la d\u00e9linquance, une premi\u00e8re exp\u00e9rimentation lanc\u00e9e"},"content":{"rendered":"<p>Phase de test bient\u00f4t lanc\u00e9e pour ce nouveau dispositif. La Ville de Nice souhaite cr\u00e9er son r\u00e9seau de Commer\u00e7ants vigilants, comme cela se fait d\u00e9j\u00e0 ailleurs en France, et appelle les commer\u00e7ants \u00e0 s\u2019organiser. Cette d\u00e9marche s\u2019inspire du dispositif Voisins vigilants, qui existe depuis le d\u00e9but des ann\u00e9es 2000. Le r\u00e9seau vise \u00e0 cr\u00e9er une communaut\u00e9 de r\u00e9sidents d\u2019un quartier, en lien avec la mairie et les autorit\u00e9s. \u00ab\u00a0Les Voisins vigilants sont des interlocuteurs privil\u00e9gi\u00e9s et nous remontent des informations et les probl\u00e8mes. Et \u00e7a fonctionne\u00a0\u00bb, contextualise Anthony Borr\u00e9, premier adjoint au maire d\u00e9l\u00e9gu\u00e9 \u00e0 la S\u00e9curit\u00e9. C\u2019est donc exactement sur ce mod\u00e8le que souhaite se calquer la Ville pour cr\u00e9er son r\u00e9seau de commer\u00e7ants, appel\u00e9 \u00ab\u00a0VigiCommerce\u00a0\u00bb.<\/p>\n<p>\u00ab\u00a0Des vigies du quartier\u00a0\u00bb<\/p>\n<p>\u00ab\u00a0L\u2019id\u00e9e, c\u2019est que les commer\u00e7ants soient des relais de terrain, dans les deux sens. Par exemple, nous sommes inform\u00e9s d\u2019un vol \u00e0 l\u2019\u00e9talage dans le quartier, nous faisons passer l\u2019information \u00e0 ce repr\u00e9sentant pour qu\u2019il invite son secteur \u00e0 \u00eatre vigilant. Et lui peut aussi nous faire remonter des informations. Ce seront des vigies du quartier\u00a0\u00bb, explique le bras droit de Christian Estrosi, qui esp\u00e8re des actions et des interpellations plus rapides et efficaces.<\/p>\n<p>Dans le Vieux-Nice, les commer\u00e7ants avaient d\u00e9j\u00e0 mis en place ce genre d\u2019initiative, qui sera d\u00e9sormais formalis\u00e9e. \u00ab\u00a0Nous avons un groupe WhatsApp et des repr\u00e9sentants dans chaque rue. Nous sommes 750 commer\u00e7ants et on s\u2019entraide tous, comme une famille\u00a0\u00bb, assure Jean-Pierre Lellouche, pr\u00e9sident de l\u2019association des commer\u00e7ants du Vieux-Nice.<\/p>\n<p>Le dispositif a \u00e9t\u00e9 lanc\u00e9 \u00ab\u00a0en phase pilote\u00a0\u00bb jusqu\u2019\u00e0 fin d\u00e9cembre. Les commer\u00e7ants sont appel\u00e9s \u00e0 s\u2019organiser et proposer un ou plusieurs r\u00e9f\u00e9rents par secteur. Les commerces participants afficheront un sticker VigiCommerce sur leur vitrine. Tous seront reli\u00e9s entre eux et avec la police municipale par une boucle WhatsApp pour faciliter et acc\u00e9l\u00e9rer les interventions. Pour l\u2019exp\u00e9rimentation, Anthony Borr\u00e9 pense au quartier de l\u2019hypercentre, mais pr\u00e9f\u00e8re en discuter avec les int\u00e9ress\u00e9s. Si le bilan est positif, il esp\u00e8re pouvoir \u00e9largir le dispositif \u00e0 l\u2019ensemble de la cit\u00e9 d\u00e9but 2026.<\/p>\n<p>D\u00e9j\u00e0 de nombreux moyens de s\u00e9curit\u00e9<\/p>\n<p>VigiCommerce vient donc s\u2019ajouter \u00e0 la liste des outils mis \u00e0 disposition pour la s\u00e9curit\u00e9 des commerces. La Ville propose en effet des audits de s\u00e9curit\u00e9 gratuits, des alertes SMS en temps r\u00e9el en cas de risques dans les quartiers et des boutons d\u2019alerte reli\u00e9s \u00e0 la police municipale, dont 500 commerces sont \u00e9quip\u00e9s. Des formations sont \u00e9galement offertes aux commer\u00e7ants qui le souhaitent, notamment pour apprendre \u00e0 faire face \u00e0 une agression.<\/p>\n","protected":false},"excerpt":{"rendered":"Phase de test bient\u00f4t lanc\u00e9e pour ce nouveau dispositif. La Ville de Nice souhaite cr\u00e9er son r\u00e9seau de&hellip;\n","protected":false},"author":2,"featured_media":255431,"comment_status":"","ping_status":"","sticky":false,"template":"","format":"standard","meta":{"footnotes":""},"categories":[2819],"tags":[1111,11,1777,674,1011,27,12,2401,882,25,656],"class_list":{"0":"post-255430","1":"post","2":"type-post","3":"status-publish","4":"format-standard","5":"has-post-thumbnail","7":"category-nice","8":"tag-actu","9":"tag-actualites","10":"tag-eu","11":"tag-europe","12":"tag-fr","13":"tag-france","14":"tag-news","15":"tag-nice","16":"tag-provence-alpes-cote-dazur","17":"tag-republique-francaise","18":"tag-securite"},"share_on_mastodon":{"url":"https:\/\/pubeurope.com\/@fr\/114872140607356155","error":""},"_links":{"self":[{"href":"https:\/\/www.europesays.com\/fr\/wp-json\/wp\/v2\/posts\/255430","targetHints":{"allow":["GET"]}}],"collection":[{"href":"https:\/\/www.europesays.com\/fr\/wp-json\/wp\/v2\/posts"}],"about":[{"href":"https:\/\/www.europesays.com\/fr\/wp-json\/wp\/v2\/types\/post"}],"author":[{"embeddable":true,"href":"https:\/\/www.europesays.com\/fr\/wp-json\/wp\/v2\/users\/2"}],"replies":[{"embeddable":true,"href":"https:\/\/www.europesays.com\/fr\/wp-json\/wp\/v2\/comments?post=255430"}],"version-history":[{"count":0,"href":"https:\/\/www.europesays.com\/fr\/wp-json\/wp\/v2\/posts\/255430\/revisions"}],"wp:featuredmedia":[{"embeddable":true,"href":"https:\/\/www.europesays.com\/fr\/wp-json\/wp\/v2\/media\/255431"}],"wp:attachment":[{"href":"https:\/\/www.europesays.com\/fr\/wp-json\/wp\/v2\/media?parent=255430"}],"wp:term":[{"taxonomy":"category","embeddable":true,"href":"https:\/\/www.europesays.com\/fr\/wp-json\/wp\/v2\/categories?post=255430"},{"taxonomy":"post_tag","embeddable":true,"href":"https:\/\/www.europesays.com\/fr\/wp-json\/wp\/v2\/tags?post=255430"}],"curies":[{"name":"wp","href":"https:\/\/api.w.org\/{rel}","templated":true}]}}