{"id":255432,"date":"2025-07-18T03:36:29","date_gmt":"2025-07-18T03:36:29","guid":{"rendered":"https:\/\/www.europesays.com\/fr\/255432\/"},"modified":"2025-07-18T03:36:29","modified_gmt":"2025-07-18T03:36:29","slug":"2-ans-de-prison-avec-sursis-pour-le-medecin-qui-avait-prescrit-plus-de-500-fois-la-drogue-du-pauvre","status":"publish","type":"post","link":"https:\/\/www.europesays.com\/fr\/255432\/","title":{"rendered":"2 ans de prison avec sursis pour le m\u00e9decin qui avait prescrit plus de 500 fois la \u00abdrogue du pauvre\u00bb"},"content":{"rendered":"<p>Un praticien sexag\u00e9naire a \u00e9t\u00e9 condamn\u00e9 mercredi pour des prescriptions indues de pr\u00e9gabaline. Il devrait \u00e9galement verser une amende de 50.000 euros.<\/p>\n<p class=\"fig-paragraph\">\u00c0\u00a0<a href=\"https:\/\/www.lefigaro.fr\/nantes\" target=\"_blank\" data-fig-type=\"Section\" rel=\"noopener nofollow\" data-gtm-custom-categorie=\"navigation\" data-gtm-custom-action=\"crossclick\" data-gtm-custom-label=\"Contextuel\" data-gtm-event=\"customEventSPE\" data-fig-domain=\"LEFIGARO\">Nantes<\/a>\u00a0(Loire-Atlantique), un m\u00e9decin a \u00e9t\u00e9 condamn\u00e9 mercredi par le tribunal correctionnel \u00e0 deux ans de prison avec sursis, assortis d\u2019une interdiction d\u2019exercer pendant cinq ans, pour avoir d\u00e9livr\u00e9 ind\u00fbment 541 prescriptions\u00a0<a href=\"https:\/\/www.lefigaro.fr\/actualite-france\/a-barbes-en-plaquettes-ou-en-comprimes-a-l-unite-la-pregabaline-se-vend-dans-la-rue-et-part-comme-des-petits-pains-20240307\" target=\"_blank\" data-fig-type=\"Article\" rel=\"noopener nofollow\" data-gtm-custom-categorie=\"navigation\" data-gtm-custom-action=\"crossclick\" data-gtm-custom-label=\"Contextuel\" data-gtm-event=\"customEventSPE\" data-fig-domain=\"LEFIGARO\">de pr\u00e9gabaline<\/a>, un anti-\u00e9pileptique fr\u00e9quemment d\u00e9tourn\u00e9 comme substance stup\u00e9fiante et surnomm\u00e9e la \u00abdrogue du pauvre\u00bb. Jug\u00e9 entre autres pour escroquerie, prescription non-conforme d\u2019un m\u00e9dicament class\u00e9 comme stup\u00e9fiant et mise en danger d\u2019autrui, le m\u00e9decin de 62 ans \u00e9tait soup\u00e7onn\u00e9\u00a0<a href=\"http:\/\/www.lefigaro.fr\/nantes\/nantes-un-medecin-arrete-apres-avoir-prescrit-de-la-pregabaline-la-drogue-du-pauvre-a-plus-de-100-patients-20241120\" target=\"_blank\" data-fig-type=\"NewsFlash\" rel=\"noopener nofollow\" data-gtm-custom-categorie=\"navigation\" data-gtm-custom-action=\"crossclick\" data-gtm-custom-label=\"Contextuel\" data-gtm-event=\"customEventSPE\" data-fig-domain=\"LEFIGARO\">d\u2019avoir d\u00e9livr\u00e9 ses prescriptions indues \u00e0 106 patients<\/a>. Il a \u00e9galement \u00e9t\u00e9 condamn\u00e9 \u00e0 une amende de 50.000 euros.<\/p>\n<p class=\"fig-paragraph\">Face au tribunal, le m\u00e9decin g\u00e9n\u00e9raliste a affirm\u00e9 avoir d\u00e9livr\u00e9 des ordonnances \u00aben attendant que le patient soit pris en charge\u00bb par un addictologue: \u00abLe sevrage brutal peut entra\u00eener des crises convulsives\u00bb, a-t-il soulign\u00e9. Il a \u00e9galement expliqu\u00e9 avoir fait l\u2019objet de menaces de la part de patients. \u00abOn sait que dans l\u2019\u00e9tat de manque il y a des risques d\u2019impulsivit\u00e9. J\u2019ai pu faire la prescription pour prot\u00e9ger mon int\u00e9grit\u00e9 physique\u00bb, a-t-il affirm\u00e9, veste beige, cheveux bruns coiff\u00e9s en arri\u00e8re. Le m\u00e9decin a regrett\u00e9 \u00e0 la barre de ne pas avoir formul\u00e9 \u00abun appel \u00e0 l\u2019aide n\u00e9cessaire\u00bb aupr\u00e8s des autorit\u00e9s.<\/p>\n<p>                                    <a class=\"fig-a11y-skip a11y-hidden\" href=\"#fig-a11y-skip-main-inarticle\"><br \/>\n        Passer la publicit\u00e9<br \/>\n    <\/a><\/p>\n<p>Urgences d\u00e9bord\u00e9es<\/p>\n<p class=\"fig-paragraph\">Plusieurs patients ayant re\u00e7u des prescriptions \u00e0 r\u00e9p\u00e9tition entre 2021 et 2023 ont \u00e9t\u00e9 entendus lors de l\u2019enqu\u00eate, expliquant avoir souffert d\u2019addiction et avoir connu ce praticien par le bouche-\u00e0-oreille. D\u2019apr\u00e8s l\u2019enqu\u00eate, le m\u00e9decin a prescrit dans certains cas des doses deux fois sup\u00e9rieures \u00e0 la posologie maximale. Son avocat, Ma\u00eetre Matthieu Creach, avait demand\u00e9 au tribunal de ne pas prononcer d\u2019interdiction d\u2019exercer, soulignant que les 541 ordonnances repr\u00e9sentaient \u00abune goutte dans la pratique\u00bb de ce m\u00e9decin r\u00e9pondant pr\u00e9sent aupr\u00e8s d\u2019une patient\u00e8le d\u00e9favoris\u00e9e quand \u00ables cr\u00e9neaux\u00a0<a href=\"http:\/\/www.lefigaro.fr\/societes\/vous-etes-eligible-a-un-remboursement-attention-a-cette-nouvelle-arnaque-qui-cible-doctolib-20250710\" target=\"_blank\" data-fig-type=\"Article\" rel=\"noopener nofollow\" data-gtm-custom-categorie=\"navigation\" data-gtm-custom-action=\"crossclick\" data-gtm-custom-label=\"Contextuel\" data-gtm-event=\"customEventSPE\" data-fig-domain=\"LEFIGARO\">Doctolib<\/a> \u00a0sont pleins et les urgences d\u00e9bord\u00e9es\u00bb.<\/p>\n<p class=\"fig-paragraph\">Sollicit\u00e9 par Le Figaro, l\u2019avocat du mis en cause annonce, jeudi, faire appel de la peine. \u00abMon client ressent beaucoup d\u2019amertume au regard de la d\u00e9cision rendue, indique Matthieu Creach. L\u2019interdiction d\u2019exercer jusqu\u2019\u00e0 la retraite revient \u00e0 une mort sociale \u00e0 laquelle il ne peut se r\u00e9signer au regard de sa vie pass\u00e9e \u00e0 s\u2019investir pour sa profession et pour la m\u00e9decine\u00bb.\u00a0<\/p>\n<p class=\"fig-body-link\">\n            \u00c0 lire aussi<br \/>\n        <a class=\"fig-body-link__link\" href=\"http:\/\/www.lefigaro.fr\/nantes\/apres-leur-disparition-inquietante-retour-a-nantes-pour-deux-adolescentes-retrouvees-a-marseille-et-en-espagne-20250716\" target=\"_blank\" data-fig-type=\"NewsFlash\" rel=\"noopener nofollow\" data-gtm-custom-categorie=\"navigation\" data-gtm-custom-action=\"crossclick\" data-gtm-custom-label=\"Contextuel\" data-gtm-event=\"customEventSPE\" data-fig-domain=\"LEFIGARO\">Apr\u00e8s leur disparition inqui\u00e9tante, retour \u00e0 Nantes pour deux adolescentes retrouv\u00e9es \u00e0 Marseille et en Espagne<br \/>\n    <\/a>\n<\/p>\n<p class=\"fig-paragraph\">Le m\u00e9decin avait d\u00e9j\u00e0 fait l\u2019objet de mises en garde du conseil de l\u2019Ordre des m\u00e9decins de Loire-Atlantique &#8211; partie civile au proc\u00e8s &#8211; quant \u00e0 ses prescriptions d\u2019un opio\u00efde en 2011, puis d\u2019un m\u00e9dicament de substitution \u00e0 l\u2019h\u00e9ro\u00efne en 2017. Fin 2023, des pharmaciens nantais avaient fait part aux autorit\u00e9s de leurs doutes quant \u00e0 la r\u00e9gularit\u00e9 d\u2019ordonnances de pr\u00e9gabaline, \u00e9manant d\u2019un m\u00eame m\u00e9decin. Il a \u00e9t\u00e9 identifi\u00e9 par la Caisse primaire d\u2019assurance maladie (CPAM), \u00e9galement partie civile, comme le plus grand prescripteur dans les Pays de la Loire.<\/p>\n<p class=\"fig-paragraph\">Commercialis\u00e9e\u00a0<a href=\"http:\/\/www.lefigaro.fr\/flash-actu\/c-est-le-medicament-le-plus-accessible-sur-le-marche-de-rue-le-lyrica-anti-epileptique-de-plus-en-plus-detourne-20250619\" target=\"_blank\" data-fig-type=\"NewsFlash\" rel=\"noopener nofollow\" data-gtm-custom-categorie=\"navigation\" data-gtm-custom-action=\"crossclick\" data-gtm-custom-label=\"Contextuel\" data-gtm-event=\"customEventSPE\" data-fig-domain=\"LEFIGARO\">sous le nom de Lyrica<\/a>\u00a0depuis 20 ans en France et prescrite pour traiter notamment l\u2019\u00e9pilepsie et les douleurs neuropathiques, la pr\u00e9gabaline est depuis plusieurs ann\u00e9es d\u00e9tourn\u00e9e pour ses effets anxiolytiques et euphorisants. Face \u00e0 l\u2019augmentation des cas d\u2019abus, de d\u00e9pendance, de m\u00e9susage et d\u2019ordonnances falsifi\u00e9es, l\u2019Agence nationale de s\u00e9curit\u00e9 du m\u00e9dicament (ANSM) a restreint en mai 2021 les conditions de prescription de la pr\u00e9gabaline, qui fait d\u00e9sormais l\u2019objet d\u2019une ordonnance s\u00e9curis\u00e9e.<\/p>\n","protected":false},"excerpt":{"rendered":"Un praticien sexag\u00e9naire a \u00e9t\u00e9 condamn\u00e9 mercredi pour des prescriptions indues de pr\u00e9gabaline. Il devrait \u00e9galement verser une&hellip;\n","protected":false},"author":2,"featured_media":255433,"comment_status":"","ping_status":"","sticky":false,"template":"","format":"standard","meta":{"footnotes":""},"categories":[2818],"tags":[1111,11,1777,674,1011,27,303,766,12,2636,25],"class_list":{"0":"post-255432","1":"post","2":"type-post","3":"status-publish","4":"format-standard","5":"has-post-thumbnail","7":"category-nantes","8":"tag-actu","9":"tag-actualites","10":"tag-eu","11":"tag-europe","12":"tag-fr","13":"tag-france","14":"tag-justice","15":"tag-nantes","16":"tag-news","17":"tag-pays-de-la-loire","18":"tag-republique-francaise"},"share_on_mastodon":{"url":"https:\/\/pubeurope.com\/@fr\/114872148574728810","error":""},"_links":{"self":[{"href":"https:\/\/www.europesays.com\/fr\/wp-json\/wp\/v2\/posts\/255432","targetHints":{"allow":["GET"]}}],"collection":[{"href":"https:\/\/www.europesays.com\/fr\/wp-json\/wp\/v2\/posts"}],"about":[{"href":"https:\/\/www.europesays.com\/fr\/wp-json\/wp\/v2\/types\/post"}],"author":[{"embeddable":true,"href":"https:\/\/www.europesays.com\/fr\/wp-json\/wp\/v2\/users\/2"}],"replies":[{"embeddable":true,"href":"https:\/\/www.europesays.com\/fr\/wp-json\/wp\/v2\/comments?post=255432"}],"version-history":[{"count":0,"href":"https:\/\/www.europesays.com\/fr\/wp-json\/wp\/v2\/posts\/255432\/revisions"}],"wp:featuredmedia":[{"embeddable":true,"href":"https:\/\/www.europesays.com\/fr\/wp-json\/wp\/v2\/media\/255433"}],"wp:attachment":[{"href":"https:\/\/www.europesays.com\/fr\/wp-json\/wp\/v2\/media?parent=255432"}],"wp:term":[{"taxonomy":"category","embeddable":true,"href":"https:\/\/www.europesays.com\/fr\/wp-json\/wp\/v2\/categories?post=255432"},{"taxonomy":"post_tag","embeddable":true,"href":"https:\/\/www.europesays.com\/fr\/wp-json\/wp\/v2\/tags?post=255432"}],"curies":[{"name":"wp","href":"https:\/\/api.w.org\/{rel}","templated":true}]}}