{"id":255440,"date":"2025-07-18T03:40:11","date_gmt":"2025-07-18T03:40:11","guid":{"rendered":"https:\/\/www.europesays.com\/fr\/255440\/"},"modified":"2025-07-18T03:40:11","modified_gmt":"2025-07-18T03:40:11","slug":"la-meteo-de-ce-vendredi-a-toulouse-et-en-occitanie","status":"publish","type":"post","link":"https:\/\/www.europesays.com\/fr\/255440\/","title":{"rendered":"la m\u00e9t\u00e9o de ce vendredi \u00e0 Toulouse et en Occitanie"},"content":{"rendered":"<p>            Par<br \/>\n        <strong><br \/>\n            <a href=\"https:\/\/actu.fr\/auteur\/redaction-toulouse\" title=\"Consulter tous les articles de R\u00e9daction de Toulouse\" rel=\"nofollow noopener\" target=\"_blank\">R\u00e9daction de Toulouse<\/a><br \/>\n        <\/strong><\/p>\n<p>        Publi\u00e9 le<\/p>\n<p>            18 juil. 2025 \u00e0 5h04        <\/p>\n<p>Depuis le mercredi 16 juillet, le soleil brille sur <a href=\"https:\/\/actu.fr\/toulouse\/\" rel=\"nofollow noopener\" target=\"_blank\">Toulouse<\/a>, avec des temp\u00e9ratures au beau fixe. Pas d\u2019inqui\u00e9tude :<strong> le temps va rester cl\u00e9ment<\/strong> ce vendredi 18 juillet\u2026 en journ\u00e9e, en tout cas. Quelques nuages pars\u00e8meront le ciel dans la matin\u00e9e, mais ils s\u2019\u00e9chapperont rapidement, pour laisser place \u00e0 un grand ciel bleu dans l\u2019apr\u00e8s-midi et des temp\u00e9ratures atteignant les 34 degr\u00e9s entre 16 et 18 heures. L\u2019occasion de profiter du d\u00e9but du week-end dans la Ville rose.<\/p>\n<p class=\" wall-content\">Attention, cependant :<strong> le vent va se lever dans la soir\u00e9e<\/strong>, avec des rafales atteignant les 40 km\/h. C\u2019est le signe du risque d\u2019orages, qui pourraient frapper Toulouse dans la nuit du vendredi 18 au samedi 19 juillet.\u00a0<\/p>\n<p>    <img   decoding=\"async\" loading=\"lazy\" src=\"https:\/\/www.europesays.com\/fr\/wp-content\/uploads\/2025\/07\/meteo-toulouse-18-juillet-960x640.jpg\" alt=\"La m\u00e9t\u00e9o \u00e0 Toulouse ce vendredi 18 juillet.\" width=\"960\" height=\"640\"\/><br \/>\n    La m\u00e9t\u00e9o \u00e0 Toulouse ce vendredi 18 juillet. (\u00a9M\u00e9t\u00e9o France)Le soleil brille en Occitanie aussi<\/p>\n<p class=\" wall-content\">Dans le reste de la r\u00e9gion aussi, le soleil sera au rendez-vous durant l\u2019apr\u00e8s-midi apr\u00e8s une matin\u00e9e l\u00e9g\u00e8rement couverte. Les temp\u00e9ratures iront de 27 degr\u00e9s dans le sud-ouest du d\u00e9partement \u00e0 34\u00b0, en Aveyron, dans l\u2019Aude et \u00e0 Toulouse, et jusqu\u2019\u00e0 35\u00b0 \u00e0 <a href=\"https:\/\/actu.fr\/occitanie\/nimes_30189\" rel=\"nofollow noopener\" target=\"_blank\">N\u00eemes<\/a>.<\/p>\n<p>    <img   decoding=\"async\" loading=\"lazy\" src=\"https:\/\/www.europesays.com\/fr\/wp-content\/uploads\/2025\/07\/18-juillet-occitanie-960x640.jpg\" alt=\"La m\u00e9t\u00e9o en Occitanie ce vendredi 18 juillet.\" width=\"960\" height=\"640\"\/><br \/>\n    La m\u00e9t\u00e9o en Occitanie ce vendredi 18 juillet. (\u00a9M\u00e9t\u00e9o France)<\/p>\n<p class=\" wall-content\">Mais dans la nuit, place aux orages et \u00e0 la pluie dans toute la r\u00e9gion : le tonnerre pourrait frapper Auch, Toulouse, Carcassonne, Font-Romeu, Castres, Albi, Rodez et Saint-Affrique, sans oublier Montauban. Ils pourraient cependant \u00e9pargner Saint-Gaudens et Tarbes.\u00a0<\/p>\n<p>Vid\u00e9os : en ce moment sur Actu<\/p>\n<p class=\" wall-content\">Suivez toute l\u2019actualit\u00e9 de vos villes et m\u00e9dias favoris en vous inscrivant \u00e0 <a href=\"https:\/\/moncompte.actu.fr\" title=\"D\u00e9couvez Mon Actu\" rel=\"nofollow noopener\" data-trk=\"{&quot;cta&quot;:{&quot;action&quot;:&quot;https:\\\/\\\/moncompte.actu.fr&quot;,&quot;category&quot;:&quot;mon compte&quot;,&quot;from&quot;:&quot;article footer&quot;,&quot;name&quot;:&quot;Mon actu&quot;,&quot;type&quot;:&quot;cta&quot;}}\" target=\"_blank\">Mon Actu<\/a>.<\/p>\n","protected":false},"excerpt":{"rendered":"Par R\u00e9daction de Toulouse Publi\u00e9 le 18 juil. 2025 \u00e0 5h04 Depuis le mercredi 16 juillet, le soleil&hellip;\n","protected":false},"author":2,"featured_media":255441,"comment_status":"","ping_status":"","sticky":false,"template":"","format":"standard","meta":{"footnotes":""},"categories":[2816],"tags":[1111,11,1777,674,1011,27,2487,2357,12,2680,4594,25,2312],"class_list":{"0":"post-255440","1":"post","2":"type-post","3":"status-publish","4":"format-standard","5":"has-post-thumbnail","7":"category-toulouse","8":"tag-actu","9":"tag-actualites","10":"tag-eu","11":"tag-europe","12":"tag-fr","13":"tag-france","14":"tag-meteo","15":"tag-meteo-france","16":"tag-news","17":"tag-occitanie","18":"tag-orages","19":"tag-republique-francaise","20":"tag-toulouse"},"share_on_mastodon":{"url":"https:\/\/pubeurope.com\/@fr\/114872164302598198","error":""},"_links":{"self":[{"href":"https:\/\/www.europesays.com\/fr\/wp-json\/wp\/v2\/posts\/255440","targetHints":{"allow":["GET"]}}],"collection":[{"href":"https:\/\/www.europesays.com\/fr\/wp-json\/wp\/v2\/posts"}],"about":[{"href":"https:\/\/www.europesays.com\/fr\/wp-json\/wp\/v2\/types\/post"}],"author":[{"embeddable":true,"href":"https:\/\/www.europesays.com\/fr\/wp-json\/wp\/v2\/users\/2"}],"replies":[{"embeddable":true,"href":"https:\/\/www.europesays.com\/fr\/wp-json\/wp\/v2\/comments?post=255440"}],"version-history":[{"count":0,"href":"https:\/\/www.europesays.com\/fr\/wp-json\/wp\/v2\/posts\/255440\/revisions"}],"wp:featuredmedia":[{"embeddable":true,"href":"https:\/\/www.europesays.com\/fr\/wp-json\/wp\/v2\/media\/255441"}],"wp:attachment":[{"href":"https:\/\/www.europesays.com\/fr\/wp-json\/wp\/v2\/media?parent=255440"}],"wp:term":[{"taxonomy":"category","embeddable":true,"href":"https:\/\/www.europesays.com\/fr\/wp-json\/wp\/v2\/categories?post=255440"},{"taxonomy":"post_tag","embeddable":true,"href":"https:\/\/www.europesays.com\/fr\/wp-json\/wp\/v2\/tags?post=255440"}],"curies":[{"name":"wp","href":"https:\/\/api.w.org\/{rel}","templated":true}]}}