{"id":255444,"date":"2025-07-18T03:44:22","date_gmt":"2025-07-18T03:44:22","guid":{"rendered":"https:\/\/www.europesays.com\/fr\/255444\/"},"modified":"2025-07-18T03:44:22","modified_gmt":"2025-07-18T03:44:22","slug":"chute-enquete-reaction-le-point-sur-la-mort-dun-nourrisson-a-la-maternite-2","status":"publish","type":"post","link":"https:\/\/www.europesays.com\/fr\/255444\/","title":{"rendered":"Chute, enqu\u00eate, r\u00e9action\u2026 Le point sur la mort d\u2019un nourrisson \u00e0 la maternit\u00e9"},"content":{"rendered":"<p>Quelles circonstances exactes ont conduit \u00e0 <a href=\"https:\/\/www.20minutes.fr\/faits_divers\/faits-divers-lille\/4163899-20250716-lille-nourrisson-meurt-apres-avoir-manipule-enfant-6-ans-maternite\" class=\"color-ultramarine c-link\" rel=\"nofollow noopener\" target=\"_blank\">la mort de Zayneb, une enfant n\u00e9e pr\u00e9matur\u00e9e \u00e0 la maternit\u00e9 de Lille<\/a>\u00a0? Le corps du <a href=\"https:\/\/www.20minutes.fr\/dossier\/bebe\" class=\"color-ultramarine c-link\" rel=\"nofollow noopener\" target=\"_blank\">b\u00e9b\u00e9 <\/a>de cinq jours a \u00e9t\u00e9 retrouv\u00e9 au sol dans le service n\u00e9onatologie le 11\u00a0juillet dernier. Le nourrisson est finalement d\u00e9c\u00e9d\u00e9 ce mardi.<\/p>\n<p>Alors qu\u2019une enqu\u00eate a \u00e9t\u00e9 ouverte, un enfant de 6 ans, qui aurait provoqu\u00e9 la chute du <a href=\"https:\/\/www.20minutes.fr\/dossier\/nourrisson\" class=\"color-ultramarine c-link\" rel=\"nofollow noopener\" target=\"_blank\">nourrisson<\/a>, est mis en cause dans ce drame. Requalification de l\u2019enqu\u00eate, enfant suspect\u00e9, r\u00e9actions et mesures prises par l\u2019h\u00f4pital\u2026 20 Minutes fait le point sur ce tragique d\u00e9c\u00e8s.<\/p>\n<p>Une enqu\u00eate judiciaire ouverte et autopsie<\/p>\n<p>L\u2019enqu\u00eate, initialement ouverte pour \u00ab\u00a0recherche des causes des blessures\u00a0\u00bb vendredi alors que le nourrisson \u00e9tait hospitalis\u00e9 en r\u00e9animation, a \u00e9t\u00e9 requalifi\u00e9e en \u00ab\u00a0recherche des causes de la mort\u00a0\u00bb apr\u00e8s que sont d\u00e9c\u00e8s a \u00e9t\u00e9 prononc\u00e9 ce mardi, pr\u00e9cise le parquet de <a href=\"https:\/\/www.20minutes.fr\/lille\/\" class=\"color-ultramarine c-link\" rel=\"nofollow noopener\" target=\"_blank\">Lille<\/a>.<\/p>\n<p>L\u2019autorit\u00e9 judiciaire ajoute qu\u2019une autopsie doit \u00eatre pratiqu\u00e9e ce jeudi sur le nourrisson. Celle-ci devrait permettre d\u2019\u00e9clairer la nature des blessures mortelles qu\u2019a subie la petite Zayneb.<\/p>\n<p>Une chute et un enfant de 6 ans suspect\u00e9<\/p>\n<p>Zayneb a \u00e9t\u00e9 retrouv\u00e9e inerte, au sol, dans une chambre de soins, par une autre m\u00e8re pr\u00e9sente dans le service, rapporte notamment <a href=\"https:\/\/www.lavoixdunord.fr\/1606995\/article\/2025-07-16\/ca-n-aurait-jamais-du-arriver-un-bebe-meurt-jeanne-de-flandres-apres-avoir-ete\" rel=\"nofollow noopener\" target=\"_blank\" class=\"color-ultramarine c-link\">La Voix du Nord<\/a>. D\u2019apr\u00e8s la famille qui suspecte une chute, elle aurait \u00e9t\u00e9 nue, le cr\u00e2ne ensanglant\u00e9, et sans \u00e9lectrodes.<\/p>\n<p>La famille du nourrisson affirme en outre qu\u2019un gar\u00e7on de 6 ans, fr\u00e8re d\u2019un autre b\u00e9b\u00e9 hospitalis\u00e9, serait entr\u00e9 seul dans la chambre de Zayneb et aurait caus\u00e9 la chute de la petite victime alors que sa m\u00e8re \u00e9tait en rendez-vous m\u00e9dical. Cet enfant aurait \u00e9t\u00e9 retrouv\u00e9 dans la pi\u00e8ce, assis sur une chaise, selon les proches, poursuit le quotidien nordiste.<\/p>\n<p>R\u00e9actions de la famille et mesures prises par le CHU<\/p>\n<p>\u00ab\u00a0C\u2019est de la tristesse et du d\u00e9go\u00fbt. C\u2019est un tout, en fait. Ce n\u2019est pas normal. Il y a une faille quelque part et on le sait tous\u00a0\u00bb, a d\u00e9clar\u00e9 le p\u00e8re du nourrisson, Mohamed-Hamza Ayadi, dans des propos rapport\u00e9s par <a href=\"https:\/\/www.franceinfo.fr\/faits-divers\/mort-d-un-bebe-premature-dans-une-maternite-de-lille-zayneb-a-ete-retrouvee-en-sang-au-sol-nue-et-sans-electrodes-raconte-la-cousine-du-pere-de-l-enfant_7382317.html\" rel=\"nofollow noopener\" target=\"_blank\" class=\"color-ultramarine c-link\">France Info<\/a>. \u00ab\u00a0Ma famille est d\u00e9truite\u00a0\u00bb, a-t-il encore ajout\u00e9, de la peine plein la voix, aupr\u00e8s du <a href=\"https:\/\/www.leparisien.fr\/faits-divers\/ma-famille-est-detruite-enquete-apres-la-chute-mortelle-dun-nourrisson-dans-une-maternite-16-07-2025-M3RU33QKKZH6JBQQ5AJ7EBZ6OQ.php\" rel=\"nofollow noopener\" target=\"_blank\" class=\"color-ultramarine c-link\">Parisien<\/a>.<\/p>\n<p>Une peine \u00e0 laquelle s\u2019associe l\u2019h\u00f4pital qui dans un communiqu\u00e9 rapport\u00e9 par La Voix du Nord parle d&rsquo;\u00ab\u00a0un \u00e9v\u00e9nement exceptionnel particuli\u00e8rement grave et bouleversant, non li\u00e9 aux soins mais survenu au sein des locaux de l\u2019h\u00f4pital\u00a0\u00bb.<\/p>\n<\/p>\n<p>Le m\u00eame texte indique que \u00ab\u00a0des mesures de stricte limitation des visites au sein des unit\u00e9s de n\u00e9onatologie du CHU de Lille ont \u00e9t\u00e9 prises \u00e0 titre conservatoire [\u2026] [et] seront maintenues tant que n\u00e9cessaire\u00a0\u00bb Aussi, un soutien psychologique a \u00e9t\u00e9 propos\u00e9 aux parents, \u00e0 la famille, et aux autres familles et professionnels.<\/p>\n","protected":false},"excerpt":{"rendered":"Quelles circonstances exactes ont conduit \u00e0 la mort de Zayneb, une enfant n\u00e9e pr\u00e9matur\u00e9e \u00e0 la maternit\u00e9 de&hellip;\n","protected":false},"author":2,"featured_media":255445,"comment_status":"","ping_status":"","sticky":false,"template":"","format":"standard","meta":{"footnotes":""},"categories":[2815],"tags":[1111,47,11,3493,4309,3348,1777,674,118,6711,1011,27,811,100,1307,15761,12,1308,1309,3494,25],"class_list":{"0":"post-255444","1":"post","2":"type-post","3":"status-publish","4":"format-standard","5":"has-post-thumbnail","7":"category-lille","8":"tag-actu","9":"tag-actualite","10":"tag-actualites","11":"tag-bebe","12":"tag-chu","13":"tag-drame","14":"tag-eu","15":"tag-europe","16":"tag-faits-divers","17":"tag-faits-divers-lille","18":"tag-fr","19":"tag-france","20":"tag-hauts-de-france","21":"tag-hopital","22":"tag-lille","23":"tag-maternite","24":"tag-news","25":"tag-nord","26":"tag-nord-pas-de-calais","27":"tag-nourrisson","28":"tag-republique-francaise"},"share_on_mastodon":{"url":"https:\/\/pubeurope.com\/@fr\/114872179959042524","error":""},"_links":{"self":[{"href":"https:\/\/www.europesays.com\/fr\/wp-json\/wp\/v2\/posts\/255444","targetHints":{"allow":["GET"]}}],"collection":[{"href":"https:\/\/www.europesays.com\/fr\/wp-json\/wp\/v2\/posts"}],"about":[{"href":"https:\/\/www.europesays.com\/fr\/wp-json\/wp\/v2\/types\/post"}],"author":[{"embeddable":true,"href":"https:\/\/www.europesays.com\/fr\/wp-json\/wp\/v2\/users\/2"}],"replies":[{"embeddable":true,"href":"https:\/\/www.europesays.com\/fr\/wp-json\/wp\/v2\/comments?post=255444"}],"version-history":[{"count":0,"href":"https:\/\/www.europesays.com\/fr\/wp-json\/wp\/v2\/posts\/255444\/revisions"}],"wp:featuredmedia":[{"embeddable":true,"href":"https:\/\/www.europesays.com\/fr\/wp-json\/wp\/v2\/media\/255445"}],"wp:attachment":[{"href":"https:\/\/www.europesays.com\/fr\/wp-json\/wp\/v2\/media?parent=255444"}],"wp:term":[{"taxonomy":"category","embeddable":true,"href":"https:\/\/www.europesays.com\/fr\/wp-json\/wp\/v2\/categories?post=255444"},{"taxonomy":"post_tag","embeddable":true,"href":"https:\/\/www.europesays.com\/fr\/wp-json\/wp\/v2\/tags?post=255444"}],"curies":[{"name":"wp","href":"https:\/\/api.w.org\/{rel}","templated":true}]}}