{"id":255457,"date":"2025-07-18T03:52:15","date_gmt":"2025-07-18T03:52:15","guid":{"rendered":"https:\/\/www.europesays.com\/fr\/255457\/"},"modified":"2025-07-18T03:52:15","modified_gmt":"2025-07-18T03:52:15","slug":"violent-incendie-a-paris-les-constructions-en-bois-sont-elles-dangereuses","status":"publish","type":"post","link":"https:\/\/www.europesays.com\/fr\/255457\/","title":{"rendered":"Violent incendie \u00e0 Paris\u00a0: les constructions en bois sont-elles dangereuses\u00a0?"},"content":{"rendered":"<p class=\"paragraph text_align_left lp-f-body-02\">Alors que la structure de cet immeuble avait \u00e9t\u00e9 pens\u00e9e en bois biosourc\u00e9, cet incident a relanc\u00e9 une question sensible : ces b\u00e2timents sont-ils suffisamment s\u00e9curis\u00e9s face au risque d\u2019incendie ? Une interrogation loin d\u2019\u00eatre anodine, alors que ce mat\u00e9riau est de plus en plus pris\u00e9 dans la capitale pour des raisons environnementales \u00e9videntes, et que les constructions se multiplient donc.<\/p>\n","protected":false},"excerpt":{"rendered":"Alors que la structure de cet immeuble avait \u00e9t\u00e9 pens\u00e9e en bois biosourc\u00e9, cet incident a relanc\u00e9 une&hellip;\n","protected":false},"author":2,"featured_media":255458,"comment_status":"","ping_status":"","sticky":false,"template":"","format":"standard","meta":{"footnotes":""},"categories":[1888],"tags":[1111,1928,11,1927,1777,674,1011,27,1944,12,1926,626,1925,25],"class_list":{"0":"post-255457","1":"post","2":"type-post","3":"status-publish","4":"format-standard","5":"has-post-thumbnail","7":"category-paris","8":"tag-actu","9":"tag-actu-paris","10":"tag-actualites","11":"tag-actualites-paris","12":"tag-eu","13":"tag-europe","14":"tag-fr","15":"tag-france","16":"tag-ma-ville","17":"tag-news","18":"tag-news-paris","19":"tag-paris","20":"tag-paris-news","21":"tag-republique-francaise"},"share_on_mastodon":{"url":"","error":""},"_links":{"self":[{"href":"https:\/\/www.europesays.com\/fr\/wp-json\/wp\/v2\/posts\/255457","targetHints":{"allow":["GET"]}}],"collection":[{"href":"https:\/\/www.europesays.com\/fr\/wp-json\/wp\/v2\/posts"}],"about":[{"href":"https:\/\/www.europesays.com\/fr\/wp-json\/wp\/v2\/types\/post"}],"author":[{"embeddable":true,"href":"https:\/\/www.europesays.com\/fr\/wp-json\/wp\/v2\/users\/2"}],"replies":[{"embeddable":true,"href":"https:\/\/www.europesays.com\/fr\/wp-json\/wp\/v2\/comments?post=255457"}],"version-history":[{"count":0,"href":"https:\/\/www.europesays.com\/fr\/wp-json\/wp\/v2\/posts\/255457\/revisions"}],"wp:featuredmedia":[{"embeddable":true,"href":"https:\/\/www.europesays.com\/fr\/wp-json\/wp\/v2\/media\/255458"}],"wp:attachment":[{"href":"https:\/\/www.europesays.com\/fr\/wp-json\/wp\/v2\/media?parent=255457"}],"wp:term":[{"taxonomy":"category","embeddable":true,"href":"https:\/\/www.europesays.com\/fr\/wp-json\/wp\/v2\/categories?post=255457"},{"taxonomy":"post_tag","embeddable":true,"href":"https:\/\/www.europesays.com\/fr\/wp-json\/wp\/v2\/tags?post=255457"}],"curies":[{"name":"wp","href":"https:\/\/api.w.org\/{rel}","templated":true}]}}