{"id":255469,"date":"2025-07-18T03:58:17","date_gmt":"2025-07-18T03:58:17","guid":{"rendered":"https:\/\/www.europesays.com\/fr\/255469\/"},"modified":"2025-07-18T03:58:17","modified_gmt":"2025-07-18T03:58:17","slug":"usa-la-chambre-des-representants-adopte-une-loi-sur-les-stablecoins-18-07-2025-a-0159","status":"publish","type":"post","link":"https:\/\/www.europesays.com\/fr\/255469\/","title":{"rendered":"USA-La Chambre des repr\u00e9sentants adopte une loi sur les stablecoins &#8211; 18\/07\/2025 \u00e0 01:59"},"content":{"rendered":"<p>\n par Chris Prentice et Hannah Lang\n<\/p>\n<p>\n La Chambre des repr\u00e9sentants a<br \/>\nadopt\u00e9 jeudi un projet de loi visant \u00e0 cr\u00e9er un cadre<br \/>\nr\u00e9glementaire pour les stablecoins adoss\u00e9s au dollar, soumettant<br \/>\nle projet de loi au pr\u00e9sident am\u00e9ricain Donald Trump pour qu&rsquo;il<br \/>\nle promulgue.\n<\/p>\n<p>\n Les membres de la Chambre des repr\u00e9sentants ont \u00e9galement<br \/>\nadopt\u00e9 deux autres projets de loi sur les crypto-monnaies, qui<br \/>\nont ensuite \u00e9t\u00e9 envoy\u00e9s au S\u00e9nat pour examen.\n<\/p>\n<p>\n Le projet de loi sur les stablecoins, connu sous le nom de<br \/>\nGenius Act, et le projet de loi sur la structure du march\u00e9 des<br \/>\ncrypto-monnaies, connu sous le nom de Clarity Act, ont tous deux<br \/>\nb\u00e9n\u00e9fici\u00e9 d&rsquo;un soutien bipartisan notable.\n<\/p>\n<p>\n Les d\u00e9mocrates se sont joints aux r\u00e9publicains pour adopter<br \/>\nle projet de loi Genius (Guiding and establishing national<br \/>\ninnovation for U.S. stablecoins) par 308 voix contre 122.\n<\/p>\n<p>\n S&rsquo;il est promulgu\u00e9, ce projet de loi exigera que les<br \/>\nstablecoins soient garantis par des actifs liquides &#8211; tels que<br \/>\ndes dollars am\u00e9ricains et des bons du Tr\u00e9sor \u00e0 court terme &#8211; et<br \/>\nque les \u00e9metteurs divulguent publiquement la composition de<br \/>\nleurs r\u00e9serves sur une base mensuelle.\n<\/p>\n<p>\n (Avec David Morgan et Douglas Gillison; version fran\u00e7aise<br \/>\nCamille Raynaud)<\/p>\n","protected":false},"excerpt":{"rendered":"par Chris Prentice et Hannah Lang La Chambre des repr\u00e9sentants a adopt\u00e9 jeudi un projet de loi visant&hellip;\n","protected":false},"author":2,"featured_media":2486,"comment_status":"","ping_status":"","sticky":false,"template":"","format":"standard","meta":{"footnotes":""},"categories":[1589],"tags":[400,11,398,408,405,73,1866,403,402,399,404,12,401,406,1864,1865,1863,308,407],"class_list":{"0":"post-255469","1":"post","2":"type-post","3":"status-publish","4":"format-standard","5":"has-post-thumbnail","7":"category-etats-unis","8":"tag-action-cac-40","9":"tag-actualites","10":"tag-bourse-de-paris","11":"tag-boursorama","12":"tag-cotations","13":"tag-etats-unis","14":"tag-etats-unis-damerique","15":"tag-indices-devises","16":"tag-investir","17":"tag-investissement","18":"tag-marche-boursier","19":"tag-news","20":"tag-sicav","21":"tag-trackers","22":"tag-united-states","23":"tag-united-states-of-america","24":"tag-us","25":"tag-usa","26":"tag-warrants"},"share_on_mastodon":{"url":"https:\/\/pubeurope.com\/@fr\/114872235012472926","error":""},"_links":{"self":[{"href":"https:\/\/www.europesays.com\/fr\/wp-json\/wp\/v2\/posts\/255469","targetHints":{"allow":["GET"]}}],"collection":[{"href":"https:\/\/www.europesays.com\/fr\/wp-json\/wp\/v2\/posts"}],"about":[{"href":"https:\/\/www.europesays.com\/fr\/wp-json\/wp\/v2\/types\/post"}],"author":[{"embeddable":true,"href":"https:\/\/www.europesays.com\/fr\/wp-json\/wp\/v2\/users\/2"}],"replies":[{"embeddable":true,"href":"https:\/\/www.europesays.com\/fr\/wp-json\/wp\/v2\/comments?post=255469"}],"version-history":[{"count":0,"href":"https:\/\/www.europesays.com\/fr\/wp-json\/wp\/v2\/posts\/255469\/revisions"}],"wp:featuredmedia":[{"embeddable":true,"href":"https:\/\/www.europesays.com\/fr\/wp-json\/wp\/v2\/media\/2486"}],"wp:attachment":[{"href":"https:\/\/www.europesays.com\/fr\/wp-json\/wp\/v2\/media?parent=255469"}],"wp:term":[{"taxonomy":"category","embeddable":true,"href":"https:\/\/www.europesays.com\/fr\/wp-json\/wp\/v2\/categories?post=255469"},{"taxonomy":"post_tag","embeddable":true,"href":"https:\/\/www.europesays.com\/fr\/wp-json\/wp\/v2\/tags?post=255469"}],"curies":[{"name":"wp","href":"https:\/\/api.w.org\/{rel}","templated":true}]}}