{"id":255474,"date":"2025-07-18T04:01:11","date_gmt":"2025-07-18T04:01:11","guid":{"rendered":"https:\/\/www.europesays.com\/fr\/255474\/"},"modified":"2025-07-18T04:01:11","modified_gmt":"2025-07-18T04:01:11","slug":"leurope-menace-teheran-de-sanctions-en-labsence-de-progres-sur-le-nucleaire","status":"publish","type":"post","link":"https:\/\/www.europesays.com\/fr\/255474\/","title":{"rendered":"l\u2019Europe menace T\u00e9h\u00e9ran de sanctions en l\u2019absence de progr\u00e8s sur le nucl\u00e9aire"},"content":{"rendered":"<p class=\"article-p mdl\">Les ministres des Affaires \u00e9trang\u00e8res de la France, de l\u2019Allemagne, du Royaume-Uni, et Kaja Kallas, cheffe de la diplomatie europ\u00e9enne, ont \u00e9chang\u00e9 avec leur homologue iranien, Abbas Araghchi, jeudi 17 juillet. Ils ont r\u00e9p\u00e9t\u00e9 leur <strong>\u00ab\u00a0d\u00e9termination\u00a0\u00bb \u00e0 r\u00e9activer les sanctions de l&rsquo;ONU<\/strong> s&rsquo;il n&rsquo;y a pas de progr\u00e8s dans les prochaines semaines vers un accord sur le programme nucl\u00e9aire de T\u00e9h\u00e9ran.\u00a0<\/p>\n<p class=\"article-p mdl\">Les dirigeants europ\u00e9ens mettent la pression sur T\u00e9h\u00e9ran pour tenter de convaincre l&rsquo;Iran de \u00ab\u00a0l&rsquo;<strong>urgence de reprendre sans d\u00e9lai la voie diplomatique<\/strong>, en vue de parvenir \u00e0 un accord robuste, v\u00e9rifiable et durable sur le programme nucl\u00e9aire iranien\u00a0\u00bb, objet de nombreuses sp\u00e9culations sur son \u00e9tat d&rsquo;avancement depuis\u00a0<a class=\"link\" href=\"https:\/\/www.rtl.fr\/actu\/international\/iran-un-nouveau-bilan-annonce-1-060-morts-apres-la-guerre-contre-israel-7900522109\" title=\"Iran : un nouveau bilan annonce 1.060 morts apr\u00e8s la guerre contre Isra\u00ebl\" target=\"_blank\" rel=\"noopener\">les frappes isra\u00e9liennes et am\u00e9ricaines<\/a>\u00a0du mois de juin.<\/p>\n<p class=\"article-p mdl\">La semaine derni\u00e8re, <strong>T\u00e9h\u00e9ran a mis en garde<\/strong>, estimant qu&rsquo;une r\u00e9activation de ces sanctions \u00ab\u00a0signifierait la fin du r\u00f4le de l&rsquo;Europe dans le dossier du nucl\u00e9aire iranien\u00a0\u00bb, alors que dans le m\u00eame temps une \u00e9ventuelle reprise des discussions entre\u00a0<a class=\"link\" href=\"https:\/\/www.rtl.fr\/actu\/international\/frappes-americaines-nous-ne-sommes-pas-en-guerre-avec-les-etats-unis-affirme-l-ambassadeur-d-iran-en-france-qui-denonce-une-agression-sur-rtl-7900518195\" title=\"Frappes am\u00e9ricaines : &quot;Nous ne sommes pas en guerre avec les \u00c9tats-Unis&quot;, affirme sur RTL l&#039;ambassadeur d&#039;Iran en France, qui d\u00e9nonce &quot;une agression&quot;\" target=\"_blank\" rel=\"noopener\">l&rsquo;Iran et les \u00c9tats-Unis<\/a>\u00a0reste en suspens.<\/p>\n<p class=\"article-p mdl\">Selon l&rsquo;Agence internationale de l&rsquo;\u00e9nergie atomique (AIEA), l&rsquo;Iran est l&rsquo;unique pays non dot\u00e9 de l&rsquo;arme nucl\u00e9aire \u00e0 enrichir de l&rsquo;uranium \u00e0 un niveau \u00e9lev\u00e9 (60%), bien au-del\u00e0 de la limite de 3,67% fix\u00e9e par l&rsquo;accord international conclu en 2015 avec les grandes puissances, dont les \u00c9tats-Unis se sont retir\u00e9s en 2018, lors du premier mandat de Donald Trump. Une telle escalade vers le taux de 90% n\u00e9cessaire \u00e0 la militarisation n&rsquo;a pas de justification civile, selon l&rsquo;agence internationale.\u00a0<\/p>\n<p class=\"s-newsletter__title\">\n                L\u2019actualit\u00e9 par la r\u00e9daction de RTL dans votre bo\u00eete mail.\n            <\/p>\n<p class=\"s-newsletter__subtitle\">\n                Gr\u00e2ce \u00e0 votre compte RTL abonnez-vous \u00e0 la newsletter RTL info pour suivre toute l&rsquo;actualit\u00e9 au quotidien\n            <\/p>\n<p>\n                                    Lire la suite\n                                <\/p>\n","protected":false},"excerpt":{"rendered":"Les ministres des Affaires \u00e9trang\u00e8res de la France, de l\u2019Allemagne, du Royaume-Uni, et Kaja Kallas, cheffe de la&hellip;\n","protected":false},"author":2,"featured_media":255475,"comment_status":"","ping_status":"","sticky":false,"template":"","format":"standard","meta":{"footnotes":""},"categories":[1586],"tags":[11,672,1777,674,107,1011,27,14,3019,12,5654,25,473],"class_list":{"0":"post-255474","1":"post","2":"type-post","3":"status-publish","4":"format-standard","5":"has-post-thumbnail","7":"category-europe","8":"tag-actualites","9":"tag-allemagne","10":"tag-eu","11":"tag-europe","12":"tag-fil-info","13":"tag-fr","14":"tag-france","15":"tag-international","16":"tag-iran","17":"tag-news","18":"tag-nucleaire","19":"tag-republique-francaise","20":"tag-royaume-uni"},"share_on_mastodon":{"url":"https:\/\/pubeurope.com\/@fr\/114872246857803913","error":""},"_links":{"self":[{"href":"https:\/\/www.europesays.com\/fr\/wp-json\/wp\/v2\/posts\/255474","targetHints":{"allow":["GET"]}}],"collection":[{"href":"https:\/\/www.europesays.com\/fr\/wp-json\/wp\/v2\/posts"}],"about":[{"href":"https:\/\/www.europesays.com\/fr\/wp-json\/wp\/v2\/types\/post"}],"author":[{"embeddable":true,"href":"https:\/\/www.europesays.com\/fr\/wp-json\/wp\/v2\/users\/2"}],"replies":[{"embeddable":true,"href":"https:\/\/www.europesays.com\/fr\/wp-json\/wp\/v2\/comments?post=255474"}],"version-history":[{"count":0,"href":"https:\/\/www.europesays.com\/fr\/wp-json\/wp\/v2\/posts\/255474\/revisions"}],"wp:featuredmedia":[{"embeddable":true,"href":"https:\/\/www.europesays.com\/fr\/wp-json\/wp\/v2\/media\/255475"}],"wp:attachment":[{"href":"https:\/\/www.europesays.com\/fr\/wp-json\/wp\/v2\/media?parent=255474"}],"wp:term":[{"taxonomy":"category","embeddable":true,"href":"https:\/\/www.europesays.com\/fr\/wp-json\/wp\/v2\/categories?post=255474"},{"taxonomy":"post_tag","embeddable":true,"href":"https:\/\/www.europesays.com\/fr\/wp-json\/wp\/v2\/tags?post=255474"}],"curies":[{"name":"wp","href":"https:\/\/api.w.org\/{rel}","templated":true}]}}