{"id":255480,"date":"2025-07-18T04:04:20","date_gmt":"2025-07-18T04:04:20","guid":{"rendered":"https:\/\/www.europesays.com\/fr\/255480\/"},"modified":"2025-07-18T04:04:20","modified_gmt":"2025-07-18T04:04:20","slug":"loewe-nouveau-sponsor-maillot-du-stade-malherbe-infos-match-billet-smc","status":"publish","type":"post","link":"https:\/\/www.europesays.com\/fr\/255480\/","title":{"rendered":"Loewe nouveau sponsor maillot du Stade Malherbe | infos match &#8211; billet SMC"},"content":{"rendered":"<p>                                        Partenaires<br \/>\n                        le 17\/07\/2025 \u00e0 18:00                    <\/p>\n<p>                <img loading=\"lazy\" decoding=\"async\" src=\"https:\/\/www.europesays.com\/fr\/wp-content\/uploads\/2025\/07\/site_3.png\" width=\"870\" height=\"550\" alt=\"\"\/>                            <\/p>\n<p style=\"text-align: justify;\">Le Stade Malherbe Caen est fier d\u2019annoncer l\u2019arriv\u00e9e de <strong>Loewe<\/strong> en tant que <strong>partenaire officiel<\/strong> pour la saison 2025\u20132026. Reconnue \u00e0 l\u2019international, cette soci\u00e9t\u00e9 allemande d\u00e9veloppe, con\u00e7oit et fabrique une large gamme de <strong>produits \u00e9lectroniques haut de gamme<\/strong>, avec un savoir-faire unique m\u00ealant design, technologie et innovation.<\/p>\n<p style=\"text-align: justify;\">Fond\u00e9e en <strong>1923<\/strong>, Loewe a marqu\u00e9 l\u2019histoire de l\u2019audiovisuel en <strong>r\u00e9volutionnant le monde de la t\u00e9l\u00e9vision d\u00e8s 1931<\/strong>. Aujourd\u2019hui pr\u00e9sente dans pr\u00e8s de <strong>50 pays<\/strong>, elle s\u2019impose comme une <strong>r\u00e9f\u00e9rence mondiale<\/strong> dans le secteur de l\u2019\u00e9lectronique haut de gamme.<\/p>\n<p style=\"text-align: justify;\">Pour cette premi\u00e8re saison aux c\u00f4t\u00e9s des Rouge et Bleu, <strong>le logo Loewe sera visible sur l\u2019\u00e9paule gauche des tenues du groupe professionnel<\/strong>, renfor\u00e7ant l\u2019\u00e9l\u00e9gance et la modernit\u00e9 des nouveaux maillots.<\/p>\n<p style=\"text-align: justify;\">Ce partenariat avec une marque aussi prestigieuse vient confirmer <strong>l\u2019attractivit\u00e9 croissante du club<\/strong> et sa volont\u00e9 de s\u2019associer \u00e0 des acteurs innovants et reconnus au-del\u00e0 des fronti\u00e8res.\u00a0<\/p>\n<p>Afficher le sous titre:\u00a0<\/p>\n<p>\n            Partager cet article sur :<\/p>\n","protected":false},"excerpt":{"rendered":"Partenaires le 17\/07\/2025 \u00e0 18:00 Le Stade Malherbe Caen est fier d\u2019annoncer l\u2019arriv\u00e9e de Loewe en tant que&hellip;\n","protected":false},"author":2,"featured_media":255481,"comment_status":"","ping_status":"","sticky":false,"template":"","format":"standard","meta":{"footnotes":""},"categories":[2],"tags":[11,13809,1011,27,13810,13808,12,25],"class_list":{"0":"post-255480","1":"post","2":"type-post","3":"status-publish","4":"format-standard","5":"has-post-thumbnail","7":"category-actualites","8":"tag-actualites","9":"tag-billet-smc","10":"tag-fr","11":"tag-france","12":"tag-informations-stade-malherbe-de-caen","13":"tag-infos-match","14":"tag-news","15":"tag-republique-francaise"},"share_on_mastodon":{"url":"https:\/\/pubeurope.com\/@fr\/114872258688361863","error":""},"_links":{"self":[{"href":"https:\/\/www.europesays.com\/fr\/wp-json\/wp\/v2\/posts\/255480","targetHints":{"allow":["GET"]}}],"collection":[{"href":"https:\/\/www.europesays.com\/fr\/wp-json\/wp\/v2\/posts"}],"about":[{"href":"https:\/\/www.europesays.com\/fr\/wp-json\/wp\/v2\/types\/post"}],"author":[{"embeddable":true,"href":"https:\/\/www.europesays.com\/fr\/wp-json\/wp\/v2\/users\/2"}],"replies":[{"embeddable":true,"href":"https:\/\/www.europesays.com\/fr\/wp-json\/wp\/v2\/comments?post=255480"}],"version-history":[{"count":0,"href":"https:\/\/www.europesays.com\/fr\/wp-json\/wp\/v2\/posts\/255480\/revisions"}],"wp:featuredmedia":[{"embeddable":true,"href":"https:\/\/www.europesays.com\/fr\/wp-json\/wp\/v2\/media\/255481"}],"wp:attachment":[{"href":"https:\/\/www.europesays.com\/fr\/wp-json\/wp\/v2\/media?parent=255480"}],"wp:term":[{"taxonomy":"category","embeddable":true,"href":"https:\/\/www.europesays.com\/fr\/wp-json\/wp\/v2\/categories?post=255480"},{"taxonomy":"post_tag","embeddable":true,"href":"https:\/\/www.europesays.com\/fr\/wp-json\/wp\/v2\/tags?post=255480"}],"curies":[{"name":"wp","href":"https:\/\/api.w.org\/{rel}","templated":true}]}}